{"id":13041,"date":"2019-01-14T19:52:26","date_gmt":"2019-01-14T18:52:26","guid":{"rendered":"https:\/\/pyrkon.pl\/?p=13041"},"modified":"2019-01-14T19:55:11","modified_gmt":"2019-01-14T18:55:11","slug":"its-time-for-the-highlight-of-the-day-were-launching-the-program-submission-form","status":"publish","type":"post","link":"https:\/\/pyrkon.pl\/en\/uncategorized\/its-time-for-the-highlight-of-the-day-were-launching-the-program-submission-form\/","title":{"rendered":"It\u2019s time for the highlight of the day! We\u2019re launching the program submission form!"},"content":{"rendered":"<p>Pyrkon is a-coming, Pyrkon is a-coming &#8211; that\u2019s the tune we could definitely be singing along to. Pyrkon is a little over 4 months away now and since it\u2019s imminently closing up on us, we gotta allow you guys to contribute to it as well. As of today, to quote every linguist ever, we\u2019re therefore launching the program event submission form!<\/p>\n<p>If you want to talk about how the great Napoleonic Wars got transferred into fantasy literature, point out the presence of elements of the Ethiopian culture in anime or demonstrate what funny cats on the Internet have to do with astrophysics &#8211; do not hesitate to submit a proposal! Become a Speaker at Pyrkon and share your knowledge and passion with the attentive (and often quite talkative) audience attending the Convention.<\/p>\n<p>Details can be found in a dedicated <a href=\"https:\/\/pyrkon.pl\/en\/program-faq\/\">FAQ section<\/a> and in the \u201c<a href=\"https:\/\/pyrkon.pl\/en\/submit-a-program-event\/\">Submit a program event<\/a>\u201d tab.<\/p>\n<p>&nbsp;<\/p>\n<p>Who\u2019s ready to become the highlight of our program? (Not to be mistaken with being hijacked).<\/p>\n","protected":false},"excerpt":{"rendered":"<p>Pyrkon is a-coming, Pyrkon is a-coming &#8211; that\u2019s the tune we could definitely be singing along to. Pyrkon is a little over 4 months away now and since it\u2019s imminently closing up on us, we gotta allow you guys to contribute to it as well. As of today, to quote every linguist ever, we\u2019re therefore [&hellip;]<\/p>\n","protected":false},"author":4,"featured_media":13115,"comment_status":"open","ping_status":"open","sticky":false,"template":"","format":"standard","meta":{"_acf_changed":false,"footnotes":""},"categories":[14,13],"tags":[56,57],"pyr_topics":[],"class_list":["post-13041","post","type-post","status-publish","format-standard","has-post-thumbnail","hentry","category-program-en","category-uncategorized","tag-program-en","tag-program-en-2"],"acf":[],"yoast_head":"<!-- This site is optimized with the Yoast SEO Premium plugin v25.9 (Yoast SEO v25.9) - https:\/\/yoast.com\/wordpress\/plugins\/seo\/ -->\n<title>It\u2019s time for the highlight of the day! We\u2019re launching the program submission form! &#8902; Pyrkon Fantastyczne Miejsce Spotka\u0144<\/title>\n<meta name=\"description\" content=\"As of today we\u2019re therefore launching the program event submission form! Become a Speaker at Pyrkon and share your knowledge and passion.\" \/>\n<meta name=\"robots\" content=\"index, follow, max-snippet:-1, max-image-preview:large, max-video-preview:-1\" \/>\n<link rel=\"canonical\" href=\"https:\/\/pyrkon.pl\/en\/uncategorized\/its-time-for-the-highlight-of-the-day-were-launching-the-program-submission-form\/\" \/>\n<meta property=\"og:locale\" content=\"en_US\" \/>\n<meta property=\"og:type\" content=\"article\" \/>\n<meta property=\"og:title\" content=\"It\u2019s time for the highlight of the day! We\u2019re launching the program submission form!\" \/>\n<meta property=\"og:description\" content=\"As of today we\u2019re therefore launching the program event submission form! Become a Speaker at Pyrkon and share your knowledge and passion.\" \/>\n<meta property=\"og:url\" content=\"https:\/\/pyrkon.pl\/en\/uncategorized\/its-time-for-the-highlight-of-the-day-were-launching-the-program-submission-form\/\" \/>\n<meta property=\"og:site_name\" content=\"Pyrkon Fantastyczne Miejsce Spotka\u0144\" \/>\n<meta property=\"article:publisher\" content=\"https:\/\/www.facebook.com\/Pyrkon\" \/>\n<meta property=\"article:published_time\" content=\"2019-01-14T18:52:26+00:00\" \/>\n<meta property=\"article:modified_time\" content=\"2019-01-14T18:55:11+00:00\" \/>\n<meta property=\"og:image\" content=\"https:\/\/pyrkon.pl\/wp-content\/uploads\/2019\/01\/p2019_formularz_programowy_EN_www.jpg\" \/>\n\t<meta property=\"og:image:width\" content=\"900\" \/>\n\t<meta property=\"og:image:height\" content=\"570\" \/>\n\t<meta property=\"og:image:type\" content=\"image\/jpeg\" \/>\n<meta name=\"author\" content=\"Joanna Dziedzic\" \/>\n<meta name=\"twitter:card\" content=\"summary_large_image\" \/>\n<meta name=\"twitter:creator\" content=\"@pyrkon\" \/>\n<meta name=\"twitter:site\" content=\"@pyrkon\" \/>\n<meta name=\"twitter:label1\" content=\"Written by\" \/>\n\t<meta name=\"twitter:data1\" content=\"Joanna Dziedzic\" \/>\n\t<meta name=\"twitter:label2\" content=\"Est. reading time\" \/>\n\t<meta name=\"twitter:data2\" content=\"1 minute\" \/>\n<script type=\"application\/ld+json\" class=\"yoast-schema-graph\">{\"@context\":\"https:\/\/schema.org\",\"@graph\":[{\"@type\":\"Article\",\"@id\":\"https:\/\/pyrkon.pl\/en\/uncategorized\/its-time-for-the-highlight-of-the-day-were-launching-the-program-submission-form\/#article\",\"isPartOf\":{\"@id\":\"https:\/\/pyrkon.pl\/en\/uncategorized\/its-time-for-the-highlight-of-the-day-were-launching-the-program-submission-form\/\"},\"author\":{\"name\":\"Joanna Dziedzic\",\"@id\":\"https:\/\/pyrkon.pl\/#\/schema\/person\/9452e0c3f9f8591ec6d12f4f6e2808e3\"},\"headline\":\"It\u2019s time for the highlight of the day! We\u2019re launching the program submission form!\",\"datePublished\":\"2019-01-14T18:52:26+00:00\",\"dateModified\":\"2019-01-14T18:55:11+00:00\",\"mainEntityOfPage\":{\"@id\":\"https:\/\/pyrkon.pl\/en\/uncategorized\/its-time-for-the-highlight-of-the-day-were-launching-the-program-submission-form\/\"},\"wordCount\":185,\"commentCount\":0,\"publisher\":{\"@id\":\"https:\/\/pyrkon.pl\/#organization\"},\"image\":{\"@id\":\"https:\/\/pyrkon.pl\/en\/uncategorized\/its-time-for-the-highlight-of-the-day-were-launching-the-program-submission-form\/#primaryimage\"},\"thumbnailUrl\":\"https:\/\/pyrkon.pl\/wp-content\/uploads\/2019\/01\/p2019_formularz_programowy_EN_www.jpg\",\"keywords\":[\"program\",\"program\"],\"articleSection\":[\"Program\"],\"inLanguage\":\"en-US\"},{\"@type\":\"WebPage\",\"@id\":\"https:\/\/pyrkon.pl\/en\/uncategorized\/its-time-for-the-highlight-of-the-day-were-launching-the-program-submission-form\/\",\"url\":\"https:\/\/pyrkon.pl\/en\/uncategorized\/its-time-for-the-highlight-of-the-day-were-launching-the-program-submission-form\/\",\"name\":\"It\u2019s time for the highlight of the day! We\u2019re launching the program submission form! &#8902; Pyrkon Fantastyczne Miejsce Spotka\u0144\",\"isPartOf\":{\"@id\":\"https:\/\/pyrkon.pl\/#website\"},\"primaryImageOfPage\":{\"@id\":\"https:\/\/pyrkon.pl\/en\/uncategorized\/its-time-for-the-highlight-of-the-day-were-launching-the-program-submission-form\/#primaryimage\"},\"image\":{\"@id\":\"https:\/\/pyrkon.pl\/en\/uncategorized\/its-time-for-the-highlight-of-the-day-were-launching-the-program-submission-form\/#primaryimage\"},\"thumbnailUrl\":\"https:\/\/pyrkon.pl\/wp-content\/uploads\/2019\/01\/p2019_formularz_programowy_EN_www.jpg\",\"datePublished\":\"2019-01-14T18:52:26+00:00\",\"dateModified\":\"2019-01-14T18:55:11+00:00\",\"description\":\"As of today we\u2019re therefore launching the program event submission form! Become a Speaker at Pyrkon and share your knowledge and passion.\",\"breadcrumb\":{\"@id\":\"https:\/\/pyrkon.pl\/en\/uncategorized\/its-time-for-the-highlight-of-the-day-were-launching-the-program-submission-form\/#breadcrumb\"},\"inLanguage\":\"en-US\",\"potentialAction\":[{\"@type\":\"ReadAction\",\"target\":[\"https:\/\/pyrkon.pl\/en\/uncategorized\/its-time-for-the-highlight-of-the-day-were-launching-the-program-submission-form\/\"]}]},{\"@type\":\"ImageObject\",\"inLanguage\":\"en-US\",\"@id\":\"https:\/\/pyrkon.pl\/en\/uncategorized\/its-time-for-the-highlight-of-the-day-were-launching-the-program-submission-form\/#primaryimage\",\"url\":\"https:\/\/pyrkon.pl\/wp-content\/uploads\/2019\/01\/p2019_formularz_programowy_EN_www.jpg\",\"contentUrl\":\"https:\/\/pyrkon.pl\/wp-content\/uploads\/2019\/01\/p2019_formularz_programowy_EN_www.jpg\",\"width\":900,\"height\":570},{\"@type\":\"BreadcrumbList\",\"@id\":\"https:\/\/pyrkon.pl\/en\/uncategorized\/its-time-for-the-highlight-of-the-day-were-launching-the-program-submission-form\/#breadcrumb\",\"itemListElement\":[{\"@type\":\"ListItem\",\"position\":1,\"name\":\"Strona g\u0142\u00f3wna\",\"item\":\"https:\/\/pyrkon.pl\/en\/\"},{\"@type\":\"ListItem\",\"position\":2,\"name\":\"Uncategorized\",\"item\":\"https:\/\/pyrkon.pl\/en\/category\/uncategorized\/\"},{\"@type\":\"ListItem\",\"position\":3,\"name\":\"It\u2019s time for the highlight of the day! We\u2019re launching the program submission form!\"}]},{\"@type\":\"WebSite\",\"@id\":\"https:\/\/pyrkon.pl\/#website\",\"url\":\"https:\/\/pyrkon.pl\/\",\"name\":\"Pyrkon Fantastyczne Miejsce Spotka\u0144\",\"description\":\"Festiwal Fantastyki\",\"publisher\":{\"@id\":\"https:\/\/pyrkon.pl\/#organization\"},\"potentialAction\":[{\"@type\":\"SearchAction\",\"target\":{\"@type\":\"EntryPoint\",\"urlTemplate\":\"https:\/\/pyrkon.pl\/?s={search_term_string}\"},\"query-input\":{\"@type\":\"PropertyValueSpecification\",\"valueRequired\":true,\"valueName\":\"search_term_string\"}}],\"inLanguage\":\"en-US\"},{\"@type\":\"Organization\",\"@id\":\"https:\/\/pyrkon.pl\/#organization\",\"name\":\"Pyrkon Fantastyczne Miejsce Spotka\u0144\",\"url\":\"https:\/\/pyrkon.pl\/\",\"logo\":{\"@type\":\"ImageObject\",\"inLanguage\":\"en-US\",\"@id\":\"https:\/\/pyrkon.pl\/#\/schema\/logo\/image\/\",\"url\":\"https:\/\/pyrkon.pl\/wp-content\/uploads\/2018\/02\/Festiwal_Fantastyki_Pyrkon_logo_Black_CMYK.jpg\",\"contentUrl\":\"https:\/\/pyrkon.pl\/wp-content\/uploads\/2018\/02\/Festiwal_Fantastyki_Pyrkon_logo_Black_CMYK.jpg\",\"width\":1300,\"height\":401,\"caption\":\"Pyrkon Fantastyczne Miejsce Spotka\u0144\"},\"image\":{\"@id\":\"https:\/\/pyrkon.pl\/#\/schema\/logo\/image\/\"},\"sameAs\":[\"https:\/\/www.facebook.com\/Pyrkon\",\"https:\/\/x.com\/pyrkon\",\"https:\/\/www.instagram.com\/pyrkon\/\",\"https:\/\/www.youtube.com\/user\/FestiwalPyrkon\"]},{\"@type\":\"Person\",\"@id\":\"https:\/\/pyrkon.pl\/#\/schema\/person\/9452e0c3f9f8591ec6d12f4f6e2808e3\",\"name\":\"Joanna Dziedzic\",\"image\":{\"@type\":\"ImageObject\",\"inLanguage\":\"en-US\",\"@id\":\"https:\/\/pyrkon.pl\/#\/schema\/person\/image\/\",\"url\":\"https:\/\/secure.gravatar.com\/avatar\/7325f469a5820f19492d1dcc4964b7f3cf5a62e17888a594f12747ad4c8bd81d?s=96&d=mm&r=g\",\"contentUrl\":\"https:\/\/secure.gravatar.com\/avatar\/7325f469a5820f19492d1dcc4964b7f3cf5a62e17888a594f12747ad4c8bd81d?s=96&d=mm&r=g\",\"caption\":\"Joanna Dziedzic\"},\"description\":\"Jako dziecko zagubi\u0142a si\u0119 w fantasy jak Alicja w Krainie Czar\u00f3w i niczym Obie\u017cy\u015bwiat postanowi\u0142a zwiedzi\u0107 wszystkie fantastyczne krainy. Kolekcjonuje ksi\u0105\u017cki jak Flash mandaty za pr\u0119dko\u015b\u0107. Optymistyczna jak K\u0142apouchy, energiczna jak Garfield z nut\u0105 gramatyki Yody. Nienawidzi zimna jak Anakin piasku, a paj\u0105ki kocha r\u00f3wnie mocno co Ron Wesley. \u017beby przeczyta\u0107 i obejrze\u0107 wszystko co jej si\u0119 marzy, musia\u0142aby \u017cy\u0107 tak d\u0142ugo, jak Legolas. Z tego powodu od wielu lat bezskutecznie pr\u00f3buje zosta\u0107 elfem. foto: Makove Love\",\"url\":\"https:\/\/pyrkon.pl\/en\/author\/joanna\/\"}]}<\/script>\n<!-- \/ Yoast SEO Premium plugin. -->","yoast_head_json":{"title":"It\u2019s time for the highlight of the day! We\u2019re launching the program submission form! &#8902; Pyrkon Fantastyczne Miejsce Spotka\u0144","description":"As of today we\u2019re therefore launching the program event submission form! Become a Speaker at Pyrkon and share your knowledge and passion.","robots":{"index":"index","follow":"follow","max-snippet":"max-snippet:-1","max-image-preview":"max-image-preview:large","max-video-preview":"max-video-preview:-1"},"canonical":"https:\/\/pyrkon.pl\/en\/uncategorized\/its-time-for-the-highlight-of-the-day-were-launching-the-program-submission-form\/","og_locale":"en_US","og_type":"article","og_title":"It\u2019s time for the highlight of the day! We\u2019re launching the program submission form!","og_description":"As of today we\u2019re therefore launching the program event submission form! Become a Speaker at Pyrkon and share your knowledge and passion.","og_url":"https:\/\/pyrkon.pl\/en\/uncategorized\/its-time-for-the-highlight-of-the-day-were-launching-the-program-submission-form\/","og_site_name":"Pyrkon Fantastyczne Miejsce Spotka\u0144","article_publisher":"https:\/\/www.facebook.com\/Pyrkon","article_published_time":"2019-01-14T18:52:26+00:00","article_modified_time":"2019-01-14T18:55:11+00:00","og_image":[{"width":900,"height":570,"url":"https:\/\/pyrkon.pl\/wp-content\/uploads\/2019\/01\/p2019_formularz_programowy_EN_www.jpg","type":"image\/jpeg"}],"author":"Joanna Dziedzic","twitter_card":"summary_large_image","twitter_creator":"@pyrkon","twitter_site":"@pyrkon","twitter_misc":{"Written by":"Joanna Dziedzic","Est. reading time":"1 minute"},"schema":{"@context":"https:\/\/schema.org","@graph":[{"@type":"Article","@id":"https:\/\/pyrkon.pl\/en\/uncategorized\/its-time-for-the-highlight-of-the-day-were-launching-the-program-submission-form\/#article","isPartOf":{"@id":"https:\/\/pyrkon.pl\/en\/uncategorized\/its-time-for-the-highlight-of-the-day-were-launching-the-program-submission-form\/"},"author":{"name":"Joanna Dziedzic","@id":"https:\/\/pyrkon.pl\/#\/schema\/person\/9452e0c3f9f8591ec6d12f4f6e2808e3"},"headline":"It\u2019s time for the highlight of the day! We\u2019re launching the program submission form!","datePublished":"2019-01-14T18:52:26+00:00","dateModified":"2019-01-14T18:55:11+00:00","mainEntityOfPage":{"@id":"https:\/\/pyrkon.pl\/en\/uncategorized\/its-time-for-the-highlight-of-the-day-were-launching-the-program-submission-form\/"},"wordCount":185,"commentCount":0,"publisher":{"@id":"https:\/\/pyrkon.pl\/#organization"},"image":{"@id":"https:\/\/pyrkon.pl\/en\/uncategorized\/its-time-for-the-highlight-of-the-day-were-launching-the-program-submission-form\/#primaryimage"},"thumbnailUrl":"https:\/\/pyrkon.pl\/wp-content\/uploads\/2019\/01\/p2019_formularz_programowy_EN_www.jpg","keywords":["program","program"],"articleSection":["Program"],"inLanguage":"en-US"},{"@type":"WebPage","@id":"https:\/\/pyrkon.pl\/en\/uncategorized\/its-time-for-the-highlight-of-the-day-were-launching-the-program-submission-form\/","url":"https:\/\/pyrkon.pl\/en\/uncategorized\/its-time-for-the-highlight-of-the-day-were-launching-the-program-submission-form\/","name":"It\u2019s time for the highlight of the day! We\u2019re launching the program submission form! &#8902; Pyrkon Fantastyczne Miejsce Spotka\u0144","isPartOf":{"@id":"https:\/\/pyrkon.pl\/#website"},"primaryImageOfPage":{"@id":"https:\/\/pyrkon.pl\/en\/uncategorized\/its-time-for-the-highlight-of-the-day-were-launching-the-program-submission-form\/#primaryimage"},"image":{"@id":"https:\/\/pyrkon.pl\/en\/uncategorized\/its-time-for-the-highlight-of-the-day-were-launching-the-program-submission-form\/#primaryimage"},"thumbnailUrl":"https:\/\/pyrkon.pl\/wp-content\/uploads\/2019\/01\/p2019_formularz_programowy_EN_www.jpg","datePublished":"2019-01-14T18:52:26+00:00","dateModified":"2019-01-14T18:55:11+00:00","description":"As of today we\u2019re therefore launching the program event submission form! Become a Speaker at Pyrkon and share your knowledge and passion.","breadcrumb":{"@id":"https:\/\/pyrkon.pl\/en\/uncategorized\/its-time-for-the-highlight-of-the-day-were-launching-the-program-submission-form\/#breadcrumb"},"inLanguage":"en-US","potentialAction":[{"@type":"ReadAction","target":["https:\/\/pyrkon.pl\/en\/uncategorized\/its-time-for-the-highlight-of-the-day-were-launching-the-program-submission-form\/"]}]},{"@type":"ImageObject","inLanguage":"en-US","@id":"https:\/\/pyrkon.pl\/en\/uncategorized\/its-time-for-the-highlight-of-the-day-were-launching-the-program-submission-form\/#primaryimage","url":"https:\/\/pyrkon.pl\/wp-content\/uploads\/2019\/01\/p2019_formularz_programowy_EN_www.jpg","contentUrl":"https:\/\/pyrkon.pl\/wp-content\/uploads\/2019\/01\/p2019_formularz_programowy_EN_www.jpg","width":900,"height":570},{"@type":"BreadcrumbList","@id":"https:\/\/pyrkon.pl\/en\/uncategorized\/its-time-for-the-highlight-of-the-day-were-launching-the-program-submission-form\/#breadcrumb","itemListElement":[{"@type":"ListItem","position":1,"name":"Strona g\u0142\u00f3wna","item":"https:\/\/pyrkon.pl\/en\/"},{"@type":"ListItem","position":2,"name":"Uncategorized","item":"https:\/\/pyrkon.pl\/en\/category\/uncategorized\/"},{"@type":"ListItem","position":3,"name":"It\u2019s time for the highlight of the day! We\u2019re launching the program submission form!"}]},{"@type":"WebSite","@id":"https:\/\/pyrkon.pl\/#website","url":"https:\/\/pyrkon.pl\/","name":"Pyrkon Fantastyczne Miejsce Spotka\u0144","description":"Festiwal Fantastyki","publisher":{"@id":"https:\/\/pyrkon.pl\/#organization"},"potentialAction":[{"@type":"SearchAction","target":{"@type":"EntryPoint","urlTemplate":"https:\/\/pyrkon.pl\/?s={search_term_string}"},"query-input":{"@type":"PropertyValueSpecification","valueRequired":true,"valueName":"search_term_string"}}],"inLanguage":"en-US"},{"@type":"Organization","@id":"https:\/\/pyrkon.pl\/#organization","name":"Pyrkon Fantastyczne Miejsce Spotka\u0144","url":"https:\/\/pyrkon.pl\/","logo":{"@type":"ImageObject","inLanguage":"en-US","@id":"https:\/\/pyrkon.pl\/#\/schema\/logo\/image\/","url":"https:\/\/pyrkon.pl\/wp-content\/uploads\/2018\/02\/Festiwal_Fantastyki_Pyrkon_logo_Black_CMYK.jpg","contentUrl":"https:\/\/pyrkon.pl\/wp-content\/uploads\/2018\/02\/Festiwal_Fantastyki_Pyrkon_logo_Black_CMYK.jpg","width":1300,"height":401,"caption":"Pyrkon Fantastyczne Miejsce Spotka\u0144"},"image":{"@id":"https:\/\/pyrkon.pl\/#\/schema\/logo\/image\/"},"sameAs":["https:\/\/www.facebook.com\/Pyrkon","https:\/\/x.com\/pyrkon","https:\/\/www.instagram.com\/pyrkon\/","https:\/\/www.youtube.com\/user\/FestiwalPyrkon"]},{"@type":"Person","@id":"https:\/\/pyrkon.pl\/#\/schema\/person\/9452e0c3f9f8591ec6d12f4f6e2808e3","name":"Joanna Dziedzic","image":{"@type":"ImageObject","inLanguage":"en-US","@id":"https:\/\/pyrkon.pl\/#\/schema\/person\/image\/","url":"https:\/\/secure.gravatar.com\/avatar\/7325f469a5820f19492d1dcc4964b7f3cf5a62e17888a594f12747ad4c8bd81d?s=96&d=mm&r=g","contentUrl":"https:\/\/secure.gravatar.com\/avatar\/7325f469a5820f19492d1dcc4964b7f3cf5a62e17888a594f12747ad4c8bd81d?s=96&d=mm&r=g","caption":"Joanna Dziedzic"},"description":"Jako dziecko zagubi\u0142a si\u0119 w fantasy jak Alicja w Krainie Czar\u00f3w i niczym Obie\u017cy\u015bwiat postanowi\u0142a zwiedzi\u0107 wszystkie fantastyczne krainy. Kolekcjonuje ksi\u0105\u017cki jak Flash mandaty za pr\u0119dko\u015b\u0107. Optymistyczna jak K\u0142apouchy, energiczna jak Garfield z nut\u0105 gramatyki Yody. Nienawidzi zimna jak Anakin piasku, a paj\u0105ki kocha r\u00f3wnie mocno co Ron Wesley. \u017beby przeczyta\u0107 i obejrze\u0107 wszystko co jej si\u0119 marzy, musia\u0142aby \u017cy\u0107 tak d\u0142ugo, jak Legolas. Z tego powodu od wielu lat bezskutecznie pr\u00f3buje zosta\u0107 elfem. foto: Makove Love","url":"https:\/\/pyrkon.pl\/en\/author\/joanna\/"}]}},"_links":{"self":[{"href":"https:\/\/pyrkon.pl\/en\/wp-json\/wp\/v2\/posts\/13041","targetHints":{"allow":["GET"]}}],"collection":[{"href":"https:\/\/pyrkon.pl\/en\/wp-json\/wp\/v2\/posts"}],"about":[{"href":"https:\/\/pyrkon.pl\/en\/wp-json\/wp\/v2\/types\/post"}],"author":[{"embeddable":true,"href":"https:\/\/pyrkon.pl\/en\/wp-json\/wp\/v2\/users\/4"}],"replies":[{"embeddable":true,"href":"https:\/\/pyrkon.pl\/en\/wp-json\/wp\/v2\/comments?post=13041"}],"version-history":[{"count":3,"href":"https:\/\/pyrkon.pl\/en\/wp-json\/wp\/v2\/posts\/13041\/revisions"}],"predecessor-version":[{"id":13060,"href":"https:\/\/pyrkon.pl\/en\/wp-json\/wp\/v2\/posts\/13041\/revisions\/13060"}],"wp:featuredmedia":[{"embeddable":true,"href":"https:\/\/pyrkon.pl\/en\/wp-json\/wp\/v2\/media\/13115"}],"wp:attachment":[{"href":"https:\/\/pyrkon.pl\/en\/wp-json\/wp\/v2\/media?parent=13041"}],"wp:term":[{"taxonomy":"category","embeddable":true,"href":"https:\/\/pyrkon.pl\/en\/wp-json\/wp\/v2\/categories?post=13041"},{"taxonomy":"post_tag","embeddable":true,"href":"https:\/\/pyrkon.pl\/en\/wp-json\/wp\/v2\/tags?post=13041"},{"taxonomy":"pyr_topics","embeddable":true,"href":"https:\/\/pyrkon.pl\/en\/wp-json\/wp\/v2\/pyr_topics?post=13041"}],"curies":[{"name":"wp","href":"https:\/\/api.w.org\/{rel}","templated":true}]}}