{"id":14443,"date":"2019-03-08T14:07:44","date_gmt":"2019-03-08T13:07:44","guid":{"rendered":"https:\/\/pyrkon.pl\/?p=14443"},"modified":"2019-03-08T14:07:44","modified_gmt":"2019-03-08T13:07:44","slug":"the-creators-of-miraculous-tales-of-ladybug-cat-noir-to-visit-the-movies-tv-series-section","status":"publish","type":"post","link":"https:\/\/pyrkon.pl\/en\/program-en\/the-creators-of-miraculous-tales-of-ladybug-cat-noir-to-visit-the-movies-tv-series-section\/","title":{"rendered":"The creators of \u201cMiraculous: Tales of Ladybug &#038; Cat Noir&#8221; to visit the Movies &#038; TV series Section!"},"content":{"rendered":"<p><strong>Pyrkon is in less than two months now. This, however, does not mean that we are done announcing our guests. This time it\u2019s two at a time &#8211; Thomas Astruc and Wilfried \u201cWinny\u201d Pain! Meetings with them will be held as part of the Movies &amp; TV series Section!<\/strong><!--more--><\/p>\n<p>Our guests will be coming to Pozna\u0144 from France. As part of their careers to date, they co-created many an animated series, and currently they are mainly working on the <i>Miraculous: Tales of Ladybug &amp; Cat Noir <\/i>series. We wish to remind you that these are not the only people working on the title, visiting this year\u2019s Pyrkon. At the Movies &amp; TV Series Section you will also have the chance to meet Marta Dobecka and Maksymilian Bogumi\u0142, who dub the Polish version of Thomas Astruc and Wilfried Pain\u2019s series.<\/p>\n<h2>From \u201cMission Cleopatra\u201d to world-famous animated series &#8211; Thomas Astruc and his path to fame.<\/h2>\n<p><img loading=\"lazy\" decoding=\"async\" class=\"alignleft size-medium wp-image-14425\" src=\"https:\/\/pyrkon.pl\/wp-content\/uploads\/2019\/03\/Thomas-Astruc-300x200.jpg\" alt=\"Thomas Astruc, Pyrkon 2019, Festiwal Fantastyki Pyrkon\" width=\"300\" height=\"200\" srcset=\"https:\/\/pyrkon.pl\/wp-content\/uploads\/2019\/03\/Thomas-Astruc-300x200.jpg 300w, https:\/\/pyrkon.pl\/wp-content\/uploads\/2019\/03\/Thomas-Astruc-768x512.jpg 768w, https:\/\/pyrkon.pl\/wp-content\/uploads\/2019\/03\/Thomas-Astruc-1330x886.jpg 1330w, https:\/\/pyrkon.pl\/wp-content\/uploads\/2019\/03\/Thomas-Astruc-30x20.jpg 30w\" sizes=\"auto, (max-width: 300px) 100vw, 300px\" \/>Thomas Astruc began his artistic career as a storyboarder on successful feature films (<em>Wasabi, Asterix &amp; Obelix: Mission Cleopatra) <\/em>and international animation TV shows (<em>Totally Spies<\/em>, <em>W.I.T.C.H.<\/em>). In 2007, he began directing animated TV series: <em>Mikido<\/em> and <em>Wakfu<\/em>.<\/p>\n<p>Since 2014, he is the creator and director of the animated TV series <em>Miraculous, tales of Ladybug and Cat Noir<\/em> co-produced by ZAG and ON kids &amp; family. A world-class animated series, Miraculous brings an active community of millions of fans around the world. Broadcast in more than 130 territories, the series fascinates young and old.<\/p>\n<p>The heroine he created illustrates and prefigures the phenomenon of &#8220;girl power&#8221;, and embodies his era to perfection. At the heart of a team of talented authors and co-directors, Thomas Astruc develops, writes and is currently directing seasons 3, 4 &amp; 5 of the show and is also involved in the development of the animated feature film <em>Miraculous<\/em> scheduled for 2021.<\/p>\n<h2>Wilfried Pain &#8211; the living proof of the fact that a love for cinema can get you a long way<\/h2>\n<p><img loading=\"lazy\" decoding=\"async\" class=\"size-medium wp-image-14433 alignright\" src=\"https:\/\/pyrkon.pl\/wp-content\/uploads\/2019\/03\/Wilfried-Pain-3-225x300.jpg\" alt=\"Wilfried Pain, Pyrkon 2019, Festiwal Fantastyki Pyrkon\" width=\"225\" height=\"300\" srcset=\"https:\/\/pyrkon.pl\/wp-content\/uploads\/2019\/03\/Wilfried-Pain-3-225x300.jpg 225w, https:\/\/pyrkon.pl\/wp-content\/uploads\/2019\/03\/Wilfried-Pain-3-768x1024.jpg 768w, https:\/\/pyrkon.pl\/wp-content\/uploads\/2019\/03\/Wilfried-Pain-3-975x1300.jpg 975w, https:\/\/pyrkon.pl\/wp-content\/uploads\/2019\/03\/Wilfried-Pain-3-23x30.jpg 23w\" sizes=\"auto, (max-width: 225px) 100vw, 225px\" \/>Born in 1979 in Paris, passionate since childhood by cinema, Wilfried Pain joined the famous Gobelins school and graduated in 2005.<\/p>\n<p>The Japanese cult series <em>Evangelion<\/em> represents a major source of inspiration, and pushes it towards rich and inspiring projects. He began his career at Method Animation in 2006 with Thomas Astruc on the <em>Mikido<\/em> TV series as a boarder and 1st assistant, then worked on <em>Wakfu<\/em> for Ankama from 2007 to 2013 where he co-directed the famous series.<\/p>\n<p>In 2013, he joined Thomas Astruc at ZAG and Method Animation, where he co-directed the world-famous award-winning series: <em>Miraculous, tales of Ladybug and Cat Noir<\/em>. He is currently working on the long-awaited seasons 3, 4 and 5 of the show.<\/p>\n","protected":false},"excerpt":{"rendered":"<p>Pyrkon is in less than two months now. This, however, does not mean that we are done announcing our guests. This time it\u2019s two at a time &#8211; Thomas Astruc and Wilfried \u201cWinny\u201d Pain! Meetings with them will be held as part of the Movies &amp; TV series Section!<\/p>\n","protected":false},"author":4,"featured_media":14438,"comment_status":"open","ping_status":"open","sticky":false,"template":"","format":"standard","meta":{"_acf_changed":false,"footnotes":""},"categories":[14],"tags":[59,57,948],"pyr_topics":[],"class_list":["post-14443","post","type-post","status-publish","format-standard","has-post-thumbnail","hentry","category-program-en","tag-guests","tag-program-en-2","tag-pyrkon-2019eng"],"acf":[],"yoast_head":"<!-- This site is optimized with the Yoast SEO Premium plugin v25.9 (Yoast SEO v25.9) - https:\/\/yoast.com\/wordpress\/plugins\/seo\/ -->\n<title>The creators of \u201cMiraculous: Tales of Ladybug &amp; Cat Noir&quot; to visit the Movies &amp; TV series Section! &#8902; Pyrkon Fantastyczne Miejsce Spotka\u0144<\/title>\n<meta name=\"description\" content=\"The Movies &amp; TV series section will be also visited by Thomas Astruc and Wilfried Pain - the creators of \u201cMiraculous: Tales of Ladybug &amp; Cat Noir&quot;!\" \/>\n<meta name=\"robots\" content=\"index, follow, max-snippet:-1, max-image-preview:large, max-video-preview:-1\" \/>\n<link rel=\"canonical\" href=\"https:\/\/pyrkon.pl\/en\/program-en\/the-creators-of-miraculous-tales-of-ladybug-cat-noir-to-visit-the-movies-tv-series-section\/\" \/>\n<meta property=\"og:locale\" content=\"en_US\" \/>\n<meta property=\"og:type\" content=\"article\" \/>\n<meta property=\"og:title\" content=\"The creators of \u201cMiraculous: Tales of Ladybug &amp; Cat Noir&quot; to visit the Movies &amp; TV series Section!\" \/>\n<meta property=\"og:description\" content=\"The Movies &amp; TV series section will be also visited by Thomas Astruc and Wilfried Pain - the creators of \u201cMiraculous: Tales of Ladybug &amp; Cat Noir&quot;!\" \/>\n<meta property=\"og:url\" content=\"https:\/\/pyrkon.pl\/en\/program-en\/the-creators-of-miraculous-tales-of-ladybug-cat-noir-to-visit-the-movies-tv-series-section\/\" \/>\n<meta property=\"og:site_name\" content=\"Pyrkon Fantastyczne Miejsce Spotka\u0144\" \/>\n<meta property=\"article:publisher\" content=\"https:\/\/www.facebook.com\/Pyrkon\" \/>\n<meta property=\"article:published_time\" content=\"2019-03-08T13:07:44+00:00\" \/>\n<meta property=\"og:image\" content=\"https:\/\/pyrkon.pl\/wp-content\/uploads\/2019\/03\/Thomas-Astruc-Wilfried-Pain-Pyrkon.jpg\" \/>\n\t<meta property=\"og:image:width\" content=\"1200\" \/>\n\t<meta property=\"og:image:height\" content=\"630\" \/>\n\t<meta property=\"og:image:type\" content=\"image\/jpeg\" \/>\n<meta name=\"author\" content=\"Joanna Dziedzic\" \/>\n<meta name=\"twitter:card\" content=\"summary_large_image\" \/>\n<meta name=\"twitter:creator\" content=\"@pyrkon\" \/>\n<meta name=\"twitter:site\" content=\"@pyrkon\" \/>\n<meta name=\"twitter:label1\" content=\"Written by\" \/>\n\t<meta name=\"twitter:data1\" content=\"Joanna Dziedzic\" \/>\n\t<meta name=\"twitter:label2\" content=\"Est. reading time\" \/>\n\t<meta name=\"twitter:data2\" content=\"2 minutes\" \/>\n<script type=\"application\/ld+json\" class=\"yoast-schema-graph\">{\"@context\":\"https:\/\/schema.org\",\"@graph\":[{\"@type\":\"Article\",\"@id\":\"https:\/\/pyrkon.pl\/en\/program-en\/the-creators-of-miraculous-tales-of-ladybug-cat-noir-to-visit-the-movies-tv-series-section\/#article\",\"isPartOf\":{\"@id\":\"https:\/\/pyrkon.pl\/en\/program-en\/the-creators-of-miraculous-tales-of-ladybug-cat-noir-to-visit-the-movies-tv-series-section\/\"},\"author\":{\"name\":\"Joanna Dziedzic\",\"@id\":\"https:\/\/pyrkon.pl\/#\/schema\/person\/9452e0c3f9f8591ec6d12f4f6e2808e3\"},\"headline\":\"The creators of \u201cMiraculous: Tales of Ladybug &#038; Cat Noir&#8221; to visit the Movies &#038; TV series Section!\",\"datePublished\":\"2019-03-08T13:07:44+00:00\",\"mainEntityOfPage\":{\"@id\":\"https:\/\/pyrkon.pl\/en\/program-en\/the-creators-of-miraculous-tales-of-ladybug-cat-noir-to-visit-the-movies-tv-series-section\/\"},\"wordCount\":455,\"commentCount\":0,\"publisher\":{\"@id\":\"https:\/\/pyrkon.pl\/#organization\"},\"image\":{\"@id\":\"https:\/\/pyrkon.pl\/en\/program-en\/the-creators-of-miraculous-tales-of-ladybug-cat-noir-to-visit-the-movies-tv-series-section\/#primaryimage\"},\"thumbnailUrl\":\"https:\/\/pyrkon.pl\/wp-content\/uploads\/2019\/03\/Thomas-Astruc-Wilfried-Pain.jpg\",\"keywords\":[\"guests\",\"program\",\"pyrkon 2019eng\"],\"articleSection\":[\"Program\"],\"inLanguage\":\"en-US\"},{\"@type\":\"WebPage\",\"@id\":\"https:\/\/pyrkon.pl\/en\/program-en\/the-creators-of-miraculous-tales-of-ladybug-cat-noir-to-visit-the-movies-tv-series-section\/\",\"url\":\"https:\/\/pyrkon.pl\/en\/program-en\/the-creators-of-miraculous-tales-of-ladybug-cat-noir-to-visit-the-movies-tv-series-section\/\",\"name\":\"The creators of \u201cMiraculous: Tales of Ladybug & Cat Noir\\\" to visit the Movies & TV series Section! &#8902; Pyrkon Fantastyczne Miejsce Spotka\u0144\",\"isPartOf\":{\"@id\":\"https:\/\/pyrkon.pl\/#website\"},\"primaryImageOfPage\":{\"@id\":\"https:\/\/pyrkon.pl\/en\/program-en\/the-creators-of-miraculous-tales-of-ladybug-cat-noir-to-visit-the-movies-tv-series-section\/#primaryimage\"},\"image\":{\"@id\":\"https:\/\/pyrkon.pl\/en\/program-en\/the-creators-of-miraculous-tales-of-ladybug-cat-noir-to-visit-the-movies-tv-series-section\/#primaryimage\"},\"thumbnailUrl\":\"https:\/\/pyrkon.pl\/wp-content\/uploads\/2019\/03\/Thomas-Astruc-Wilfried-Pain.jpg\",\"datePublished\":\"2019-03-08T13:07:44+00:00\",\"description\":\"The Movies & TV series section will be also visited by Thomas Astruc and Wilfried Pain - the creators of \u201cMiraculous: Tales of Ladybug & Cat Noir\\\"!\",\"breadcrumb\":{\"@id\":\"https:\/\/pyrkon.pl\/en\/program-en\/the-creators-of-miraculous-tales-of-ladybug-cat-noir-to-visit-the-movies-tv-series-section\/#breadcrumb\"},\"inLanguage\":\"en-US\",\"potentialAction\":[{\"@type\":\"ReadAction\",\"target\":[\"https:\/\/pyrkon.pl\/en\/program-en\/the-creators-of-miraculous-tales-of-ladybug-cat-noir-to-visit-the-movies-tv-series-section\/\"]}]},{\"@type\":\"ImageObject\",\"inLanguage\":\"en-US\",\"@id\":\"https:\/\/pyrkon.pl\/en\/program-en\/the-creators-of-miraculous-tales-of-ladybug-cat-noir-to-visit-the-movies-tv-series-section\/#primaryimage\",\"url\":\"https:\/\/pyrkon.pl\/wp-content\/uploads\/2019\/03\/Thomas-Astruc-Wilfried-Pain.jpg\",\"contentUrl\":\"https:\/\/pyrkon.pl\/wp-content\/uploads\/2019\/03\/Thomas-Astruc-Wilfried-Pain.jpg\",\"width\":800,\"height\":450,\"caption\":\"Thomas Astruc, Wilfried Pain, Pyrkon 2019, Festiwal Fantastyki Pyrkon\"},{\"@type\":\"BreadcrumbList\",\"@id\":\"https:\/\/pyrkon.pl\/en\/program-en\/the-creators-of-miraculous-tales-of-ladybug-cat-noir-to-visit-the-movies-tv-series-section\/#breadcrumb\",\"itemListElement\":[{\"@type\":\"ListItem\",\"position\":1,\"name\":\"Strona g\u0142\u00f3wna\",\"item\":\"https:\/\/pyrkon.pl\/en\/\"},{\"@type\":\"ListItem\",\"position\":2,\"name\":\"Program\",\"item\":\"https:\/\/pyrkon.pl\/en\/category\/program-en\/\"},{\"@type\":\"ListItem\",\"position\":3,\"name\":\"The creators of \u201cMiraculous: Tales of Ladybug &#038; Cat Noir&#8221; to visit the Movies &#038; TV series Section!\"}]},{\"@type\":\"WebSite\",\"@id\":\"https:\/\/pyrkon.pl\/#website\",\"url\":\"https:\/\/pyrkon.pl\/\",\"name\":\"Pyrkon Fantastyczne Miejsce Spotka\u0144\",\"description\":\"Festiwal Fantastyki\",\"publisher\":{\"@id\":\"https:\/\/pyrkon.pl\/#organization\"},\"potentialAction\":[{\"@type\":\"SearchAction\",\"target\":{\"@type\":\"EntryPoint\",\"urlTemplate\":\"https:\/\/pyrkon.pl\/?s={search_term_string}\"},\"query-input\":{\"@type\":\"PropertyValueSpecification\",\"valueRequired\":true,\"valueName\":\"search_term_string\"}}],\"inLanguage\":\"en-US\"},{\"@type\":\"Organization\",\"@id\":\"https:\/\/pyrkon.pl\/#organization\",\"name\":\"Pyrkon Fantastyczne Miejsce Spotka\u0144\",\"url\":\"https:\/\/pyrkon.pl\/\",\"logo\":{\"@type\":\"ImageObject\",\"inLanguage\":\"en-US\",\"@id\":\"https:\/\/pyrkon.pl\/#\/schema\/logo\/image\/\",\"url\":\"https:\/\/pyrkon.pl\/wp-content\/uploads\/2018\/02\/Festiwal_Fantastyki_Pyrkon_logo_Black_CMYK.jpg\",\"contentUrl\":\"https:\/\/pyrkon.pl\/wp-content\/uploads\/2018\/02\/Festiwal_Fantastyki_Pyrkon_logo_Black_CMYK.jpg\",\"width\":1300,\"height\":401,\"caption\":\"Pyrkon Fantastyczne Miejsce Spotka\u0144\"},\"image\":{\"@id\":\"https:\/\/pyrkon.pl\/#\/schema\/logo\/image\/\"},\"sameAs\":[\"https:\/\/www.facebook.com\/Pyrkon\",\"https:\/\/x.com\/pyrkon\",\"https:\/\/www.instagram.com\/pyrkon\/\",\"https:\/\/www.youtube.com\/user\/FestiwalPyrkon\"]},{\"@type\":\"Person\",\"@id\":\"https:\/\/pyrkon.pl\/#\/schema\/person\/9452e0c3f9f8591ec6d12f4f6e2808e3\",\"name\":\"Joanna Dziedzic\",\"image\":{\"@type\":\"ImageObject\",\"inLanguage\":\"en-US\",\"@id\":\"https:\/\/pyrkon.pl\/#\/schema\/person\/image\/\",\"url\":\"https:\/\/secure.gravatar.com\/avatar\/7325f469a5820f19492d1dcc4964b7f3cf5a62e17888a594f12747ad4c8bd81d?s=96&d=mm&r=g\",\"contentUrl\":\"https:\/\/secure.gravatar.com\/avatar\/7325f469a5820f19492d1dcc4964b7f3cf5a62e17888a594f12747ad4c8bd81d?s=96&d=mm&r=g\",\"caption\":\"Joanna Dziedzic\"},\"description\":\"Jako dziecko zagubi\u0142a si\u0119 w fantasy jak Alicja w Krainie Czar\u00f3w i niczym Obie\u017cy\u015bwiat postanowi\u0142a zwiedzi\u0107 wszystkie fantastyczne krainy. Kolekcjonuje ksi\u0105\u017cki jak Flash mandaty za pr\u0119dko\u015b\u0107. Optymistyczna jak K\u0142apouchy, energiczna jak Garfield z nut\u0105 gramatyki Yody. Nienawidzi zimna jak Anakin piasku, a paj\u0105ki kocha r\u00f3wnie mocno co Ron Wesley. \u017beby przeczyta\u0107 i obejrze\u0107 wszystko co jej si\u0119 marzy, musia\u0142aby \u017cy\u0107 tak d\u0142ugo, jak Legolas. Z tego powodu od wielu lat bezskutecznie pr\u00f3buje zosta\u0107 elfem. foto: Makove Love\",\"url\":\"https:\/\/pyrkon.pl\/en\/author\/joanna\/\"}]}<\/script>\n<!-- \/ Yoast SEO Premium plugin. -->","yoast_head_json":{"title":"The creators of \u201cMiraculous: Tales of Ladybug & Cat Noir\" to visit the Movies & TV series Section! &#8902; Pyrkon Fantastyczne Miejsce Spotka\u0144","description":"The Movies & TV series section will be also visited by Thomas Astruc and Wilfried Pain - the creators of \u201cMiraculous: Tales of Ladybug & Cat Noir\"!","robots":{"index":"index","follow":"follow","max-snippet":"max-snippet:-1","max-image-preview":"max-image-preview:large","max-video-preview":"max-video-preview:-1"},"canonical":"https:\/\/pyrkon.pl\/en\/program-en\/the-creators-of-miraculous-tales-of-ladybug-cat-noir-to-visit-the-movies-tv-series-section\/","og_locale":"en_US","og_type":"article","og_title":"The creators of \u201cMiraculous: Tales of Ladybug & Cat Noir\" to visit the Movies & TV series Section!","og_description":"The Movies & TV series section will be also visited by Thomas Astruc and Wilfried Pain - the creators of \u201cMiraculous: Tales of Ladybug & Cat Noir\"!","og_url":"https:\/\/pyrkon.pl\/en\/program-en\/the-creators-of-miraculous-tales-of-ladybug-cat-noir-to-visit-the-movies-tv-series-section\/","og_site_name":"Pyrkon Fantastyczne Miejsce Spotka\u0144","article_publisher":"https:\/\/www.facebook.com\/Pyrkon","article_published_time":"2019-03-08T13:07:44+00:00","og_image":[{"width":1200,"height":630,"url":"https:\/\/pyrkon.pl\/wp-content\/uploads\/2019\/03\/Thomas-Astruc-Wilfried-Pain-Pyrkon.jpg","type":"image\/jpeg"}],"author":"Joanna Dziedzic","twitter_card":"summary_large_image","twitter_creator":"@pyrkon","twitter_site":"@pyrkon","twitter_misc":{"Written by":"Joanna Dziedzic","Est. reading time":"2 minutes"},"schema":{"@context":"https:\/\/schema.org","@graph":[{"@type":"Article","@id":"https:\/\/pyrkon.pl\/en\/program-en\/the-creators-of-miraculous-tales-of-ladybug-cat-noir-to-visit-the-movies-tv-series-section\/#article","isPartOf":{"@id":"https:\/\/pyrkon.pl\/en\/program-en\/the-creators-of-miraculous-tales-of-ladybug-cat-noir-to-visit-the-movies-tv-series-section\/"},"author":{"name":"Joanna Dziedzic","@id":"https:\/\/pyrkon.pl\/#\/schema\/person\/9452e0c3f9f8591ec6d12f4f6e2808e3"},"headline":"The creators of \u201cMiraculous: Tales of Ladybug &#038; Cat Noir&#8221; to visit the Movies &#038; TV series Section!","datePublished":"2019-03-08T13:07:44+00:00","mainEntityOfPage":{"@id":"https:\/\/pyrkon.pl\/en\/program-en\/the-creators-of-miraculous-tales-of-ladybug-cat-noir-to-visit-the-movies-tv-series-section\/"},"wordCount":455,"commentCount":0,"publisher":{"@id":"https:\/\/pyrkon.pl\/#organization"},"image":{"@id":"https:\/\/pyrkon.pl\/en\/program-en\/the-creators-of-miraculous-tales-of-ladybug-cat-noir-to-visit-the-movies-tv-series-section\/#primaryimage"},"thumbnailUrl":"https:\/\/pyrkon.pl\/wp-content\/uploads\/2019\/03\/Thomas-Astruc-Wilfried-Pain.jpg","keywords":["guests","program","pyrkon 2019eng"],"articleSection":["Program"],"inLanguage":"en-US"},{"@type":"WebPage","@id":"https:\/\/pyrkon.pl\/en\/program-en\/the-creators-of-miraculous-tales-of-ladybug-cat-noir-to-visit-the-movies-tv-series-section\/","url":"https:\/\/pyrkon.pl\/en\/program-en\/the-creators-of-miraculous-tales-of-ladybug-cat-noir-to-visit-the-movies-tv-series-section\/","name":"The creators of \u201cMiraculous: Tales of Ladybug & Cat Noir\" to visit the Movies & TV series Section! &#8902; Pyrkon Fantastyczne Miejsce Spotka\u0144","isPartOf":{"@id":"https:\/\/pyrkon.pl\/#website"},"primaryImageOfPage":{"@id":"https:\/\/pyrkon.pl\/en\/program-en\/the-creators-of-miraculous-tales-of-ladybug-cat-noir-to-visit-the-movies-tv-series-section\/#primaryimage"},"image":{"@id":"https:\/\/pyrkon.pl\/en\/program-en\/the-creators-of-miraculous-tales-of-ladybug-cat-noir-to-visit-the-movies-tv-series-section\/#primaryimage"},"thumbnailUrl":"https:\/\/pyrkon.pl\/wp-content\/uploads\/2019\/03\/Thomas-Astruc-Wilfried-Pain.jpg","datePublished":"2019-03-08T13:07:44+00:00","description":"The Movies & TV series section will be also visited by Thomas Astruc and Wilfried Pain - the creators of \u201cMiraculous: Tales of Ladybug & Cat Noir\"!","breadcrumb":{"@id":"https:\/\/pyrkon.pl\/en\/program-en\/the-creators-of-miraculous-tales-of-ladybug-cat-noir-to-visit-the-movies-tv-series-section\/#breadcrumb"},"inLanguage":"en-US","potentialAction":[{"@type":"ReadAction","target":["https:\/\/pyrkon.pl\/en\/program-en\/the-creators-of-miraculous-tales-of-ladybug-cat-noir-to-visit-the-movies-tv-series-section\/"]}]},{"@type":"ImageObject","inLanguage":"en-US","@id":"https:\/\/pyrkon.pl\/en\/program-en\/the-creators-of-miraculous-tales-of-ladybug-cat-noir-to-visit-the-movies-tv-series-section\/#primaryimage","url":"https:\/\/pyrkon.pl\/wp-content\/uploads\/2019\/03\/Thomas-Astruc-Wilfried-Pain.jpg","contentUrl":"https:\/\/pyrkon.pl\/wp-content\/uploads\/2019\/03\/Thomas-Astruc-Wilfried-Pain.jpg","width":800,"height":450,"caption":"Thomas Astruc, Wilfried Pain, Pyrkon 2019, Festiwal Fantastyki Pyrkon"},{"@type":"BreadcrumbList","@id":"https:\/\/pyrkon.pl\/en\/program-en\/the-creators-of-miraculous-tales-of-ladybug-cat-noir-to-visit-the-movies-tv-series-section\/#breadcrumb","itemListElement":[{"@type":"ListItem","position":1,"name":"Strona g\u0142\u00f3wna","item":"https:\/\/pyrkon.pl\/en\/"},{"@type":"ListItem","position":2,"name":"Program","item":"https:\/\/pyrkon.pl\/en\/category\/program-en\/"},{"@type":"ListItem","position":3,"name":"The creators of \u201cMiraculous: Tales of Ladybug &#038; Cat Noir&#8221; to visit the Movies &#038; TV series Section!"}]},{"@type":"WebSite","@id":"https:\/\/pyrkon.pl\/#website","url":"https:\/\/pyrkon.pl\/","name":"Pyrkon Fantastyczne Miejsce Spotka\u0144","description":"Festiwal Fantastyki","publisher":{"@id":"https:\/\/pyrkon.pl\/#organization"},"potentialAction":[{"@type":"SearchAction","target":{"@type":"EntryPoint","urlTemplate":"https:\/\/pyrkon.pl\/?s={search_term_string}"},"query-input":{"@type":"PropertyValueSpecification","valueRequired":true,"valueName":"search_term_string"}}],"inLanguage":"en-US"},{"@type":"Organization","@id":"https:\/\/pyrkon.pl\/#organization","name":"Pyrkon Fantastyczne Miejsce Spotka\u0144","url":"https:\/\/pyrkon.pl\/","logo":{"@type":"ImageObject","inLanguage":"en-US","@id":"https:\/\/pyrkon.pl\/#\/schema\/logo\/image\/","url":"https:\/\/pyrkon.pl\/wp-content\/uploads\/2018\/02\/Festiwal_Fantastyki_Pyrkon_logo_Black_CMYK.jpg","contentUrl":"https:\/\/pyrkon.pl\/wp-content\/uploads\/2018\/02\/Festiwal_Fantastyki_Pyrkon_logo_Black_CMYK.jpg","width":1300,"height":401,"caption":"Pyrkon Fantastyczne Miejsce Spotka\u0144"},"image":{"@id":"https:\/\/pyrkon.pl\/#\/schema\/logo\/image\/"},"sameAs":["https:\/\/www.facebook.com\/Pyrkon","https:\/\/x.com\/pyrkon","https:\/\/www.instagram.com\/pyrkon\/","https:\/\/www.youtube.com\/user\/FestiwalPyrkon"]},{"@type":"Person","@id":"https:\/\/pyrkon.pl\/#\/schema\/person\/9452e0c3f9f8591ec6d12f4f6e2808e3","name":"Joanna Dziedzic","image":{"@type":"ImageObject","inLanguage":"en-US","@id":"https:\/\/pyrkon.pl\/#\/schema\/person\/image\/","url":"https:\/\/secure.gravatar.com\/avatar\/7325f469a5820f19492d1dcc4964b7f3cf5a62e17888a594f12747ad4c8bd81d?s=96&d=mm&r=g","contentUrl":"https:\/\/secure.gravatar.com\/avatar\/7325f469a5820f19492d1dcc4964b7f3cf5a62e17888a594f12747ad4c8bd81d?s=96&d=mm&r=g","caption":"Joanna Dziedzic"},"description":"Jako dziecko zagubi\u0142a si\u0119 w fantasy jak Alicja w Krainie Czar\u00f3w i niczym Obie\u017cy\u015bwiat postanowi\u0142a zwiedzi\u0107 wszystkie fantastyczne krainy. Kolekcjonuje ksi\u0105\u017cki jak Flash mandaty za pr\u0119dko\u015b\u0107. Optymistyczna jak K\u0142apouchy, energiczna jak Garfield z nut\u0105 gramatyki Yody. Nienawidzi zimna jak Anakin piasku, a paj\u0105ki kocha r\u00f3wnie mocno co Ron Wesley. \u017beby przeczyta\u0107 i obejrze\u0107 wszystko co jej si\u0119 marzy, musia\u0142aby \u017cy\u0107 tak d\u0142ugo, jak Legolas. Z tego powodu od wielu lat bezskutecznie pr\u00f3buje zosta\u0107 elfem. foto: Makove Love","url":"https:\/\/pyrkon.pl\/en\/author\/joanna\/"}]}},"_links":{"self":[{"href":"https:\/\/pyrkon.pl\/en\/wp-json\/wp\/v2\/posts\/14443","targetHints":{"allow":["GET"]}}],"collection":[{"href":"https:\/\/pyrkon.pl\/en\/wp-json\/wp\/v2\/posts"}],"about":[{"href":"https:\/\/pyrkon.pl\/en\/wp-json\/wp\/v2\/types\/post"}],"author":[{"embeddable":true,"href":"https:\/\/pyrkon.pl\/en\/wp-json\/wp\/v2\/users\/4"}],"replies":[{"embeddable":true,"href":"https:\/\/pyrkon.pl\/en\/wp-json\/wp\/v2\/comments?post=14443"}],"version-history":[{"count":1,"href":"https:\/\/pyrkon.pl\/en\/wp-json\/wp\/v2\/posts\/14443\/revisions"}],"predecessor-version":[{"id":14444,"href":"https:\/\/pyrkon.pl\/en\/wp-json\/wp\/v2\/posts\/14443\/revisions\/14444"}],"wp:featuredmedia":[{"embeddable":true,"href":"https:\/\/pyrkon.pl\/en\/wp-json\/wp\/v2\/media\/14438"}],"wp:attachment":[{"href":"https:\/\/pyrkon.pl\/en\/wp-json\/wp\/v2\/media?parent=14443"}],"wp:term":[{"taxonomy":"category","embeddable":true,"href":"https:\/\/pyrkon.pl\/en\/wp-json\/wp\/v2\/categories?post=14443"},{"taxonomy":"post_tag","embeddable":true,"href":"https:\/\/pyrkon.pl\/en\/wp-json\/wp\/v2\/tags?post=14443"},{"taxonomy":"pyr_topics","embeddable":true,"href":"https:\/\/pyrkon.pl\/en\/wp-json\/wp\/v2\/pyr_topics?post=14443"}],"curies":[{"name":"wp","href":"https:\/\/api.w.org\/{rel}","templated":true}]}}