{"id":16528,"date":"2019-10-11T14:21:04","date_gmt":"2019-10-11T14:21:04","guid":{"rendered":"https:\/\/pyrkon.pl\/?p=16528"},"modified":"2019-10-11T14:21:04","modified_gmt":"2019-10-11T14:21:04","slug":"trudi-canavan-guest-starring-at-pyrkon-2020","status":"publish","type":"post","link":"https:\/\/pyrkon.pl\/en\/program-en\/trudi-canavan-guest-starring-at-pyrkon-2020\/","title":{"rendered":"Trudi Canavan guest starring at Pyrkon 2020!"},"content":{"rendered":"<p><strong>The literature section wastes no time. Quite the contrary! The guest announcement starts out with a bang, with the introduction of a world-renowed author. We are pleased to announce that Trudi Canavan will be the guest of the jubilee edition of Pyrkon!<\/strong><\/p>\n<p><!--more--><\/p>\n<h2>Trudi Canavan needs no introduction<\/h2>\n<div id=\"attachment_16524\" style=\"width: 210px\" class=\"wp-caption alignleft\"><img loading=\"lazy\" decoding=\"async\" aria-describedby=\"caption-attachment-16524\" class=\"wp-image-16524 size-medium\" src=\"https:\/\/pyrkon.pl\/wp-content\/uploads\/2019\/10\/Trudi-Canavan-200x300.jpg\" alt=\"\" width=\"200\" height=\"300\" srcset=\"https:\/\/pyrkon.pl\/wp-content\/uploads\/2019\/10\/Trudi-Canavan-200x300.jpg 200w, https:\/\/pyrkon.pl\/wp-content\/uploads\/2019\/10\/Trudi-Canavan-768x1152.jpg 768w, https:\/\/pyrkon.pl\/wp-content\/uploads\/2019\/10\/Trudi-Canavan-20x30.jpg 20w, https:\/\/pyrkon.pl\/wp-content\/uploads\/2019\/10\/Trudi-Canavan.jpg 800w\" sizes=\"auto, (max-width: 200px) 100vw, 200px\" \/><p id=\"caption-attachment-16524\" class=\"wp-caption-text\">Source: wikipedia.org<\/p><\/div>\n<p>Australian illustrator, designer and &#8211; most importantly &#8211; writer. She debuted in 1999 with the story &#8220;Whispers of the Mist Children&#8221;, which was awarded the Aurealis Award for the best fantasy story. Just two years later &#8220;The Magicians&#8217; Guild&#8221; was unveiled to the world, which is the first volume of &#8220;The Black Magician&#8221; trilogy, the last part of which was published in 2003. These stories have achieved international success, as evidenced by the fact that the rights to the translations have already been sold to several countries!<\/p>\n<p>Trudi Canavan also created the &#8220;Age of Five&#8221; trilogy, the series &#8220;Millennium\u2019s Rule Trilogy&#8221; and the continuation of the story started in her debut series &#8211; &#8220;The Traitor Spy Trilogy &#8220;, where the main character is the son of Sonea and Akkarin.<\/p>\n<p>This is the author&#8217;s fourth visit to Poland, but her first at Pyrkon. Will you give her a warm welcome?<\/p>\n","protected":false},"excerpt":{"rendered":"<p>The literature section wastes no time. Quite the contrary! The guest announcement starts out with a bang, with the introduction of a world-renowed author. We are pleased to announce that Trudi Canavan will be the guest of the jubilee edition of Pyrkon!<\/p>\n","protected":false},"author":2763,"featured_media":16530,"comment_status":"closed","ping_status":"closed","sticky":false,"template":"","format":"standard","meta":{"_acf_changed":false,"footnotes":""},"categories":[14],"tags":[57,4601],"pyr_topics":[],"class_list":["post-16528","post","type-post","status-publish","format-standard","has-post-thumbnail","hentry","category-program-en","tag-program-en-2","tag-pyrkon-2020-en"],"acf":[],"yoast_head":"<!-- This site is optimized with the Yoast SEO Premium plugin v25.9 (Yoast SEO v25.9) - https:\/\/yoast.com\/wordpress\/plugins\/seo\/ -->\n<title>Trudi Canavan guest starring at Pyrkon 2020! &#8902; Pyrkon Fantastyczne Miejsce Spotka\u0144<\/title>\n<meta name=\"description\" content=\"The literature section wastes no time. Quite the contrary! The guest announcement starts out with a bang, with the introduction of a world-renowed author. We are pleased to announce that Trudi Canavan will be the guest of the jubilee edition of Pyrkon!\" \/>\n<meta name=\"robots\" content=\"index, follow, max-snippet:-1, max-image-preview:large, max-video-preview:-1\" \/>\n<link rel=\"canonical\" href=\"https:\/\/pyrkon.pl\/en\/program-en\/trudi-canavan-guest-starring-at-pyrkon-2020\/\" \/>\n<meta property=\"og:locale\" content=\"en_US\" \/>\n<meta property=\"og:type\" content=\"article\" \/>\n<meta property=\"og:title\" content=\"Trudi Canavan guest starring at Pyrkon 2020!\" \/>\n<meta property=\"og:description\" content=\"The literature section wastes no time. Quite the contrary! The guest announcement starts out with a bang, with the introduction of a world-renowed author. We are pleased to announce that Trudi Canavan will be the guest of the jubilee edition of Pyrkon!\" \/>\n<meta property=\"og:url\" content=\"https:\/\/pyrkon.pl\/en\/program-en\/trudi-canavan-guest-starring-at-pyrkon-2020\/\" \/>\n<meta property=\"og:site_name\" content=\"Pyrkon Fantastyczne Miejsce Spotka\u0144\" \/>\n<meta property=\"article:publisher\" content=\"https:\/\/www.facebook.com\/Pyrkon\" \/>\n<meta property=\"article:published_time\" content=\"2019-10-11T14:21:04+00:00\" \/>\n<meta property=\"og:image\" content=\"https:\/\/pyrkon.pl\/wp-content\/uploads\/2019\/10\/Trudi-Canavan-yoast.jpg\" \/>\n\t<meta property=\"og:image:width\" content=\"1200\" \/>\n\t<meta property=\"og:image:height\" content=\"630\" \/>\n\t<meta property=\"og:image:type\" content=\"image\/jpeg\" \/>\n<meta name=\"author\" content=\"Idris\" \/>\n<meta name=\"twitter:card\" content=\"summary_large_image\" \/>\n<meta name=\"twitter:description\" content=\"The literature section wastes no time. Quite the contrary! The guest announcement starts out with a bang, with the introduction of a world-renowed author. We are pleased to announce that Trudi Canavan will be the guest of the jubilee edition of Pyrkon!\" \/>\n<meta name=\"twitter:creator\" content=\"@pyrkon\" \/>\n<meta name=\"twitter:site\" content=\"@pyrkon\" \/>\n<meta name=\"twitter:label1\" content=\"Written by\" \/>\n\t<meta name=\"twitter:data1\" content=\"Idris\" \/>\n\t<meta name=\"twitter:label2\" content=\"Est. reading time\" \/>\n\t<meta name=\"twitter:data2\" content=\"1 minute\" \/>\n<script type=\"application\/ld+json\" class=\"yoast-schema-graph\">{\"@context\":\"https:\/\/schema.org\",\"@graph\":[{\"@type\":\"Article\",\"@id\":\"https:\/\/pyrkon.pl\/en\/program-en\/trudi-canavan-guest-starring-at-pyrkon-2020\/#article\",\"isPartOf\":{\"@id\":\"https:\/\/pyrkon.pl\/en\/program-en\/trudi-canavan-guest-starring-at-pyrkon-2020\/\"},\"author\":{\"name\":\"Idris\",\"@id\":\"https:\/\/pyrkon.pl\/#\/schema\/person\/8c9d5829fd1a79ecabecad081cc5fb27\"},\"headline\":\"Trudi Canavan guest starring at Pyrkon 2020!\",\"datePublished\":\"2019-10-11T14:21:04+00:00\",\"mainEntityOfPage\":{\"@id\":\"https:\/\/pyrkon.pl\/en\/program-en\/trudi-canavan-guest-starring-at-pyrkon-2020\/\"},\"wordCount\":211,\"publisher\":{\"@id\":\"https:\/\/pyrkon.pl\/#organization\"},\"image\":{\"@id\":\"https:\/\/pyrkon.pl\/en\/program-en\/trudi-canavan-guest-starring-at-pyrkon-2020\/#primaryimage\"},\"thumbnailUrl\":\"https:\/\/pyrkon.pl\/wp-content\/uploads\/2019\/10\/Trudi-Canavan-news.jpg\",\"keywords\":[\"program\",\"Pyrkon 2020\"],\"articleSection\":[\"Program\"],\"inLanguage\":\"en-US\"},{\"@type\":\"WebPage\",\"@id\":\"https:\/\/pyrkon.pl\/en\/program-en\/trudi-canavan-guest-starring-at-pyrkon-2020\/\",\"url\":\"https:\/\/pyrkon.pl\/en\/program-en\/trudi-canavan-guest-starring-at-pyrkon-2020\/\",\"name\":\"Trudi Canavan guest starring at Pyrkon 2020! &#8902; Pyrkon Fantastyczne Miejsce Spotka\u0144\",\"isPartOf\":{\"@id\":\"https:\/\/pyrkon.pl\/#website\"},\"primaryImageOfPage\":{\"@id\":\"https:\/\/pyrkon.pl\/en\/program-en\/trudi-canavan-guest-starring-at-pyrkon-2020\/#primaryimage\"},\"image\":{\"@id\":\"https:\/\/pyrkon.pl\/en\/program-en\/trudi-canavan-guest-starring-at-pyrkon-2020\/#primaryimage\"},\"thumbnailUrl\":\"https:\/\/pyrkon.pl\/wp-content\/uploads\/2019\/10\/Trudi-Canavan-news.jpg\",\"datePublished\":\"2019-10-11T14:21:04+00:00\",\"description\":\"The literature section wastes no time. Quite the contrary! The guest announcement starts out with a bang, with the introduction of a world-renowed author. We are pleased to announce that Trudi Canavan will be the guest of the jubilee edition of Pyrkon!\",\"breadcrumb\":{\"@id\":\"https:\/\/pyrkon.pl\/en\/program-en\/trudi-canavan-guest-starring-at-pyrkon-2020\/#breadcrumb\"},\"inLanguage\":\"en-US\",\"potentialAction\":[{\"@type\":\"ReadAction\",\"target\":[\"https:\/\/pyrkon.pl\/en\/program-en\/trudi-canavan-guest-starring-at-pyrkon-2020\/\"]}]},{\"@type\":\"ImageObject\",\"inLanguage\":\"en-US\",\"@id\":\"https:\/\/pyrkon.pl\/en\/program-en\/trudi-canavan-guest-starring-at-pyrkon-2020\/#primaryimage\",\"url\":\"https:\/\/pyrkon.pl\/wp-content\/uploads\/2019\/10\/Trudi-Canavan-news.jpg\",\"contentUrl\":\"https:\/\/pyrkon.pl\/wp-content\/uploads\/2019\/10\/Trudi-Canavan-news.jpg\",\"width\":900,\"height\":570,\"caption\":\"Trudi Canavan at the signing table for Perth Supanova, June 2013.\"},{\"@type\":\"BreadcrumbList\",\"@id\":\"https:\/\/pyrkon.pl\/en\/program-en\/trudi-canavan-guest-starring-at-pyrkon-2020\/#breadcrumb\",\"itemListElement\":[{\"@type\":\"ListItem\",\"position\":1,\"name\":\"Strona g\u0142\u00f3wna\",\"item\":\"https:\/\/pyrkon.pl\/en\/\"},{\"@type\":\"ListItem\",\"position\":2,\"name\":\"Program\",\"item\":\"https:\/\/pyrkon.pl\/category\/program\/\"},{\"@type\":\"ListItem\",\"position\":3,\"name\":\"Trudi Canavan guest starring at Pyrkon 2020!\"}]},{\"@type\":\"WebSite\",\"@id\":\"https:\/\/pyrkon.pl\/#website\",\"url\":\"https:\/\/pyrkon.pl\/\",\"name\":\"Pyrkon Fantastyczne Miejsce Spotka\u0144\",\"description\":\"Festiwal Fantastyki\",\"publisher\":{\"@id\":\"https:\/\/pyrkon.pl\/#organization\"},\"potentialAction\":[{\"@type\":\"SearchAction\",\"target\":{\"@type\":\"EntryPoint\",\"urlTemplate\":\"https:\/\/pyrkon.pl\/?s={search_term_string}\"},\"query-input\":{\"@type\":\"PropertyValueSpecification\",\"valueRequired\":true,\"valueName\":\"search_term_string\"}}],\"inLanguage\":\"en-US\"},{\"@type\":\"Organization\",\"@id\":\"https:\/\/pyrkon.pl\/#organization\",\"name\":\"Pyrkon Fantastyczne Miejsce Spotka\u0144\",\"url\":\"https:\/\/pyrkon.pl\/\",\"logo\":{\"@type\":\"ImageObject\",\"inLanguage\":\"en-US\",\"@id\":\"https:\/\/pyrkon.pl\/#\/schema\/logo\/image\/\",\"url\":\"https:\/\/pyrkon.pl\/wp-content\/uploads\/2018\/02\/Festiwal_Fantastyki_Pyrkon_logo_Black_CMYK.jpg\",\"contentUrl\":\"https:\/\/pyrkon.pl\/wp-content\/uploads\/2018\/02\/Festiwal_Fantastyki_Pyrkon_logo_Black_CMYK.jpg\",\"width\":1300,\"height\":401,\"caption\":\"Pyrkon Fantastyczne Miejsce Spotka\u0144\"},\"image\":{\"@id\":\"https:\/\/pyrkon.pl\/#\/schema\/logo\/image\/\"},\"sameAs\":[\"https:\/\/www.facebook.com\/Pyrkon\",\"https:\/\/x.com\/pyrkon\",\"https:\/\/www.instagram.com\/pyrkon\/\",\"https:\/\/www.youtube.com\/user\/FestiwalPyrkon\"]},{\"@type\":\"Person\",\"@id\":\"https:\/\/pyrkon.pl\/#\/schema\/person\/8c9d5829fd1a79ecabecad081cc5fb27\",\"name\":\"Idris\",\"image\":{\"@type\":\"ImageObject\",\"inLanguage\":\"en-US\",\"@id\":\"https:\/\/pyrkon.pl\/#\/schema\/person\/image\/\",\"url\":\"https:\/\/secure.gravatar.com\/avatar\/08e16a51ce17aea6d1317d4dca44a8987c300f02a19c9eb885a9d60500f528e7?s=96&d=mm&r=g\",\"contentUrl\":\"https:\/\/secure.gravatar.com\/avatar\/08e16a51ce17aea6d1317d4dca44a8987c300f02a19c9eb885a9d60500f528e7?s=96&d=mm&r=g\",\"caption\":\"Idris\"},\"description\":\"Nie sypia, bo sen uwa\u017ca za luksusowy zamiennik kawy dla ludzi, kt\u00f3rzy maj\u0105 nadmiar wolnego czasu. Z zapa\u0142em alchemika przetwarza hektolitry kofeiny w literki. Absolwentka psychokryminalistyki i psychologii, z zajawk\u0105 w stron\u0119 marketingu i popkultury. Relaks uskutecznia przy podcastach true crime, puzzlach i ksi\u0105\u017cce (niekoniecznie dobrej). Trenuje boks i z zaanga\u017cowaniem godnym lepszej sprawy przerzuca ci\u0119\u017ckie kr\u0105\u017cki na si\u0142owni. Doros\u0142o\u015b\u0107 traktuje podejrzliwie, ale czekoladzie ufa bezgranicznie - ona po prostu rozumie. Lubi rodzynki w serniczku i cynamon w jab\u0142eczniku.\",\"url\":\"https:\/\/pyrkon.pl\/en\/author\/idris\/\"}]}<\/script>\n<!-- \/ Yoast SEO Premium plugin. -->","yoast_head_json":{"title":"Trudi Canavan guest starring at Pyrkon 2020! &#8902; Pyrkon Fantastyczne Miejsce Spotka\u0144","description":"The literature section wastes no time. Quite the contrary! The guest announcement starts out with a bang, with the introduction of a world-renowed author. We are pleased to announce that Trudi Canavan will be the guest of the jubilee edition of Pyrkon!","robots":{"index":"index","follow":"follow","max-snippet":"max-snippet:-1","max-image-preview":"max-image-preview:large","max-video-preview":"max-video-preview:-1"},"canonical":"https:\/\/pyrkon.pl\/en\/program-en\/trudi-canavan-guest-starring-at-pyrkon-2020\/","og_locale":"en_US","og_type":"article","og_title":"Trudi Canavan guest starring at Pyrkon 2020!","og_description":"The literature section wastes no time. Quite the contrary! The guest announcement starts out with a bang, with the introduction of a world-renowed author. We are pleased to announce that Trudi Canavan will be the guest of the jubilee edition of Pyrkon!","og_url":"https:\/\/pyrkon.pl\/en\/program-en\/trudi-canavan-guest-starring-at-pyrkon-2020\/","og_site_name":"Pyrkon Fantastyczne Miejsce Spotka\u0144","article_publisher":"https:\/\/www.facebook.com\/Pyrkon","article_published_time":"2019-10-11T14:21:04+00:00","og_image":[{"width":1200,"height":630,"url":"https:\/\/pyrkon.pl\/wp-content\/uploads\/2019\/10\/Trudi-Canavan-yoast.jpg","type":"image\/jpeg"}],"author":"Idris","twitter_card":"summary_large_image","twitter_description":"The literature section wastes no time. Quite the contrary! The guest announcement starts out with a bang, with the introduction of a world-renowed author. We are pleased to announce that Trudi Canavan will be the guest of the jubilee edition of Pyrkon!","twitter_creator":"@pyrkon","twitter_site":"@pyrkon","twitter_misc":{"Written by":"Idris","Est. reading time":"1 minute"},"schema":{"@context":"https:\/\/schema.org","@graph":[{"@type":"Article","@id":"https:\/\/pyrkon.pl\/en\/program-en\/trudi-canavan-guest-starring-at-pyrkon-2020\/#article","isPartOf":{"@id":"https:\/\/pyrkon.pl\/en\/program-en\/trudi-canavan-guest-starring-at-pyrkon-2020\/"},"author":{"name":"Idris","@id":"https:\/\/pyrkon.pl\/#\/schema\/person\/8c9d5829fd1a79ecabecad081cc5fb27"},"headline":"Trudi Canavan guest starring at Pyrkon 2020!","datePublished":"2019-10-11T14:21:04+00:00","mainEntityOfPage":{"@id":"https:\/\/pyrkon.pl\/en\/program-en\/trudi-canavan-guest-starring-at-pyrkon-2020\/"},"wordCount":211,"publisher":{"@id":"https:\/\/pyrkon.pl\/#organization"},"image":{"@id":"https:\/\/pyrkon.pl\/en\/program-en\/trudi-canavan-guest-starring-at-pyrkon-2020\/#primaryimage"},"thumbnailUrl":"https:\/\/pyrkon.pl\/wp-content\/uploads\/2019\/10\/Trudi-Canavan-news.jpg","keywords":["program","Pyrkon 2020"],"articleSection":["Program"],"inLanguage":"en-US"},{"@type":"WebPage","@id":"https:\/\/pyrkon.pl\/en\/program-en\/trudi-canavan-guest-starring-at-pyrkon-2020\/","url":"https:\/\/pyrkon.pl\/en\/program-en\/trudi-canavan-guest-starring-at-pyrkon-2020\/","name":"Trudi Canavan guest starring at Pyrkon 2020! &#8902; Pyrkon Fantastyczne Miejsce Spotka\u0144","isPartOf":{"@id":"https:\/\/pyrkon.pl\/#website"},"primaryImageOfPage":{"@id":"https:\/\/pyrkon.pl\/en\/program-en\/trudi-canavan-guest-starring-at-pyrkon-2020\/#primaryimage"},"image":{"@id":"https:\/\/pyrkon.pl\/en\/program-en\/trudi-canavan-guest-starring-at-pyrkon-2020\/#primaryimage"},"thumbnailUrl":"https:\/\/pyrkon.pl\/wp-content\/uploads\/2019\/10\/Trudi-Canavan-news.jpg","datePublished":"2019-10-11T14:21:04+00:00","description":"The literature section wastes no time. Quite the contrary! The guest announcement starts out with a bang, with the introduction of a world-renowed author. We are pleased to announce that Trudi Canavan will be the guest of the jubilee edition of Pyrkon!","breadcrumb":{"@id":"https:\/\/pyrkon.pl\/en\/program-en\/trudi-canavan-guest-starring-at-pyrkon-2020\/#breadcrumb"},"inLanguage":"en-US","potentialAction":[{"@type":"ReadAction","target":["https:\/\/pyrkon.pl\/en\/program-en\/trudi-canavan-guest-starring-at-pyrkon-2020\/"]}]},{"@type":"ImageObject","inLanguage":"en-US","@id":"https:\/\/pyrkon.pl\/en\/program-en\/trudi-canavan-guest-starring-at-pyrkon-2020\/#primaryimage","url":"https:\/\/pyrkon.pl\/wp-content\/uploads\/2019\/10\/Trudi-Canavan-news.jpg","contentUrl":"https:\/\/pyrkon.pl\/wp-content\/uploads\/2019\/10\/Trudi-Canavan-news.jpg","width":900,"height":570,"caption":"Trudi Canavan at the signing table for Perth Supanova, June 2013."},{"@type":"BreadcrumbList","@id":"https:\/\/pyrkon.pl\/en\/program-en\/trudi-canavan-guest-starring-at-pyrkon-2020\/#breadcrumb","itemListElement":[{"@type":"ListItem","position":1,"name":"Strona g\u0142\u00f3wna","item":"https:\/\/pyrkon.pl\/en\/"},{"@type":"ListItem","position":2,"name":"Program","item":"https:\/\/pyrkon.pl\/category\/program\/"},{"@type":"ListItem","position":3,"name":"Trudi Canavan guest starring at Pyrkon 2020!"}]},{"@type":"WebSite","@id":"https:\/\/pyrkon.pl\/#website","url":"https:\/\/pyrkon.pl\/","name":"Pyrkon Fantastyczne Miejsce Spotka\u0144","description":"Festiwal Fantastyki","publisher":{"@id":"https:\/\/pyrkon.pl\/#organization"},"potentialAction":[{"@type":"SearchAction","target":{"@type":"EntryPoint","urlTemplate":"https:\/\/pyrkon.pl\/?s={search_term_string}"},"query-input":{"@type":"PropertyValueSpecification","valueRequired":true,"valueName":"search_term_string"}}],"inLanguage":"en-US"},{"@type":"Organization","@id":"https:\/\/pyrkon.pl\/#organization","name":"Pyrkon Fantastyczne Miejsce Spotka\u0144","url":"https:\/\/pyrkon.pl\/","logo":{"@type":"ImageObject","inLanguage":"en-US","@id":"https:\/\/pyrkon.pl\/#\/schema\/logo\/image\/","url":"https:\/\/pyrkon.pl\/wp-content\/uploads\/2018\/02\/Festiwal_Fantastyki_Pyrkon_logo_Black_CMYK.jpg","contentUrl":"https:\/\/pyrkon.pl\/wp-content\/uploads\/2018\/02\/Festiwal_Fantastyki_Pyrkon_logo_Black_CMYK.jpg","width":1300,"height":401,"caption":"Pyrkon Fantastyczne Miejsce Spotka\u0144"},"image":{"@id":"https:\/\/pyrkon.pl\/#\/schema\/logo\/image\/"},"sameAs":["https:\/\/www.facebook.com\/Pyrkon","https:\/\/x.com\/pyrkon","https:\/\/www.instagram.com\/pyrkon\/","https:\/\/www.youtube.com\/user\/FestiwalPyrkon"]},{"@type":"Person","@id":"https:\/\/pyrkon.pl\/#\/schema\/person\/8c9d5829fd1a79ecabecad081cc5fb27","name":"Idris","image":{"@type":"ImageObject","inLanguage":"en-US","@id":"https:\/\/pyrkon.pl\/#\/schema\/person\/image\/","url":"https:\/\/secure.gravatar.com\/avatar\/08e16a51ce17aea6d1317d4dca44a8987c300f02a19c9eb885a9d60500f528e7?s=96&d=mm&r=g","contentUrl":"https:\/\/secure.gravatar.com\/avatar\/08e16a51ce17aea6d1317d4dca44a8987c300f02a19c9eb885a9d60500f528e7?s=96&d=mm&r=g","caption":"Idris"},"description":"Nie sypia, bo sen uwa\u017ca za luksusowy zamiennik kawy dla ludzi, kt\u00f3rzy maj\u0105 nadmiar wolnego czasu. Z zapa\u0142em alchemika przetwarza hektolitry kofeiny w literki. Absolwentka psychokryminalistyki i psychologii, z zajawk\u0105 w stron\u0119 marketingu i popkultury. Relaks uskutecznia przy podcastach true crime, puzzlach i ksi\u0105\u017cce (niekoniecznie dobrej). Trenuje boks i z zaanga\u017cowaniem godnym lepszej sprawy przerzuca ci\u0119\u017ckie kr\u0105\u017cki na si\u0142owni. Doros\u0142o\u015b\u0107 traktuje podejrzliwie, ale czekoladzie ufa bezgranicznie - ona po prostu rozumie. Lubi rodzynki w serniczku i cynamon w jab\u0142eczniku.","url":"https:\/\/pyrkon.pl\/en\/author\/idris\/"}]}},"_links":{"self":[{"href":"https:\/\/pyrkon.pl\/en\/wp-json\/wp\/v2\/posts\/16528","targetHints":{"allow":["GET"]}}],"collection":[{"href":"https:\/\/pyrkon.pl\/en\/wp-json\/wp\/v2\/posts"}],"about":[{"href":"https:\/\/pyrkon.pl\/en\/wp-json\/wp\/v2\/types\/post"}],"author":[{"embeddable":true,"href":"https:\/\/pyrkon.pl\/en\/wp-json\/wp\/v2\/users\/2763"}],"replies":[{"embeddable":true,"href":"https:\/\/pyrkon.pl\/en\/wp-json\/wp\/v2\/comments?post=16528"}],"version-history":[{"count":2,"href":"https:\/\/pyrkon.pl\/en\/wp-json\/wp\/v2\/posts\/16528\/revisions"}],"predecessor-version":[{"id":16534,"href":"https:\/\/pyrkon.pl\/en\/wp-json\/wp\/v2\/posts\/16528\/revisions\/16534"}],"wp:featuredmedia":[{"embeddable":true,"href":"https:\/\/pyrkon.pl\/en\/wp-json\/wp\/v2\/media\/16530"}],"wp:attachment":[{"href":"https:\/\/pyrkon.pl\/en\/wp-json\/wp\/v2\/media?parent=16528"}],"wp:term":[{"taxonomy":"category","embeddable":true,"href":"https:\/\/pyrkon.pl\/en\/wp-json\/wp\/v2\/categories?post=16528"},{"taxonomy":"post_tag","embeddable":true,"href":"https:\/\/pyrkon.pl\/en\/wp-json\/wp\/v2\/tags?post=16528"},{"taxonomy":"pyr_topics","embeddable":true,"href":"https:\/\/pyrkon.pl\/en\/wp-json\/wp\/v2\/pyr_topics?post=16528"}],"curies":[{"name":"wp","href":"https:\/\/api.w.org\/{rel}","templated":true}]}}