{"id":17058,"date":"2019-11-13T16:00:00","date_gmt":"2019-11-13T16:00:00","guid":{"rendered":"https:\/\/pyrkon.pl\/?p=17058"},"modified":"2019-11-14T15:25:24","modified_gmt":"2019-11-14T15:25:24","slug":"hall-3-and-3a-are-now-the-new-resting-space","status":"publish","type":"post","link":"https:\/\/pyrkon.pl\/en\/program-en\/hall-3-and-3a-are-now-the-new-resting-space\/","title":{"rendered":"Hall 3 and 3A are now the new Resting Space!"},"content":{"rendered":"\n<p> Attention Pyrkon-goers! New important information coming your way! Hall 3 and 3A are now the new Resting Space! Read carefully, because in the interest of your safety, we have implemented some pretty crucial changes.<\/p>\n\n\n\n<!--more-->\n\n\n\n<figure class=\"wp-block-image size-large\"><img loading=\"lazy\" decoding=\"async\" width=\"1200\" height=\"630\" src=\"https:\/\/pyrkon.pl\/wp-content\/uploads\/2019\/11\/p2020_strefa_wypoczynkowa_1200x630.jpg\" alt=\"strefa wypoczynkowa pyrkon resting space\" class=\"wp-image-17050\" srcset=\"https:\/\/pyrkon.pl\/wp-content\/uploads\/2019\/11\/p2020_strefa_wypoczynkowa_1200x630.jpg 1200w, https:\/\/pyrkon.pl\/wp-content\/uploads\/2019\/11\/p2020_strefa_wypoczynkowa_1200x630-300x158.jpg 300w, https:\/\/pyrkon.pl\/wp-content\/uploads\/2019\/11\/p2020_strefa_wypoczynkowa_1200x630-768x403.jpg 768w, https:\/\/pyrkon.pl\/wp-content\/uploads\/2019\/11\/p2020_strefa_wypoczynkowa_1200x630-30x16.jpg 30w\" sizes=\"auto, (max-width: 1200px) 100vw, 1200px\" \/><\/figure>\n\n\n\n<p>\nAfter many hours spent participating in the amazing attractions that Pyrkon has to offer, you need to regenerate your mana somewhere! It will still be possible in halls 3 and 3a. In the Resting Space, you will now find:<\/p>\n\n\n\n<ul class=\"wp-block-list\"><li>more washrooms,<\/li><li>additional security at the entrances.<\/li><\/ul>\n\n\n\n<p>Coming to Pozna\u0144 on Friday after work or school? Or maybe you\u2019ll arrive at Pyrkon on Saturday? That\u2019s alright! Now, you can have access to the Resting Space guaranteed! YES! From now on you can have access guaranteed in advance!<\/p>\n\n\n\n<p>Due to those changes, in order to ensure your safety, give you the opportunity to have access guaranteed, we\u2019ve introduced a fee for access to halls 3 and 3A in the amount of PLN 10. You gotta hurry, because the space is limited!<\/p>\n\n\n\n<p>When ticket sales starts, choose to buy your ticket with access to the Resting Space. Don\u2019t hesitate!<\/p>\n","protected":false},"excerpt":{"rendered":"<p>Attention Pyrkon-goers! New important information coming your way! Hall 3 and 3A are now the new Resting Space! Read carefully, because in the interest of your safety, we have implemented some pretty crucial changes.<\/p>\n","protected":false},"author":7,"featured_media":17056,"comment_status":"closed","ping_status":"closed","sticky":false,"template":"","format":"standard","meta":{"_acf_changed":false,"footnotes":""},"categories":[14],"tags":[4589],"pyr_topics":[],"class_list":["post-17058","post","type-post","status-publish","format-standard","has-post-thumbnail","hentry","category-program-en","tag-pyrkon-2020"],"acf":[],"yoast_head":"<!-- This site is optimized with the Yoast SEO Premium plugin v25.9 (Yoast SEO v25.9) - https:\/\/yoast.com\/wordpress\/plugins\/seo\/ -->\n<title>Hall 3 and 3A are now the new Resting Space! &#8902; Pyrkon Fantastyczne Miejsce Spotka\u0144<\/title>\n<meta name=\"description\" content=\"Hall 3 and 3A are now the new Resting Space! Read carefully, because in the interest of your safety, we have implemented some pretty crucial changes.\" \/>\n<meta name=\"robots\" content=\"index, follow, max-snippet:-1, max-image-preview:large, max-video-preview:-1\" \/>\n<link rel=\"canonical\" href=\"https:\/\/pyrkon.pl\/en\/program-en\/hall-3-and-3a-are-now-the-new-resting-space\/\" \/>\n<meta property=\"og:locale\" content=\"en_US\" \/>\n<meta property=\"og:type\" content=\"article\" \/>\n<meta property=\"og:title\" content=\"Hall 3 and 3A are now the new Resting Space!\" \/>\n<meta property=\"og:description\" content=\"Hall 3 and 3A are now the new Resting Space! Read carefully, because in the interest of your safety, we have implemented some pretty crucial changes.\" \/>\n<meta property=\"og:url\" content=\"https:\/\/pyrkon.pl\/en\/program-en\/hall-3-and-3a-are-now-the-new-resting-space\/\" \/>\n<meta property=\"og:site_name\" content=\"Pyrkon Fantastyczne Miejsce Spotka\u0144\" \/>\n<meta property=\"article:publisher\" content=\"https:\/\/www.facebook.com\/Pyrkon\" \/>\n<meta property=\"article:published_time\" content=\"2019-11-13T16:00:00+00:00\" \/>\n<meta property=\"article:modified_time\" content=\"2019-11-14T15:25:24+00:00\" \/>\n<meta property=\"og:image\" content=\"https:\/\/pyrkon.pl\/wp-content\/uploads\/2019\/11\/p2020_strefa_wypoczynkowa_1200x630.jpg\" \/>\n\t<meta property=\"og:image:width\" content=\"1200\" \/>\n\t<meta property=\"og:image:height\" content=\"630\" \/>\n\t<meta property=\"og:image:type\" content=\"image\/jpeg\" \/>\n<meta name=\"author\" content=\"Magda Walczak\" \/>\n<meta name=\"twitter:card\" content=\"summary_large_image\" \/>\n<meta name=\"twitter:creator\" content=\"@pyrkon\" \/>\n<meta name=\"twitter:site\" content=\"@pyrkon\" \/>\n<meta name=\"twitter:label1\" content=\"Written by\" \/>\n\t<meta name=\"twitter:data1\" content=\"Magda Walczak\" \/>\n\t<meta name=\"twitter:label2\" content=\"Est. reading time\" \/>\n\t<meta name=\"twitter:data2\" content=\"1 minute\" \/>\n<script type=\"application\/ld+json\" class=\"yoast-schema-graph\">{\"@context\":\"https:\/\/schema.org\",\"@graph\":[{\"@type\":\"Article\",\"@id\":\"https:\/\/pyrkon.pl\/en\/program-en\/hall-3-and-3a-are-now-the-new-resting-space\/#article\",\"isPartOf\":{\"@id\":\"https:\/\/pyrkon.pl\/en\/program-en\/hall-3-and-3a-are-now-the-new-resting-space\/\"},\"author\":{\"name\":\"Magda Walczak\",\"@id\":\"https:\/\/pyrkon.pl\/#\/schema\/person\/b41d088bb31f0c5766fcac7eaf6dfb98\"},\"headline\":\"Hall 3 and 3A are now the new Resting Space!\",\"datePublished\":\"2019-11-13T16:00:00+00:00\",\"dateModified\":\"2019-11-14T15:25:24+00:00\",\"mainEntityOfPage\":{\"@id\":\"https:\/\/pyrkon.pl\/en\/program-en\/hall-3-and-3a-are-now-the-new-resting-space\/\"},\"wordCount\":189,\"publisher\":{\"@id\":\"https:\/\/pyrkon.pl\/#organization\"},\"image\":{\"@id\":\"https:\/\/pyrkon.pl\/en\/program-en\/hall-3-and-3a-are-now-the-new-resting-space\/#primaryimage\"},\"thumbnailUrl\":\"https:\/\/pyrkon.pl\/wp-content\/uploads\/2019\/11\/p2020_strefa_wypoczynkowa_900x570.jpg\",\"keywords\":[\"Pyrkon 2020\"],\"articleSection\":[\"Program\"],\"inLanguage\":\"en-US\"},{\"@type\":\"WebPage\",\"@id\":\"https:\/\/pyrkon.pl\/en\/program-en\/hall-3-and-3a-are-now-the-new-resting-space\/\",\"url\":\"https:\/\/pyrkon.pl\/en\/program-en\/hall-3-and-3a-are-now-the-new-resting-space\/\",\"name\":\"Hall 3 and 3A are now the new Resting Space! &#8902; Pyrkon Fantastyczne Miejsce Spotka\u0144\",\"isPartOf\":{\"@id\":\"https:\/\/pyrkon.pl\/#website\"},\"primaryImageOfPage\":{\"@id\":\"https:\/\/pyrkon.pl\/en\/program-en\/hall-3-and-3a-are-now-the-new-resting-space\/#primaryimage\"},\"image\":{\"@id\":\"https:\/\/pyrkon.pl\/en\/program-en\/hall-3-and-3a-are-now-the-new-resting-space\/#primaryimage\"},\"thumbnailUrl\":\"https:\/\/pyrkon.pl\/wp-content\/uploads\/2019\/11\/p2020_strefa_wypoczynkowa_900x570.jpg\",\"datePublished\":\"2019-11-13T16:00:00+00:00\",\"dateModified\":\"2019-11-14T15:25:24+00:00\",\"description\":\"Hall 3 and 3A are now the new Resting Space! Read carefully, because in the interest of your safety, we have implemented some pretty crucial changes.\",\"breadcrumb\":{\"@id\":\"https:\/\/pyrkon.pl\/en\/program-en\/hall-3-and-3a-are-now-the-new-resting-space\/#breadcrumb\"},\"inLanguage\":\"en-US\",\"potentialAction\":[{\"@type\":\"ReadAction\",\"target\":[\"https:\/\/pyrkon.pl\/en\/program-en\/hall-3-and-3a-are-now-the-new-resting-space\/\"]}]},{\"@type\":\"ImageObject\",\"inLanguage\":\"en-US\",\"@id\":\"https:\/\/pyrkon.pl\/en\/program-en\/hall-3-and-3a-are-now-the-new-resting-space\/#primaryimage\",\"url\":\"https:\/\/pyrkon.pl\/wp-content\/uploads\/2019\/11\/p2020_strefa_wypoczynkowa_900x570.jpg\",\"contentUrl\":\"https:\/\/pyrkon.pl\/wp-content\/uploads\/2019\/11\/p2020_strefa_wypoczynkowa_900x570.jpg\",\"width\":900,\"height\":570,\"caption\":\"strefa wypoczynkowa pyrkon resting space\"},{\"@type\":\"BreadcrumbList\",\"@id\":\"https:\/\/pyrkon.pl\/en\/program-en\/hall-3-and-3a-are-now-the-new-resting-space\/#breadcrumb\",\"itemListElement\":[{\"@type\":\"ListItem\",\"position\":1,\"name\":\"Strona g\u0142\u00f3wna\",\"item\":\"https:\/\/pyrkon.pl\/en\/\"},{\"@type\":\"ListItem\",\"position\":2,\"name\":\"Program\",\"item\":\"https:\/\/pyrkon.pl\/en\/category\/program-en\/\"},{\"@type\":\"ListItem\",\"position\":3,\"name\":\"Hall 3 and 3A are now the new Resting Space!\"}]},{\"@type\":\"WebSite\",\"@id\":\"https:\/\/pyrkon.pl\/#website\",\"url\":\"https:\/\/pyrkon.pl\/\",\"name\":\"Pyrkon Fantastyczne Miejsce Spotka\u0144\",\"description\":\"Festiwal Fantastyki\",\"publisher\":{\"@id\":\"https:\/\/pyrkon.pl\/#organization\"},\"potentialAction\":[{\"@type\":\"SearchAction\",\"target\":{\"@type\":\"EntryPoint\",\"urlTemplate\":\"https:\/\/pyrkon.pl\/?s={search_term_string}\"},\"query-input\":{\"@type\":\"PropertyValueSpecification\",\"valueRequired\":true,\"valueName\":\"search_term_string\"}}],\"inLanguage\":\"en-US\"},{\"@type\":\"Organization\",\"@id\":\"https:\/\/pyrkon.pl\/#organization\",\"name\":\"Pyrkon Fantastyczne Miejsce Spotka\u0144\",\"url\":\"https:\/\/pyrkon.pl\/\",\"logo\":{\"@type\":\"ImageObject\",\"inLanguage\":\"en-US\",\"@id\":\"https:\/\/pyrkon.pl\/#\/schema\/logo\/image\/\",\"url\":\"https:\/\/pyrkon.pl\/wp-content\/uploads\/2018\/02\/Festiwal_Fantastyki_Pyrkon_logo_Black_CMYK.jpg\",\"contentUrl\":\"https:\/\/pyrkon.pl\/wp-content\/uploads\/2018\/02\/Festiwal_Fantastyki_Pyrkon_logo_Black_CMYK.jpg\",\"width\":1300,\"height\":401,\"caption\":\"Pyrkon Fantastyczne Miejsce Spotka\u0144\"},\"image\":{\"@id\":\"https:\/\/pyrkon.pl\/#\/schema\/logo\/image\/\"},\"sameAs\":[\"https:\/\/www.facebook.com\/Pyrkon\",\"https:\/\/x.com\/pyrkon\",\"https:\/\/www.instagram.com\/pyrkon\/\",\"https:\/\/www.youtube.com\/user\/FestiwalPyrkon\"]},{\"@type\":\"Person\",\"@id\":\"https:\/\/pyrkon.pl\/#\/schema\/person\/b41d088bb31f0c5766fcac7eaf6dfb98\",\"name\":\"Magda Walczak\",\"image\":{\"@type\":\"ImageObject\",\"inLanguage\":\"en-US\",\"@id\":\"https:\/\/pyrkon.pl\/#\/schema\/person\/image\/\",\"url\":\"https:\/\/secure.gravatar.com\/avatar\/259c35aeb4be1acf6d01d693bccf368d16967c5a90e3bc27450cd5d9f7ec85d4?s=96&d=mm&r=g\",\"contentUrl\":\"https:\/\/secure.gravatar.com\/avatar\/259c35aeb4be1acf6d01d693bccf368d16967c5a90e3bc27450cd5d9f7ec85d4?s=96&d=mm&r=g\",\"caption\":\"Magda Walczak\"},\"description\":\"Filolog z przypadku, le\u0144 z natury. Je\u015bli nie musi, to piechot\u0105 nie chodzi, ale ujdzie w t\u0142oku. Zdarza si\u0119, \u017ce co\u015b jej chodzi po g\u0142owie, chocia\u017c nigdy przed 9 rano. Za to jej mi\u0142o\u015b\u0107 do seriali przechodzi ludzkie poj\u0119cie. Lubi chadza\u0107 swoimi \u015bcie\u017ckami, mimo \u017ce radz\u0105 jej raczej p\u00f3j\u015b\u0107 po rozum do g\u0142owy.\",\"url\":\"https:\/\/pyrkon.pl\/en\/author\/magda\/\"}]}<\/script>\n<!-- \/ Yoast SEO Premium plugin. -->","yoast_head_json":{"title":"Hall 3 and 3A are now the new Resting Space! &#8902; Pyrkon Fantastyczne Miejsce Spotka\u0144","description":"Hall 3 and 3A are now the new Resting Space! Read carefully, because in the interest of your safety, we have implemented some pretty crucial changes.","robots":{"index":"index","follow":"follow","max-snippet":"max-snippet:-1","max-image-preview":"max-image-preview:large","max-video-preview":"max-video-preview:-1"},"canonical":"https:\/\/pyrkon.pl\/en\/program-en\/hall-3-and-3a-are-now-the-new-resting-space\/","og_locale":"en_US","og_type":"article","og_title":"Hall 3 and 3A are now the new Resting Space!","og_description":"Hall 3 and 3A are now the new Resting Space! Read carefully, because in the interest of your safety, we have implemented some pretty crucial changes.","og_url":"https:\/\/pyrkon.pl\/en\/program-en\/hall-3-and-3a-are-now-the-new-resting-space\/","og_site_name":"Pyrkon Fantastyczne Miejsce Spotka\u0144","article_publisher":"https:\/\/www.facebook.com\/Pyrkon","article_published_time":"2019-11-13T16:00:00+00:00","article_modified_time":"2019-11-14T15:25:24+00:00","og_image":[{"width":1200,"height":630,"url":"https:\/\/pyrkon.pl\/wp-content\/uploads\/2019\/11\/p2020_strefa_wypoczynkowa_1200x630.jpg","type":"image\/jpeg"}],"author":"Magda Walczak","twitter_card":"summary_large_image","twitter_creator":"@pyrkon","twitter_site":"@pyrkon","twitter_misc":{"Written by":"Magda Walczak","Est. reading time":"1 minute"},"schema":{"@context":"https:\/\/schema.org","@graph":[{"@type":"Article","@id":"https:\/\/pyrkon.pl\/en\/program-en\/hall-3-and-3a-are-now-the-new-resting-space\/#article","isPartOf":{"@id":"https:\/\/pyrkon.pl\/en\/program-en\/hall-3-and-3a-are-now-the-new-resting-space\/"},"author":{"name":"Magda Walczak","@id":"https:\/\/pyrkon.pl\/#\/schema\/person\/b41d088bb31f0c5766fcac7eaf6dfb98"},"headline":"Hall 3 and 3A are now the new Resting Space!","datePublished":"2019-11-13T16:00:00+00:00","dateModified":"2019-11-14T15:25:24+00:00","mainEntityOfPage":{"@id":"https:\/\/pyrkon.pl\/en\/program-en\/hall-3-and-3a-are-now-the-new-resting-space\/"},"wordCount":189,"publisher":{"@id":"https:\/\/pyrkon.pl\/#organization"},"image":{"@id":"https:\/\/pyrkon.pl\/en\/program-en\/hall-3-and-3a-are-now-the-new-resting-space\/#primaryimage"},"thumbnailUrl":"https:\/\/pyrkon.pl\/wp-content\/uploads\/2019\/11\/p2020_strefa_wypoczynkowa_900x570.jpg","keywords":["Pyrkon 2020"],"articleSection":["Program"],"inLanguage":"en-US"},{"@type":"WebPage","@id":"https:\/\/pyrkon.pl\/en\/program-en\/hall-3-and-3a-are-now-the-new-resting-space\/","url":"https:\/\/pyrkon.pl\/en\/program-en\/hall-3-and-3a-are-now-the-new-resting-space\/","name":"Hall 3 and 3A are now the new Resting Space! &#8902; Pyrkon Fantastyczne Miejsce Spotka\u0144","isPartOf":{"@id":"https:\/\/pyrkon.pl\/#website"},"primaryImageOfPage":{"@id":"https:\/\/pyrkon.pl\/en\/program-en\/hall-3-and-3a-are-now-the-new-resting-space\/#primaryimage"},"image":{"@id":"https:\/\/pyrkon.pl\/en\/program-en\/hall-3-and-3a-are-now-the-new-resting-space\/#primaryimage"},"thumbnailUrl":"https:\/\/pyrkon.pl\/wp-content\/uploads\/2019\/11\/p2020_strefa_wypoczynkowa_900x570.jpg","datePublished":"2019-11-13T16:00:00+00:00","dateModified":"2019-11-14T15:25:24+00:00","description":"Hall 3 and 3A are now the new Resting Space! Read carefully, because in the interest of your safety, we have implemented some pretty crucial changes.","breadcrumb":{"@id":"https:\/\/pyrkon.pl\/en\/program-en\/hall-3-and-3a-are-now-the-new-resting-space\/#breadcrumb"},"inLanguage":"en-US","potentialAction":[{"@type":"ReadAction","target":["https:\/\/pyrkon.pl\/en\/program-en\/hall-3-and-3a-are-now-the-new-resting-space\/"]}]},{"@type":"ImageObject","inLanguage":"en-US","@id":"https:\/\/pyrkon.pl\/en\/program-en\/hall-3-and-3a-are-now-the-new-resting-space\/#primaryimage","url":"https:\/\/pyrkon.pl\/wp-content\/uploads\/2019\/11\/p2020_strefa_wypoczynkowa_900x570.jpg","contentUrl":"https:\/\/pyrkon.pl\/wp-content\/uploads\/2019\/11\/p2020_strefa_wypoczynkowa_900x570.jpg","width":900,"height":570,"caption":"strefa wypoczynkowa pyrkon resting space"},{"@type":"BreadcrumbList","@id":"https:\/\/pyrkon.pl\/en\/program-en\/hall-3-and-3a-are-now-the-new-resting-space\/#breadcrumb","itemListElement":[{"@type":"ListItem","position":1,"name":"Strona g\u0142\u00f3wna","item":"https:\/\/pyrkon.pl\/en\/"},{"@type":"ListItem","position":2,"name":"Program","item":"https:\/\/pyrkon.pl\/en\/category\/program-en\/"},{"@type":"ListItem","position":3,"name":"Hall 3 and 3A are now the new Resting Space!"}]},{"@type":"WebSite","@id":"https:\/\/pyrkon.pl\/#website","url":"https:\/\/pyrkon.pl\/","name":"Pyrkon Fantastyczne Miejsce Spotka\u0144","description":"Festiwal Fantastyki","publisher":{"@id":"https:\/\/pyrkon.pl\/#organization"},"potentialAction":[{"@type":"SearchAction","target":{"@type":"EntryPoint","urlTemplate":"https:\/\/pyrkon.pl\/?s={search_term_string}"},"query-input":{"@type":"PropertyValueSpecification","valueRequired":true,"valueName":"search_term_string"}}],"inLanguage":"en-US"},{"@type":"Organization","@id":"https:\/\/pyrkon.pl\/#organization","name":"Pyrkon Fantastyczne Miejsce Spotka\u0144","url":"https:\/\/pyrkon.pl\/","logo":{"@type":"ImageObject","inLanguage":"en-US","@id":"https:\/\/pyrkon.pl\/#\/schema\/logo\/image\/","url":"https:\/\/pyrkon.pl\/wp-content\/uploads\/2018\/02\/Festiwal_Fantastyki_Pyrkon_logo_Black_CMYK.jpg","contentUrl":"https:\/\/pyrkon.pl\/wp-content\/uploads\/2018\/02\/Festiwal_Fantastyki_Pyrkon_logo_Black_CMYK.jpg","width":1300,"height":401,"caption":"Pyrkon Fantastyczne Miejsce Spotka\u0144"},"image":{"@id":"https:\/\/pyrkon.pl\/#\/schema\/logo\/image\/"},"sameAs":["https:\/\/www.facebook.com\/Pyrkon","https:\/\/x.com\/pyrkon","https:\/\/www.instagram.com\/pyrkon\/","https:\/\/www.youtube.com\/user\/FestiwalPyrkon"]},{"@type":"Person","@id":"https:\/\/pyrkon.pl\/#\/schema\/person\/b41d088bb31f0c5766fcac7eaf6dfb98","name":"Magda Walczak","image":{"@type":"ImageObject","inLanguage":"en-US","@id":"https:\/\/pyrkon.pl\/#\/schema\/person\/image\/","url":"https:\/\/secure.gravatar.com\/avatar\/259c35aeb4be1acf6d01d693bccf368d16967c5a90e3bc27450cd5d9f7ec85d4?s=96&d=mm&r=g","contentUrl":"https:\/\/secure.gravatar.com\/avatar\/259c35aeb4be1acf6d01d693bccf368d16967c5a90e3bc27450cd5d9f7ec85d4?s=96&d=mm&r=g","caption":"Magda Walczak"},"description":"Filolog z przypadku, le\u0144 z natury. Je\u015bli nie musi, to piechot\u0105 nie chodzi, ale ujdzie w t\u0142oku. Zdarza si\u0119, \u017ce co\u015b jej chodzi po g\u0142owie, chocia\u017c nigdy przed 9 rano. Za to jej mi\u0142o\u015b\u0107 do seriali przechodzi ludzkie poj\u0119cie. Lubi chadza\u0107 swoimi \u015bcie\u017ckami, mimo \u017ce radz\u0105 jej raczej p\u00f3j\u015b\u0107 po rozum do g\u0142owy.","url":"https:\/\/pyrkon.pl\/en\/author\/magda\/"}]}},"_links":{"self":[{"href":"https:\/\/pyrkon.pl\/en\/wp-json\/wp\/v2\/posts\/17058","targetHints":{"allow":["GET"]}}],"collection":[{"href":"https:\/\/pyrkon.pl\/en\/wp-json\/wp\/v2\/posts"}],"about":[{"href":"https:\/\/pyrkon.pl\/en\/wp-json\/wp\/v2\/types\/post"}],"author":[{"embeddable":true,"href":"https:\/\/pyrkon.pl\/en\/wp-json\/wp\/v2\/users\/7"}],"replies":[{"embeddable":true,"href":"https:\/\/pyrkon.pl\/en\/wp-json\/wp\/v2\/comments?post=17058"}],"version-history":[{"count":1,"href":"https:\/\/pyrkon.pl\/en\/wp-json\/wp\/v2\/posts\/17058\/revisions"}],"predecessor-version":[{"id":17059,"href":"https:\/\/pyrkon.pl\/en\/wp-json\/wp\/v2\/posts\/17058\/revisions\/17059"}],"wp:featuredmedia":[{"embeddable":true,"href":"https:\/\/pyrkon.pl\/en\/wp-json\/wp\/v2\/media\/17056"}],"wp:attachment":[{"href":"https:\/\/pyrkon.pl\/en\/wp-json\/wp\/v2\/media?parent=17058"}],"wp:term":[{"taxonomy":"category","embeddable":true,"href":"https:\/\/pyrkon.pl\/en\/wp-json\/wp\/v2\/categories?post=17058"},{"taxonomy":"post_tag","embeddable":true,"href":"https:\/\/pyrkon.pl\/en\/wp-json\/wp\/v2\/tags?post=17058"},{"taxonomy":"pyr_topics","embeddable":true,"href":"https:\/\/pyrkon.pl\/en\/wp-json\/wp\/v2\/pyr_topics?post=17058"}],"curies":[{"name":"wp","href":"https:\/\/api.w.org\/{rel}","templated":true}]}}