{"id":17851,"date":"2019-12-23T20:04:08","date_gmt":"2019-12-23T19:04:08","guid":{"rendered":"https:\/\/pyrkon.pl\/?p=17851"},"modified":"2019-12-23T20:04:09","modified_gmt":"2019-12-23T19:04:09","slug":"edward-james-olmos-is-coming-to-pyrkon-2020","status":"publish","type":"post","link":"https:\/\/pyrkon.pl\/en\/program-en\/edward-james-olmos-is-coming-to-pyrkon-2020\/","title":{"rendered":"Edward James Olmos is coming to Pyrkon 2020!"},"content":{"rendered":"\n<p><strong>Cyberpunk will dominate the upcoming Pyrkon &#8211; what better way to honor it than by inviting an actor who played a part in one of the most iconic cyberpunk movies? Dear Pyrkon participants, brace for breaking news &#8211; Edward James Olmos will visit Pyrkon 2020! <\/strong><\/p>\n\n\n\n<!--more-->\n\n\n\n<p>The iconic cyberpunk movie is, of course, Ridley Scott\u2019s \u201cBlade Runner\u201d &#8211; an adaptation of the famous book written by Philip K. Dick. Edward James Olmos played Gaff &#8211; a police officer tasked with catching renegade replicants alongside Rick Deckard (played by Harrison Ford). The actor later reprised his role in 2017\u2019s sequel \u201cBlade Runner 2049\u201d. During his acting career, Edward James Olmos played lead characters in two acclaimed TV series &#8211; \u201cMiami Vice\u201d and \u201cBattlestar Galactica\u201d. In recent years he was seen in the role of Robert Gonzales in \u201cAgents of S.H.I.E.L.D.\u201d <\/p>\n\n\n\n<h2 class=\"wp-block-heading\">Edward James Olmos and his road to fame <\/h2>\n\n\n\n<div class=\"b-media-text b-media-text--left b-media-text--floating b-media-text--50\" id=\"b-media-text-block_5e010edc6d5b8\">\n\t<figure class=\"b-media-text__medium b-media-text__medium--full\">\n\t\t<img loading=\"lazy\" decoding=\"async\" width=\"769\" height=\"1024\" src=\"https:\/\/pyrkon.pl\/wp-content\/uploads\/2019\/12\/Edward-James-Olmos.jpg\" class=\"attachment-large size-large\" alt=\"Edward James Olmos, Pyrkon 2020, Festiwal Fantastyki Pyrkon\" srcset=\"https:\/\/pyrkon.pl\/wp-content\/uploads\/2019\/12\/Edward-James-Olmos.jpg 769w, https:\/\/pyrkon.pl\/wp-content\/uploads\/2019\/12\/Edward-James-Olmos-225x300.jpg 225w\" sizes=\"auto, (max-width: 769px) 100vw, 769px\" \/>\n\t\t\t<\/figure>\n\t\t\t<div class=\"b-media-text__copy\">\n\t\t\t<p>Before becoming an actor, Edward tried his luck in many trades. As a child, he showed great talent in baseball. Later in his teenage years, Eddie became a singer and started a band. Finally, he found his way to the theater. In 1978 his career took a significant turn when he got cast in \u201cZoot Suit\u201d, a musical drama about the famous 1942 \u201cSleepy Lagoon\u201d case in which a group of Hispanic youths was wrongly convicted of murder. The play was expected to run for ten days. It ran for a year before going to Broadway. For this role, Edward won a Los Angeles Drama Critics Circle award, a Theatre World Award, and was nominated for a Tony Award.<\/p>\n<p>Despite his fame, Edward was able to maintain a balanced approach. \u201cYou have to be able to say \u201cno\u201d to fame and fortune before you receive it to be able to say \u201cno\u201d again when you get older,\u201d Olmos said. \u201cIf not, you won\u2019t have the strength and courage to do it. The intent must be pure.\u201d<\/p>\n\n\t\t<\/div>\n\t<\/div>\n","protected":false},"excerpt":{"rendered":"<p>Cyberpunk will dominate the upcoming Pyrkon &#8211; what better way to honor it than by inviting an actor who played a part in one of the most iconic cyberpunk movies? Dear Pyrkon participants, brace for breaking news &#8211; Edward James Olmos will visit Pyrkon 2020!<\/p>\n","protected":false},"author":4,"featured_media":17848,"comment_status":"closed","ping_status":"closed","sticky":false,"template":"","format":"standard","meta":{"_acf_changed":false,"footnotes":""},"categories":[14],"tags":[59,29,57,4589],"pyr_topics":[],"class_list":["post-17851","post","type-post","status-publish","format-standard","has-post-thumbnail","hentry","category-program-en","tag-guests","tag-program","tag-program-en-2","tag-pyrkon-2020"],"acf":[],"yoast_head":"<!-- This site is optimized with the Yoast SEO Premium plugin v25.9 (Yoast SEO v25.9) - https:\/\/yoast.com\/wordpress\/plugins\/seo\/ -->\n<title>Edward James Olmos is coming to Pyrkon 2020! &#8902; Pyrkon Fantastyczne Miejsce Spotka\u0144<\/title>\n<meta name=\"description\" content=\"Edward James Olmos will be the guest of Pyrkon 2020! You will be able to meet this iconic actor in Pozna\u0144 on 8-10th May 2020!\" \/>\n<meta name=\"robots\" content=\"index, follow, max-snippet:-1, max-image-preview:large, max-video-preview:-1\" \/>\n<link rel=\"canonical\" href=\"https:\/\/pyrkon.pl\/en\/program-en\/edward-james-olmos-is-coming-to-pyrkon-2020\/\" \/>\n<meta property=\"og:locale\" content=\"en_US\" \/>\n<meta property=\"og:type\" content=\"article\" \/>\n<meta property=\"og:title\" content=\"Edward James Olmos is coming to Pyrkon 2020!\" \/>\n<meta property=\"og:description\" content=\"Edward James Olmos will be the guest of Pyrkon 2020! You will be able to meet this iconic actor in Pozna\u0144 on 8-10th May 2020!\" \/>\n<meta property=\"og:url\" content=\"https:\/\/pyrkon.pl\/en\/program-en\/edward-james-olmos-is-coming-to-pyrkon-2020\/\" \/>\n<meta property=\"og:site_name\" content=\"Pyrkon Fantastyczne Miejsce Spotka\u0144\" \/>\n<meta property=\"article:publisher\" content=\"https:\/\/www.facebook.com\/Pyrkon\" \/>\n<meta property=\"article:published_time\" content=\"2019-12-23T19:04:08+00:00\" \/>\n<meta property=\"article:modified_time\" content=\"2019-12-23T19:04:09+00:00\" \/>\n<meta property=\"og:image\" content=\"https:\/\/pyrkon.pl\/wp-content\/uploads\/2019\/12\/Edward-James-Olmos-Pyrkon-2020.jpg\" \/>\n\t<meta property=\"og:image:width\" content=\"1200\" \/>\n\t<meta property=\"og:image:height\" content=\"630\" \/>\n\t<meta property=\"og:image:type\" content=\"image\/jpeg\" \/>\n<meta name=\"author\" content=\"Joanna Dziedzic\" \/>\n<meta name=\"twitter:card\" content=\"summary_large_image\" \/>\n<meta name=\"twitter:creator\" content=\"@pyrkon\" \/>\n<meta name=\"twitter:site\" content=\"@pyrkon\" \/>\n<meta name=\"twitter:label1\" content=\"Written by\" \/>\n\t<meta name=\"twitter:data1\" content=\"Joanna Dziedzic\" \/>\n\t<meta name=\"twitter:label2\" content=\"Est. reading time\" \/>\n\t<meta name=\"twitter:data2\" content=\"1 minute\" \/>\n<script type=\"application\/ld+json\" class=\"yoast-schema-graph\">{\"@context\":\"https:\/\/schema.org\",\"@graph\":[{\"@type\":\"Article\",\"@id\":\"https:\/\/pyrkon.pl\/en\/program-en\/edward-james-olmos-is-coming-to-pyrkon-2020\/#article\",\"isPartOf\":{\"@id\":\"https:\/\/pyrkon.pl\/en\/program-en\/edward-james-olmos-is-coming-to-pyrkon-2020\/\"},\"author\":{\"name\":\"Joanna Dziedzic\",\"@id\":\"https:\/\/pyrkon.pl\/#\/schema\/person\/9452e0c3f9f8591ec6d12f4f6e2808e3\"},\"headline\":\"Edward James Olmos is coming to Pyrkon 2020!\",\"datePublished\":\"2019-12-23T19:04:08+00:00\",\"dateModified\":\"2019-12-23T19:04:09+00:00\",\"mainEntityOfPage\":{\"@id\":\"https:\/\/pyrkon.pl\/en\/program-en\/edward-james-olmos-is-coming-to-pyrkon-2020\/\"},\"wordCount\":157,\"publisher\":{\"@id\":\"https:\/\/pyrkon.pl\/#organization\"},\"image\":{\"@id\":\"https:\/\/pyrkon.pl\/en\/program-en\/edward-james-olmos-is-coming-to-pyrkon-2020\/#primaryimage\"},\"thumbnailUrl\":\"https:\/\/pyrkon.pl\/wp-content\/uploads\/2019\/12\/Edward-James-Olmos-Pyrkon.jpg\",\"keywords\":[\"guests\",\"program\",\"program\",\"Pyrkon 2020\"],\"articleSection\":[\"Program\"],\"inLanguage\":\"en-US\"},{\"@type\":\"WebPage\",\"@id\":\"https:\/\/pyrkon.pl\/en\/program-en\/edward-james-olmos-is-coming-to-pyrkon-2020\/\",\"url\":\"https:\/\/pyrkon.pl\/en\/program-en\/edward-james-olmos-is-coming-to-pyrkon-2020\/\",\"name\":\"Edward James Olmos is coming to Pyrkon 2020! &#8902; Pyrkon Fantastyczne Miejsce Spotka\u0144\",\"isPartOf\":{\"@id\":\"https:\/\/pyrkon.pl\/#website\"},\"primaryImageOfPage\":{\"@id\":\"https:\/\/pyrkon.pl\/en\/program-en\/edward-james-olmos-is-coming-to-pyrkon-2020\/#primaryimage\"},\"image\":{\"@id\":\"https:\/\/pyrkon.pl\/en\/program-en\/edward-james-olmos-is-coming-to-pyrkon-2020\/#primaryimage\"},\"thumbnailUrl\":\"https:\/\/pyrkon.pl\/wp-content\/uploads\/2019\/12\/Edward-James-Olmos-Pyrkon.jpg\",\"datePublished\":\"2019-12-23T19:04:08+00:00\",\"dateModified\":\"2019-12-23T19:04:09+00:00\",\"description\":\"Edward James Olmos will be the guest of Pyrkon 2020! You will be able to meet this iconic actor in Pozna\u0144 on 8-10th May 2020!\",\"breadcrumb\":{\"@id\":\"https:\/\/pyrkon.pl\/en\/program-en\/edward-james-olmos-is-coming-to-pyrkon-2020\/#breadcrumb\"},\"inLanguage\":\"en-US\",\"potentialAction\":[{\"@type\":\"ReadAction\",\"target\":[\"https:\/\/pyrkon.pl\/en\/program-en\/edward-james-olmos-is-coming-to-pyrkon-2020\/\"]}]},{\"@type\":\"ImageObject\",\"inLanguage\":\"en-US\",\"@id\":\"https:\/\/pyrkon.pl\/en\/program-en\/edward-james-olmos-is-coming-to-pyrkon-2020\/#primaryimage\",\"url\":\"https:\/\/pyrkon.pl\/wp-content\/uploads\/2019\/12\/Edward-James-Olmos-Pyrkon.jpg\",\"contentUrl\":\"https:\/\/pyrkon.pl\/wp-content\/uploads\/2019\/12\/Edward-James-Olmos-Pyrkon.jpg\",\"width\":800,\"height\":450,\"caption\":\"Edward James Olmos, Pyrkon 2020, Festiwal Fantastyki Pyrkon\"},{\"@type\":\"BreadcrumbList\",\"@id\":\"https:\/\/pyrkon.pl\/en\/program-en\/edward-james-olmos-is-coming-to-pyrkon-2020\/#breadcrumb\",\"itemListElement\":[{\"@type\":\"ListItem\",\"position\":1,\"name\":\"Strona g\u0142\u00f3wna\",\"item\":\"https:\/\/pyrkon.pl\/en\/\"},{\"@type\":\"ListItem\",\"position\":2,\"name\":\"Program\",\"item\":\"https:\/\/pyrkon.pl\/category\/program\/\"},{\"@type\":\"ListItem\",\"position\":3,\"name\":\"Edward James Olmos is coming to Pyrkon 2020!\"}]},{\"@type\":\"WebSite\",\"@id\":\"https:\/\/pyrkon.pl\/#website\",\"url\":\"https:\/\/pyrkon.pl\/\",\"name\":\"Pyrkon Fantastyczne Miejsce Spotka\u0144\",\"description\":\"Festiwal Fantastyki\",\"publisher\":{\"@id\":\"https:\/\/pyrkon.pl\/#organization\"},\"potentialAction\":[{\"@type\":\"SearchAction\",\"target\":{\"@type\":\"EntryPoint\",\"urlTemplate\":\"https:\/\/pyrkon.pl\/?s={search_term_string}\"},\"query-input\":{\"@type\":\"PropertyValueSpecification\",\"valueRequired\":true,\"valueName\":\"search_term_string\"}}],\"inLanguage\":\"en-US\"},{\"@type\":\"Organization\",\"@id\":\"https:\/\/pyrkon.pl\/#organization\",\"name\":\"Pyrkon Fantastyczne Miejsce Spotka\u0144\",\"url\":\"https:\/\/pyrkon.pl\/\",\"logo\":{\"@type\":\"ImageObject\",\"inLanguage\":\"en-US\",\"@id\":\"https:\/\/pyrkon.pl\/#\/schema\/logo\/image\/\",\"url\":\"https:\/\/pyrkon.pl\/wp-content\/uploads\/2018\/02\/Festiwal_Fantastyki_Pyrkon_logo_Black_CMYK.jpg\",\"contentUrl\":\"https:\/\/pyrkon.pl\/wp-content\/uploads\/2018\/02\/Festiwal_Fantastyki_Pyrkon_logo_Black_CMYK.jpg\",\"width\":1300,\"height\":401,\"caption\":\"Pyrkon Fantastyczne Miejsce Spotka\u0144\"},\"image\":{\"@id\":\"https:\/\/pyrkon.pl\/#\/schema\/logo\/image\/\"},\"sameAs\":[\"https:\/\/www.facebook.com\/Pyrkon\",\"https:\/\/x.com\/pyrkon\",\"https:\/\/www.instagram.com\/pyrkon\/\",\"https:\/\/www.youtube.com\/user\/FestiwalPyrkon\"]},{\"@type\":\"Person\",\"@id\":\"https:\/\/pyrkon.pl\/#\/schema\/person\/9452e0c3f9f8591ec6d12f4f6e2808e3\",\"name\":\"Joanna Dziedzic\",\"image\":{\"@type\":\"ImageObject\",\"inLanguage\":\"en-US\",\"@id\":\"https:\/\/pyrkon.pl\/#\/schema\/person\/image\/\",\"url\":\"https:\/\/secure.gravatar.com\/avatar\/7325f469a5820f19492d1dcc4964b7f3cf5a62e17888a594f12747ad4c8bd81d?s=96&d=mm&r=g\",\"contentUrl\":\"https:\/\/secure.gravatar.com\/avatar\/7325f469a5820f19492d1dcc4964b7f3cf5a62e17888a594f12747ad4c8bd81d?s=96&d=mm&r=g\",\"caption\":\"Joanna Dziedzic\"},\"description\":\"Jako dziecko zagubi\u0142a si\u0119 w fantasy jak Alicja w Krainie Czar\u00f3w i niczym Obie\u017cy\u015bwiat postanowi\u0142a zwiedzi\u0107 wszystkie fantastyczne krainy. Kolekcjonuje ksi\u0105\u017cki jak Flash mandaty za pr\u0119dko\u015b\u0107. Optymistyczna jak K\u0142apouchy, energiczna jak Garfield z nut\u0105 gramatyki Yody. Nienawidzi zimna jak Anakin piasku, a paj\u0105ki kocha r\u00f3wnie mocno co Ron Wesley. \u017beby przeczyta\u0107 i obejrze\u0107 wszystko co jej si\u0119 marzy, musia\u0142aby \u017cy\u0107 tak d\u0142ugo, jak Legolas. Z tego powodu od wielu lat bezskutecznie pr\u00f3buje zosta\u0107 elfem. foto: Makove Love\",\"url\":\"https:\/\/pyrkon.pl\/en\/author\/joanna\/\"}]}<\/script>\n<!-- \/ Yoast SEO Premium plugin. -->","yoast_head_json":{"title":"Edward James Olmos is coming to Pyrkon 2020! &#8902; Pyrkon Fantastyczne Miejsce Spotka\u0144","description":"Edward James Olmos will be the guest of Pyrkon 2020! You will be able to meet this iconic actor in Pozna\u0144 on 8-10th May 2020!","robots":{"index":"index","follow":"follow","max-snippet":"max-snippet:-1","max-image-preview":"max-image-preview:large","max-video-preview":"max-video-preview:-1"},"canonical":"https:\/\/pyrkon.pl\/en\/program-en\/edward-james-olmos-is-coming-to-pyrkon-2020\/","og_locale":"en_US","og_type":"article","og_title":"Edward James Olmos is coming to Pyrkon 2020!","og_description":"Edward James Olmos will be the guest of Pyrkon 2020! You will be able to meet this iconic actor in Pozna\u0144 on 8-10th May 2020!","og_url":"https:\/\/pyrkon.pl\/en\/program-en\/edward-james-olmos-is-coming-to-pyrkon-2020\/","og_site_name":"Pyrkon Fantastyczne Miejsce Spotka\u0144","article_publisher":"https:\/\/www.facebook.com\/Pyrkon","article_published_time":"2019-12-23T19:04:08+00:00","article_modified_time":"2019-12-23T19:04:09+00:00","og_image":[{"width":1200,"height":630,"url":"https:\/\/pyrkon.pl\/wp-content\/uploads\/2019\/12\/Edward-James-Olmos-Pyrkon-2020.jpg","type":"image\/jpeg"}],"author":"Joanna Dziedzic","twitter_card":"summary_large_image","twitter_creator":"@pyrkon","twitter_site":"@pyrkon","twitter_misc":{"Written by":"Joanna Dziedzic","Est. reading time":"1 minute"},"schema":{"@context":"https:\/\/schema.org","@graph":[{"@type":"Article","@id":"https:\/\/pyrkon.pl\/en\/program-en\/edward-james-olmos-is-coming-to-pyrkon-2020\/#article","isPartOf":{"@id":"https:\/\/pyrkon.pl\/en\/program-en\/edward-james-olmos-is-coming-to-pyrkon-2020\/"},"author":{"name":"Joanna Dziedzic","@id":"https:\/\/pyrkon.pl\/#\/schema\/person\/9452e0c3f9f8591ec6d12f4f6e2808e3"},"headline":"Edward James Olmos is coming to Pyrkon 2020!","datePublished":"2019-12-23T19:04:08+00:00","dateModified":"2019-12-23T19:04:09+00:00","mainEntityOfPage":{"@id":"https:\/\/pyrkon.pl\/en\/program-en\/edward-james-olmos-is-coming-to-pyrkon-2020\/"},"wordCount":157,"publisher":{"@id":"https:\/\/pyrkon.pl\/#organization"},"image":{"@id":"https:\/\/pyrkon.pl\/en\/program-en\/edward-james-olmos-is-coming-to-pyrkon-2020\/#primaryimage"},"thumbnailUrl":"https:\/\/pyrkon.pl\/wp-content\/uploads\/2019\/12\/Edward-James-Olmos-Pyrkon.jpg","keywords":["guests","program","program","Pyrkon 2020"],"articleSection":["Program"],"inLanguage":"en-US"},{"@type":"WebPage","@id":"https:\/\/pyrkon.pl\/en\/program-en\/edward-james-olmos-is-coming-to-pyrkon-2020\/","url":"https:\/\/pyrkon.pl\/en\/program-en\/edward-james-olmos-is-coming-to-pyrkon-2020\/","name":"Edward James Olmos is coming to Pyrkon 2020! &#8902; Pyrkon Fantastyczne Miejsce Spotka\u0144","isPartOf":{"@id":"https:\/\/pyrkon.pl\/#website"},"primaryImageOfPage":{"@id":"https:\/\/pyrkon.pl\/en\/program-en\/edward-james-olmos-is-coming-to-pyrkon-2020\/#primaryimage"},"image":{"@id":"https:\/\/pyrkon.pl\/en\/program-en\/edward-james-olmos-is-coming-to-pyrkon-2020\/#primaryimage"},"thumbnailUrl":"https:\/\/pyrkon.pl\/wp-content\/uploads\/2019\/12\/Edward-James-Olmos-Pyrkon.jpg","datePublished":"2019-12-23T19:04:08+00:00","dateModified":"2019-12-23T19:04:09+00:00","description":"Edward James Olmos will be the guest of Pyrkon 2020! You will be able to meet this iconic actor in Pozna\u0144 on 8-10th May 2020!","breadcrumb":{"@id":"https:\/\/pyrkon.pl\/en\/program-en\/edward-james-olmos-is-coming-to-pyrkon-2020\/#breadcrumb"},"inLanguage":"en-US","potentialAction":[{"@type":"ReadAction","target":["https:\/\/pyrkon.pl\/en\/program-en\/edward-james-olmos-is-coming-to-pyrkon-2020\/"]}]},{"@type":"ImageObject","inLanguage":"en-US","@id":"https:\/\/pyrkon.pl\/en\/program-en\/edward-james-olmos-is-coming-to-pyrkon-2020\/#primaryimage","url":"https:\/\/pyrkon.pl\/wp-content\/uploads\/2019\/12\/Edward-James-Olmos-Pyrkon.jpg","contentUrl":"https:\/\/pyrkon.pl\/wp-content\/uploads\/2019\/12\/Edward-James-Olmos-Pyrkon.jpg","width":800,"height":450,"caption":"Edward James Olmos, Pyrkon 2020, Festiwal Fantastyki Pyrkon"},{"@type":"BreadcrumbList","@id":"https:\/\/pyrkon.pl\/en\/program-en\/edward-james-olmos-is-coming-to-pyrkon-2020\/#breadcrumb","itemListElement":[{"@type":"ListItem","position":1,"name":"Strona g\u0142\u00f3wna","item":"https:\/\/pyrkon.pl\/en\/"},{"@type":"ListItem","position":2,"name":"Program","item":"https:\/\/pyrkon.pl\/category\/program\/"},{"@type":"ListItem","position":3,"name":"Edward James Olmos is coming to Pyrkon 2020!"}]},{"@type":"WebSite","@id":"https:\/\/pyrkon.pl\/#website","url":"https:\/\/pyrkon.pl\/","name":"Pyrkon Fantastyczne Miejsce Spotka\u0144","description":"Festiwal Fantastyki","publisher":{"@id":"https:\/\/pyrkon.pl\/#organization"},"potentialAction":[{"@type":"SearchAction","target":{"@type":"EntryPoint","urlTemplate":"https:\/\/pyrkon.pl\/?s={search_term_string}"},"query-input":{"@type":"PropertyValueSpecification","valueRequired":true,"valueName":"search_term_string"}}],"inLanguage":"en-US"},{"@type":"Organization","@id":"https:\/\/pyrkon.pl\/#organization","name":"Pyrkon Fantastyczne Miejsce Spotka\u0144","url":"https:\/\/pyrkon.pl\/","logo":{"@type":"ImageObject","inLanguage":"en-US","@id":"https:\/\/pyrkon.pl\/#\/schema\/logo\/image\/","url":"https:\/\/pyrkon.pl\/wp-content\/uploads\/2018\/02\/Festiwal_Fantastyki_Pyrkon_logo_Black_CMYK.jpg","contentUrl":"https:\/\/pyrkon.pl\/wp-content\/uploads\/2018\/02\/Festiwal_Fantastyki_Pyrkon_logo_Black_CMYK.jpg","width":1300,"height":401,"caption":"Pyrkon Fantastyczne Miejsce Spotka\u0144"},"image":{"@id":"https:\/\/pyrkon.pl\/#\/schema\/logo\/image\/"},"sameAs":["https:\/\/www.facebook.com\/Pyrkon","https:\/\/x.com\/pyrkon","https:\/\/www.instagram.com\/pyrkon\/","https:\/\/www.youtube.com\/user\/FestiwalPyrkon"]},{"@type":"Person","@id":"https:\/\/pyrkon.pl\/#\/schema\/person\/9452e0c3f9f8591ec6d12f4f6e2808e3","name":"Joanna Dziedzic","image":{"@type":"ImageObject","inLanguage":"en-US","@id":"https:\/\/pyrkon.pl\/#\/schema\/person\/image\/","url":"https:\/\/secure.gravatar.com\/avatar\/7325f469a5820f19492d1dcc4964b7f3cf5a62e17888a594f12747ad4c8bd81d?s=96&d=mm&r=g","contentUrl":"https:\/\/secure.gravatar.com\/avatar\/7325f469a5820f19492d1dcc4964b7f3cf5a62e17888a594f12747ad4c8bd81d?s=96&d=mm&r=g","caption":"Joanna Dziedzic"},"description":"Jako dziecko zagubi\u0142a si\u0119 w fantasy jak Alicja w Krainie Czar\u00f3w i niczym Obie\u017cy\u015bwiat postanowi\u0142a zwiedzi\u0107 wszystkie fantastyczne krainy. Kolekcjonuje ksi\u0105\u017cki jak Flash mandaty za pr\u0119dko\u015b\u0107. Optymistyczna jak K\u0142apouchy, energiczna jak Garfield z nut\u0105 gramatyki Yody. Nienawidzi zimna jak Anakin piasku, a paj\u0105ki kocha r\u00f3wnie mocno co Ron Wesley. \u017beby przeczyta\u0107 i obejrze\u0107 wszystko co jej si\u0119 marzy, musia\u0142aby \u017cy\u0107 tak d\u0142ugo, jak Legolas. Z tego powodu od wielu lat bezskutecznie pr\u00f3buje zosta\u0107 elfem. foto: Makove Love","url":"https:\/\/pyrkon.pl\/en\/author\/joanna\/"}]}},"_links":{"self":[{"href":"https:\/\/pyrkon.pl\/en\/wp-json\/wp\/v2\/posts\/17851","targetHints":{"allow":["GET"]}}],"collection":[{"href":"https:\/\/pyrkon.pl\/en\/wp-json\/wp\/v2\/posts"}],"about":[{"href":"https:\/\/pyrkon.pl\/en\/wp-json\/wp\/v2\/types\/post"}],"author":[{"embeddable":true,"href":"https:\/\/pyrkon.pl\/en\/wp-json\/wp\/v2\/users\/4"}],"replies":[{"embeddable":true,"href":"https:\/\/pyrkon.pl\/en\/wp-json\/wp\/v2\/comments?post=17851"}],"version-history":[{"count":4,"href":"https:\/\/pyrkon.pl\/en\/wp-json\/wp\/v2\/posts\/17851\/revisions"}],"predecessor-version":[{"id":17858,"href":"https:\/\/pyrkon.pl\/en\/wp-json\/wp\/v2\/posts\/17851\/revisions\/17858"}],"wp:featuredmedia":[{"embeddable":true,"href":"https:\/\/pyrkon.pl\/en\/wp-json\/wp\/v2\/media\/17848"}],"wp:attachment":[{"href":"https:\/\/pyrkon.pl\/en\/wp-json\/wp\/v2\/media?parent=17851"}],"wp:term":[{"taxonomy":"category","embeddable":true,"href":"https:\/\/pyrkon.pl\/en\/wp-json\/wp\/v2\/categories?post=17851"},{"taxonomy":"post_tag","embeddable":true,"href":"https:\/\/pyrkon.pl\/en\/wp-json\/wp\/v2\/tags?post=17851"},{"taxonomy":"pyr_topics","embeddable":true,"href":"https:\/\/pyrkon.pl\/en\/wp-json\/wp\/v2\/pyr_topics?post=17851"}],"curies":[{"name":"wp","href":"https:\/\/api.w.org\/{rel}","templated":true}]}}