{"id":18909,"date":"2020-02-18T08:56:10","date_gmt":"2020-02-18T07:56:10","guid":{"rendered":"https:\/\/pyrkon.pl\/?p=18909"},"modified":"2020-02-18T08:56:12","modified_gmt":"2020-02-18T07:56:12","slug":"catherynne-m-valente","status":"publish","type":"post","link":"https:\/\/pyrkon.pl\/en\/uncategorized\/catherynne-m-valente\/","title":{"rendered":"Another guest of the Literature Section. You will meet Catherynne M. Valente at the upcoming Pyrkon!"},"content":{"rendered":"\n<p><strong>Surely we will find some Mass Effect fans here, who will be interested to know that the author of the <em>Mass Effect Andromeda: Annihilation <\/em>novelset in the well-known and loved game universe will be visiting Pyrkon 2020.<\/strong><\/p>\n\n\n\n<!--more-->\n\n\n\n<h2 class=\"wp-block-heading\"><strong>A few words about Catherynne M. Valente<\/strong><\/h2>\n\n\n\n<div class=\"wp-block-media-text alignwide\"><figure class=\"wp-block-media-text__media\"><img loading=\"lazy\" decoding=\"async\" width=\"400\" height=\"618\" src=\"https:\/\/pyrkon.pl\/wp-content\/uploads\/2020\/02\/M.Valente-ma\u0142e.jpg\" alt=\"\" class=\"wp-image-18898\" srcset=\"https:\/\/pyrkon.pl\/wp-content\/uploads\/2020\/02\/M.Valente-ma\u0142e.jpg 400w, https:\/\/pyrkon.pl\/wp-content\/uploads\/2020\/02\/M.Valente-ma\u0142e-194x300.jpg 194w\" sizes=\"auto, (max-width: 400px) 100vw, 400px\" \/><\/figure><div class=\"wp-block-media-text__content\">\n<p>Catherynne is an American poet, literary critic and writer, who wrote numerous novels and short stories set mainly within the fantasy convention It is one of the best-selling authors according to \u201cThe New York Times\u201d as well as a journalist for \u201cUSA Today\u201d. A couple of series she wrote have been published in Poland, so if you own any of her books, you simply must come to Catherynne\u2019s autograph session! <\/p>\n\n\n\n<p> In addition to the novel mentioned below, the plot of which is set in the <em>Mass Effect universe, Catherynne also wrote among others the following:<\/em> The Lenningrad Diptych (currently composed of the Deathless noves), The Orphan&#8217;s Tales (including two volumes, entitled: <em>The Orphan&#8217;s Tales: In the Night Garden and The Orphan&#8217;s Tales: In the Cities of Coin and Spice<\/em> as well as the Fairyland (here you can read as many as three volumes: <em>The Girl Who Circumnavigated Fairyland in a Ship of Her Own Making, The Girl Who Fell Beneath Fairyland and Led the Revels There <\/em>and <em>The Girl Who Soared Over Fairyland and Cut the Moon in Two).<\/em><\/p>\n<\/div><\/div>\n\n\n\n<p><\/p>\n\n\n\n<p>Catherynne M. Valente graduated from the University of San Diego and Edinburgh with a degree in classical studies, she also spent a couple of years in Japan. After returning from the Cherry Blossom Land, she settled down on the coast of Maine along with her husband and son.  <\/p>\n","protected":false},"excerpt":{"rendered":"<p>Surely we will find some Mass Effect fans here, who will be interested to know that the author of the Mass Effect Andromeda: Annihilation novel set in the well-known and loved game universe will be visiting Pyrkon 2020.<\/p>\n","protected":false},"author":2763,"featured_media":18906,"comment_status":"closed","ping_status":"closed","sticky":false,"template":"","format":"standard","meta":{"_acf_changed":false,"footnotes":""},"categories":[14,13],"tags":[59,29,57,7322],"pyr_topics":[],"class_list":["post-18909","post","type-post","status-publish","format-standard","has-post-thumbnail","hentry","category-program-en","category-uncategorized","tag-guests","tag-program","tag-program-en-2","tag-pyrkon2020eng"],"acf":[],"yoast_head":"<!-- This site is optimized with the Yoast SEO Premium plugin v25.9 (Yoast SEO v25.9) - https:\/\/yoast.com\/wordpress\/plugins\/seo\/ -->\n<title>Another guest of the Literature Section. You will meet Catherynne M. Valente at the upcoming Pyrkon! &#8902; Pyrkon Fantastyczne Miejsce Spotka\u0144<\/title>\n<meta name=\"description\" content=\"Surely we will find some Mass Effect fans here, who will be interested to know that the author of the Mass Effect Andromeda: Annihilation novel set in the well-known and loved game universe will be visiting Pyrkon 2020.\" \/>\n<meta name=\"robots\" content=\"index, follow, max-snippet:-1, max-image-preview:large, max-video-preview:-1\" \/>\n<link rel=\"canonical\" href=\"https:\/\/pyrkon.pl\/en\/uncategorized\/catherynne-m-valente\/\" \/>\n<meta property=\"og:locale\" content=\"en_US\" \/>\n<meta property=\"og:type\" content=\"article\" \/>\n<meta property=\"og:title\" content=\"Another guest of the Literature Section. You will meet Catherynne M. Valente at the upcoming Pyrkon!\" \/>\n<meta property=\"og:description\" content=\"Surely we will find some Mass Effect fans here, who will be interested to know that the author of the Mass Effect Andromeda: Annihilation novel set in the well-known and loved game universe will be visiting Pyrkon 2020.\" \/>\n<meta property=\"og:url\" content=\"https:\/\/pyrkon.pl\/en\/uncategorized\/catherynne-m-valente\/\" \/>\n<meta property=\"og:site_name\" content=\"Pyrkon Fantastyczne Miejsce Spotka\u0144\" \/>\n<meta property=\"article:publisher\" content=\"https:\/\/www.facebook.com\/Pyrkon\" \/>\n<meta property=\"article:published_time\" content=\"2020-02-18T07:56:10+00:00\" \/>\n<meta property=\"article:modified_time\" content=\"2020-02-18T07:56:12+00:00\" \/>\n<meta property=\"og:image\" content=\"https:\/\/pyrkon.pl\/wp-content\/uploads\/2020\/02\/C.M.Valente-yoast-1.jpg\" \/>\n\t<meta property=\"og:image:width\" content=\"1200\" \/>\n\t<meta property=\"og:image:height\" content=\"630\" \/>\n\t<meta property=\"og:image:type\" content=\"image\/jpeg\" \/>\n<meta name=\"author\" content=\"Idris\" \/>\n<meta name=\"twitter:card\" content=\"summary_large_image\" \/>\n<meta name=\"twitter:creator\" content=\"@pyrkon\" \/>\n<meta name=\"twitter:site\" content=\"@pyrkon\" \/>\n<meta name=\"twitter:label1\" content=\"Written by\" \/>\n\t<meta name=\"twitter:data1\" content=\"Idris\" \/>\n\t<meta name=\"twitter:label2\" content=\"Est. reading time\" \/>\n\t<meta name=\"twitter:data2\" content=\"1 minute\" \/>\n<script type=\"application\/ld+json\" class=\"yoast-schema-graph\">{\"@context\":\"https:\/\/schema.org\",\"@graph\":[{\"@type\":\"Article\",\"@id\":\"https:\/\/pyrkon.pl\/en\/uncategorized\/catherynne-m-valente\/#article\",\"isPartOf\":{\"@id\":\"https:\/\/pyrkon.pl\/en\/uncategorized\/catherynne-m-valente\/\"},\"author\":{\"name\":\"Idris\",\"@id\":\"https:\/\/pyrkon.pl\/#\/schema\/person\/8c9d5829fd1a79ecabecad081cc5fb27\"},\"headline\":\"Another guest of the Literature Section. You will meet Catherynne M. Valente at the upcoming Pyrkon!\",\"datePublished\":\"2020-02-18T07:56:10+00:00\",\"dateModified\":\"2020-02-18T07:56:12+00:00\",\"mainEntityOfPage\":{\"@id\":\"https:\/\/pyrkon.pl\/en\/uncategorized\/catherynne-m-valente\/\"},\"wordCount\":290,\"publisher\":{\"@id\":\"https:\/\/pyrkon.pl\/#organization\"},\"image\":{\"@id\":\"https:\/\/pyrkon.pl\/en\/uncategorized\/catherynne-m-valente\/#primaryimage\"},\"thumbnailUrl\":\"https:\/\/pyrkon.pl\/wp-content\/uploads\/2020\/02\/C.M.Valente-news.jpg\",\"keywords\":[\"guests\",\"program\",\"program\",\"Pyrkon2020eng\"],\"articleSection\":[\"Program\"],\"inLanguage\":\"en-US\"},{\"@type\":\"WebPage\",\"@id\":\"https:\/\/pyrkon.pl\/en\/uncategorized\/catherynne-m-valente\/\",\"url\":\"https:\/\/pyrkon.pl\/en\/uncategorized\/catherynne-m-valente\/\",\"name\":\"Another guest of the Literature Section. You will meet Catherynne M. Valente at the upcoming Pyrkon! &#8902; Pyrkon Fantastyczne Miejsce Spotka\u0144\",\"isPartOf\":{\"@id\":\"https:\/\/pyrkon.pl\/#website\"},\"primaryImageOfPage\":{\"@id\":\"https:\/\/pyrkon.pl\/en\/uncategorized\/catherynne-m-valente\/#primaryimage\"},\"image\":{\"@id\":\"https:\/\/pyrkon.pl\/en\/uncategorized\/catherynne-m-valente\/#primaryimage\"},\"thumbnailUrl\":\"https:\/\/pyrkon.pl\/wp-content\/uploads\/2020\/02\/C.M.Valente-news.jpg\",\"datePublished\":\"2020-02-18T07:56:10+00:00\",\"dateModified\":\"2020-02-18T07:56:12+00:00\",\"description\":\"Surely we will find some Mass Effect fans here, who will be interested to know that the author of the Mass Effect Andromeda: Annihilation novel set in the well-known and loved game universe will be visiting Pyrkon 2020.\",\"breadcrumb\":{\"@id\":\"https:\/\/pyrkon.pl\/en\/uncategorized\/catherynne-m-valente\/#breadcrumb\"},\"inLanguage\":\"en-US\",\"potentialAction\":[{\"@type\":\"ReadAction\",\"target\":[\"https:\/\/pyrkon.pl\/en\/uncategorized\/catherynne-m-valente\/\"]}]},{\"@type\":\"ImageObject\",\"inLanguage\":\"en-US\",\"@id\":\"https:\/\/pyrkon.pl\/en\/uncategorized\/catherynne-m-valente\/#primaryimage\",\"url\":\"https:\/\/pyrkon.pl\/wp-content\/uploads\/2020\/02\/C.M.Valente-news.jpg\",\"contentUrl\":\"https:\/\/pyrkon.pl\/wp-content\/uploads\/2020\/02\/C.M.Valente-news.jpg\",\"width\":900,\"height\":570},{\"@type\":\"BreadcrumbList\",\"@id\":\"https:\/\/pyrkon.pl\/en\/uncategorized\/catherynne-m-valente\/#breadcrumb\",\"itemListElement\":[{\"@type\":\"ListItem\",\"position\":1,\"name\":\"Strona g\u0142\u00f3wna\",\"item\":\"https:\/\/pyrkon.pl\/en\/\"},{\"@type\":\"ListItem\",\"position\":2,\"name\":\"Program\",\"item\":\"https:\/\/pyrkon.pl\/category\/program\/\"},{\"@type\":\"ListItem\",\"position\":3,\"name\":\"Another guest of the Literature Section. You will meet Catherynne M. Valente at the upcoming Pyrkon!\"}]},{\"@type\":\"WebSite\",\"@id\":\"https:\/\/pyrkon.pl\/#website\",\"url\":\"https:\/\/pyrkon.pl\/\",\"name\":\"Pyrkon Fantastyczne Miejsce Spotka\u0144\",\"description\":\"Festiwal Fantastyki\",\"publisher\":{\"@id\":\"https:\/\/pyrkon.pl\/#organization\"},\"potentialAction\":[{\"@type\":\"SearchAction\",\"target\":{\"@type\":\"EntryPoint\",\"urlTemplate\":\"https:\/\/pyrkon.pl\/?s={search_term_string}\"},\"query-input\":{\"@type\":\"PropertyValueSpecification\",\"valueRequired\":true,\"valueName\":\"search_term_string\"}}],\"inLanguage\":\"en-US\"},{\"@type\":\"Organization\",\"@id\":\"https:\/\/pyrkon.pl\/#organization\",\"name\":\"Pyrkon Fantastyczne Miejsce Spotka\u0144\",\"url\":\"https:\/\/pyrkon.pl\/\",\"logo\":{\"@type\":\"ImageObject\",\"inLanguage\":\"en-US\",\"@id\":\"https:\/\/pyrkon.pl\/#\/schema\/logo\/image\/\",\"url\":\"https:\/\/pyrkon.pl\/wp-content\/uploads\/2018\/02\/Festiwal_Fantastyki_Pyrkon_logo_Black_CMYK.jpg\",\"contentUrl\":\"https:\/\/pyrkon.pl\/wp-content\/uploads\/2018\/02\/Festiwal_Fantastyki_Pyrkon_logo_Black_CMYK.jpg\",\"width\":1300,\"height\":401,\"caption\":\"Pyrkon Fantastyczne Miejsce Spotka\u0144\"},\"image\":{\"@id\":\"https:\/\/pyrkon.pl\/#\/schema\/logo\/image\/\"},\"sameAs\":[\"https:\/\/www.facebook.com\/Pyrkon\",\"https:\/\/x.com\/pyrkon\",\"https:\/\/www.instagram.com\/pyrkon\/\",\"https:\/\/www.youtube.com\/user\/FestiwalPyrkon\"]},{\"@type\":\"Person\",\"@id\":\"https:\/\/pyrkon.pl\/#\/schema\/person\/8c9d5829fd1a79ecabecad081cc5fb27\",\"name\":\"Idris\",\"image\":{\"@type\":\"ImageObject\",\"inLanguage\":\"en-US\",\"@id\":\"https:\/\/pyrkon.pl\/#\/schema\/person\/image\/\",\"url\":\"https:\/\/secure.gravatar.com\/avatar\/08e16a51ce17aea6d1317d4dca44a8987c300f02a19c9eb885a9d60500f528e7?s=96&d=mm&r=g\",\"contentUrl\":\"https:\/\/secure.gravatar.com\/avatar\/08e16a51ce17aea6d1317d4dca44a8987c300f02a19c9eb885a9d60500f528e7?s=96&d=mm&r=g\",\"caption\":\"Idris\"},\"description\":\"Nie sypia, bo sen uwa\u017ca za luksusowy zamiennik kawy dla ludzi, kt\u00f3rzy maj\u0105 nadmiar wolnego czasu. Z zapa\u0142em alchemika przetwarza hektolitry kofeiny w literki. Absolwentka psychokryminalistyki i psychologii, z zajawk\u0105 w stron\u0119 marketingu i popkultury. Relaks uskutecznia przy podcastach true crime, puzzlach i ksi\u0105\u017cce (niekoniecznie dobrej). Trenuje boks i z zaanga\u017cowaniem godnym lepszej sprawy przerzuca ci\u0119\u017ckie kr\u0105\u017cki na si\u0142owni. Doros\u0142o\u015b\u0107 traktuje podejrzliwie, ale czekoladzie ufa bezgranicznie - ona po prostu rozumie. Lubi rodzynki w serniczku i cynamon w jab\u0142eczniku.\",\"url\":\"https:\/\/pyrkon.pl\/en\/author\/idris\/\"}]}<\/script>\n<!-- \/ Yoast SEO Premium plugin. -->","yoast_head_json":{"title":"Another guest of the Literature Section. You will meet Catherynne M. Valente at the upcoming Pyrkon! &#8902; Pyrkon Fantastyczne Miejsce Spotka\u0144","description":"Surely we will find some Mass Effect fans here, who will be interested to know that the author of the Mass Effect Andromeda: Annihilation novel set in the well-known and loved game universe will be visiting Pyrkon 2020.","robots":{"index":"index","follow":"follow","max-snippet":"max-snippet:-1","max-image-preview":"max-image-preview:large","max-video-preview":"max-video-preview:-1"},"canonical":"https:\/\/pyrkon.pl\/en\/uncategorized\/catherynne-m-valente\/","og_locale":"en_US","og_type":"article","og_title":"Another guest of the Literature Section. You will meet Catherynne M. Valente at the upcoming Pyrkon!","og_description":"Surely we will find some Mass Effect fans here, who will be interested to know that the author of the Mass Effect Andromeda: Annihilation novel set in the well-known and loved game universe will be visiting Pyrkon 2020.","og_url":"https:\/\/pyrkon.pl\/en\/uncategorized\/catherynne-m-valente\/","og_site_name":"Pyrkon Fantastyczne Miejsce Spotka\u0144","article_publisher":"https:\/\/www.facebook.com\/Pyrkon","article_published_time":"2020-02-18T07:56:10+00:00","article_modified_time":"2020-02-18T07:56:12+00:00","og_image":[{"width":1200,"height":630,"url":"https:\/\/pyrkon.pl\/wp-content\/uploads\/2020\/02\/C.M.Valente-yoast-1.jpg","type":"image\/jpeg"}],"author":"Idris","twitter_card":"summary_large_image","twitter_creator":"@pyrkon","twitter_site":"@pyrkon","twitter_misc":{"Written by":"Idris","Est. reading time":"1 minute"},"schema":{"@context":"https:\/\/schema.org","@graph":[{"@type":"Article","@id":"https:\/\/pyrkon.pl\/en\/uncategorized\/catherynne-m-valente\/#article","isPartOf":{"@id":"https:\/\/pyrkon.pl\/en\/uncategorized\/catherynne-m-valente\/"},"author":{"name":"Idris","@id":"https:\/\/pyrkon.pl\/#\/schema\/person\/8c9d5829fd1a79ecabecad081cc5fb27"},"headline":"Another guest of the Literature Section. You will meet Catherynne M. Valente at the upcoming Pyrkon!","datePublished":"2020-02-18T07:56:10+00:00","dateModified":"2020-02-18T07:56:12+00:00","mainEntityOfPage":{"@id":"https:\/\/pyrkon.pl\/en\/uncategorized\/catherynne-m-valente\/"},"wordCount":290,"publisher":{"@id":"https:\/\/pyrkon.pl\/#organization"},"image":{"@id":"https:\/\/pyrkon.pl\/en\/uncategorized\/catherynne-m-valente\/#primaryimage"},"thumbnailUrl":"https:\/\/pyrkon.pl\/wp-content\/uploads\/2020\/02\/C.M.Valente-news.jpg","keywords":["guests","program","program","Pyrkon2020eng"],"articleSection":["Program"],"inLanguage":"en-US"},{"@type":"WebPage","@id":"https:\/\/pyrkon.pl\/en\/uncategorized\/catherynne-m-valente\/","url":"https:\/\/pyrkon.pl\/en\/uncategorized\/catherynne-m-valente\/","name":"Another guest of the Literature Section. You will meet Catherynne M. Valente at the upcoming Pyrkon! &#8902; Pyrkon Fantastyczne Miejsce Spotka\u0144","isPartOf":{"@id":"https:\/\/pyrkon.pl\/#website"},"primaryImageOfPage":{"@id":"https:\/\/pyrkon.pl\/en\/uncategorized\/catherynne-m-valente\/#primaryimage"},"image":{"@id":"https:\/\/pyrkon.pl\/en\/uncategorized\/catherynne-m-valente\/#primaryimage"},"thumbnailUrl":"https:\/\/pyrkon.pl\/wp-content\/uploads\/2020\/02\/C.M.Valente-news.jpg","datePublished":"2020-02-18T07:56:10+00:00","dateModified":"2020-02-18T07:56:12+00:00","description":"Surely we will find some Mass Effect fans here, who will be interested to know that the author of the Mass Effect Andromeda: Annihilation novel set in the well-known and loved game universe will be visiting Pyrkon 2020.","breadcrumb":{"@id":"https:\/\/pyrkon.pl\/en\/uncategorized\/catherynne-m-valente\/#breadcrumb"},"inLanguage":"en-US","potentialAction":[{"@type":"ReadAction","target":["https:\/\/pyrkon.pl\/en\/uncategorized\/catherynne-m-valente\/"]}]},{"@type":"ImageObject","inLanguage":"en-US","@id":"https:\/\/pyrkon.pl\/en\/uncategorized\/catherynne-m-valente\/#primaryimage","url":"https:\/\/pyrkon.pl\/wp-content\/uploads\/2020\/02\/C.M.Valente-news.jpg","contentUrl":"https:\/\/pyrkon.pl\/wp-content\/uploads\/2020\/02\/C.M.Valente-news.jpg","width":900,"height":570},{"@type":"BreadcrumbList","@id":"https:\/\/pyrkon.pl\/en\/uncategorized\/catherynne-m-valente\/#breadcrumb","itemListElement":[{"@type":"ListItem","position":1,"name":"Strona g\u0142\u00f3wna","item":"https:\/\/pyrkon.pl\/en\/"},{"@type":"ListItem","position":2,"name":"Program","item":"https:\/\/pyrkon.pl\/category\/program\/"},{"@type":"ListItem","position":3,"name":"Another guest of the Literature Section. You will meet Catherynne M. Valente at the upcoming Pyrkon!"}]},{"@type":"WebSite","@id":"https:\/\/pyrkon.pl\/#website","url":"https:\/\/pyrkon.pl\/","name":"Pyrkon Fantastyczne Miejsce Spotka\u0144","description":"Festiwal Fantastyki","publisher":{"@id":"https:\/\/pyrkon.pl\/#organization"},"potentialAction":[{"@type":"SearchAction","target":{"@type":"EntryPoint","urlTemplate":"https:\/\/pyrkon.pl\/?s={search_term_string}"},"query-input":{"@type":"PropertyValueSpecification","valueRequired":true,"valueName":"search_term_string"}}],"inLanguage":"en-US"},{"@type":"Organization","@id":"https:\/\/pyrkon.pl\/#organization","name":"Pyrkon Fantastyczne Miejsce Spotka\u0144","url":"https:\/\/pyrkon.pl\/","logo":{"@type":"ImageObject","inLanguage":"en-US","@id":"https:\/\/pyrkon.pl\/#\/schema\/logo\/image\/","url":"https:\/\/pyrkon.pl\/wp-content\/uploads\/2018\/02\/Festiwal_Fantastyki_Pyrkon_logo_Black_CMYK.jpg","contentUrl":"https:\/\/pyrkon.pl\/wp-content\/uploads\/2018\/02\/Festiwal_Fantastyki_Pyrkon_logo_Black_CMYK.jpg","width":1300,"height":401,"caption":"Pyrkon Fantastyczne Miejsce Spotka\u0144"},"image":{"@id":"https:\/\/pyrkon.pl\/#\/schema\/logo\/image\/"},"sameAs":["https:\/\/www.facebook.com\/Pyrkon","https:\/\/x.com\/pyrkon","https:\/\/www.instagram.com\/pyrkon\/","https:\/\/www.youtube.com\/user\/FestiwalPyrkon"]},{"@type":"Person","@id":"https:\/\/pyrkon.pl\/#\/schema\/person\/8c9d5829fd1a79ecabecad081cc5fb27","name":"Idris","image":{"@type":"ImageObject","inLanguage":"en-US","@id":"https:\/\/pyrkon.pl\/#\/schema\/person\/image\/","url":"https:\/\/secure.gravatar.com\/avatar\/08e16a51ce17aea6d1317d4dca44a8987c300f02a19c9eb885a9d60500f528e7?s=96&d=mm&r=g","contentUrl":"https:\/\/secure.gravatar.com\/avatar\/08e16a51ce17aea6d1317d4dca44a8987c300f02a19c9eb885a9d60500f528e7?s=96&d=mm&r=g","caption":"Idris"},"description":"Nie sypia, bo sen uwa\u017ca za luksusowy zamiennik kawy dla ludzi, kt\u00f3rzy maj\u0105 nadmiar wolnego czasu. Z zapa\u0142em alchemika przetwarza hektolitry kofeiny w literki. Absolwentka psychokryminalistyki i psychologii, z zajawk\u0105 w stron\u0119 marketingu i popkultury. Relaks uskutecznia przy podcastach true crime, puzzlach i ksi\u0105\u017cce (niekoniecznie dobrej). Trenuje boks i z zaanga\u017cowaniem godnym lepszej sprawy przerzuca ci\u0119\u017ckie kr\u0105\u017cki na si\u0142owni. Doros\u0142o\u015b\u0107 traktuje podejrzliwie, ale czekoladzie ufa bezgranicznie - ona po prostu rozumie. Lubi rodzynki w serniczku i cynamon w jab\u0142eczniku.","url":"https:\/\/pyrkon.pl\/en\/author\/idris\/"}]}},"_links":{"self":[{"href":"https:\/\/pyrkon.pl\/en\/wp-json\/wp\/v2\/posts\/18909","targetHints":{"allow":["GET"]}}],"collection":[{"href":"https:\/\/pyrkon.pl\/en\/wp-json\/wp\/v2\/posts"}],"about":[{"href":"https:\/\/pyrkon.pl\/en\/wp-json\/wp\/v2\/types\/post"}],"author":[{"embeddable":true,"href":"https:\/\/pyrkon.pl\/en\/wp-json\/wp\/v2\/users\/2763"}],"replies":[{"embeddable":true,"href":"https:\/\/pyrkon.pl\/en\/wp-json\/wp\/v2\/comments?post=18909"}],"version-history":[{"count":1,"href":"https:\/\/pyrkon.pl\/en\/wp-json\/wp\/v2\/posts\/18909\/revisions"}],"predecessor-version":[{"id":18910,"href":"https:\/\/pyrkon.pl\/en\/wp-json\/wp\/v2\/posts\/18909\/revisions\/18910"}],"wp:featuredmedia":[{"embeddable":true,"href":"https:\/\/pyrkon.pl\/en\/wp-json\/wp\/v2\/media\/18906"}],"wp:attachment":[{"href":"https:\/\/pyrkon.pl\/en\/wp-json\/wp\/v2\/media?parent=18909"}],"wp:term":[{"taxonomy":"category","embeddable":true,"href":"https:\/\/pyrkon.pl\/en\/wp-json\/wp\/v2\/categories?post=18909"},{"taxonomy":"post_tag","embeddable":true,"href":"https:\/\/pyrkon.pl\/en\/wp-json\/wp\/v2\/tags?post=18909"},{"taxonomy":"pyr_topics","embeddable":true,"href":"https:\/\/pyrkon.pl\/en\/wp-json\/wp\/v2\/pyr_topics?post=18909"}],"curies":[{"name":"wp","href":"https:\/\/api.w.org\/{rel}","templated":true}]}}