{"id":24720,"date":"2022-03-29T21:22:24","date_gmt":"2022-03-29T19:22:24","guid":{"rendered":"https:\/\/pyrkon.pl\/uncategorized\/the-most-exciting-news-rebbeca-f-kuang-will-come-to-pyrkon\/"},"modified":"2022-03-29T21:22:24","modified_gmt":"2022-03-29T19:22:24","slug":"the-most-exciting-news-rebbeca-f-kuang-will-come-to-pyrkon","status":"publish","type":"post","link":"https:\/\/pyrkon.pl\/en\/uncategorized\/the-most-exciting-news-rebbeca-f-kuang-will-come-to-pyrkon\/","title":{"rendered":"The most exciting news, Rebbeca F. Kuang will come to Pyrkon!"},"content":{"rendered":"\n<p>We are perfectly aware that many of you had anticipated the opportunity to meet Rebbeka F. Kuang during the 2020 edition, which was sadly canceled. You must have wondered whether this bestselling author of <em>\u201cThe Poppy War\u201d<\/em> will attend Pyrkon 2022. We are here to deliver great news! Rebecca F. Kuang will be there to greet you at this year\u2019s Convention!<\/p>\n\n<h2 class=\"wp-block-heading\" id=\"h-dowiedzmy-sie-wiecej-o-rebecce\"><strong>Let us tell you more about Rebecca<\/strong><\/h2>\n\n<div class=\"b-media-text b-media-text--center b-media-text--30\" id=\"b-media-text-block_624358c8fdaf5\">\n\t<figure class=\"b-media-text__medium b-media-text__medium--full\">\n\t\t\n\t\t\t<\/figure>\n\t<\/div>\n\n<p>Rebecca F. Kuang is a Chinese-American writer, born on 29th May 1996. Rebecca F. Kuang is a Chinese-American writer, born on 29th May 1996. She has received the Astounding Award for Best New Writer and in 2019 she was presented with the Compton Crook Award for Best First Novel. She has been nominated for such awards as Nebula, Locus, and World Fantasy Award. She graduated from Cambridge with a degree in Chinese Studies, and now she continues her studies of language and Chinese culture at Oxford. <\/p>\n\n<p>Her interest and great knowledge of Chinese culture significantly impact her incredible world creation in <em>\u201cThe Poppy War\u201d.<\/em> It\u2019s a dark and ruthless fantasy series inspired by the events in China during the twentieth century. It\u2019s a rich world filled with detailed descriptions of strategic planning and politics where fantasy intertwines with history. descriptions of strategic planning and politics where fantasy intertwines with history. Such world-building has brought <em>\u201cThe Poppy War\u201d<\/em> a multitude of fans from all around the world. If you count yourself among them, you will have an opportunity to meet this author and secure her autograph.<\/p>\n","protected":false},"excerpt":{"rendered":"<p>We are perfectly aware that many of you had anticipated the opportunity to meet Rebbeka F. Kuang during the 2020 edition, which was sadly canceled. You must have wondered whether this bestselling author of \u201cThe Poppy War\u201d will attend Pyrkon 2022. We are here to deliver great news! Rebecca F. Kuang will be there to [&hellip;]<\/p>\n","protected":false},"author":5950,"featured_media":24692,"comment_status":"closed","ping_status":"closed","sticky":false,"template":"","format":"standard","meta":{"_acf_changed":false,"footnotes":""},"categories":[14,13],"tags":[9413,9424,9399,9425,57,9414],"pyr_topics":[],"class_list":["post-24720","post","type-post","status-publish","format-standard","has-post-thumbnail","hentry","category-program-en","category-uncategorized","tag-blok-literacki-en-2","tag-fantastyka-en","tag-gosc-en","tag-literatura-en","tag-program-en-2","tag-pyrkon2022-en"],"acf":[],"yoast_head":"<!-- This site is optimized with the Yoast SEO Premium plugin v25.9 (Yoast SEO v25.9) - https:\/\/yoast.com\/wordpress\/plugins\/seo\/ -->\n<title>The most exciting news, Rebbeca F. Kuang will come to Pyrkon! &#8902; Pyrkon Fantastyczne Miejsce Spotka\u0144<\/title>\n<meta name=\"description\" content=\"Rebbeca F. Kuang, bestsellerowa pisarka, odwiedzi nas podczas tegorocznej edycji Festiwalu Fantastyki Pyrkon!\" \/>\n<meta name=\"robots\" content=\"index, follow, max-snippet:-1, max-image-preview:large, max-video-preview:-1\" \/>\n<link rel=\"canonical\" href=\"https:\/\/pyrkon.pl\/en\/uncategorized\/the-most-exciting-news-rebbeca-f-kuang-will-come-to-pyrkon\/\" \/>\n<meta property=\"og:locale\" content=\"en_US\" \/>\n<meta property=\"og:type\" content=\"article\" \/>\n<meta property=\"og:title\" content=\"The most exciting news, Rebbeca F. Kuang will come to Pyrkon!\" \/>\n<meta property=\"og:description\" content=\"Wiemy, \u017ce spora cz\u0119\u015b\u0107 Was czeka\u0142a z ut\u0119sknieniem na mo\u017cliwo\u015b\u0107 spotkania Rebbekki F. Kuang w 2020 roku podczas edycji festiwalu, kt\u00f3ra si\u0119 niestety nie odby\u0142a. Na pewno cz\u0119\u015b\u0107 z Was zastanawia\u0142a si\u0119, czy jest szansa, aby autorka bestsellerowej trylogii Wojen makowych pojawi\u0142a si\u0119 podczas Pyrkonu 2022 . Mamy dla Was \u015bwietn\u0105 wiadomo\u015b\u0107! Z przyjemno\u015bci\u0105 og\u0142aszamy, \u017ce Rebbeca F. Kuang odwiedzi nas podczas tegorocznej edycji festiwalu!\" \/>\n<meta property=\"og:url\" content=\"https:\/\/pyrkon.pl\/en\/uncategorized\/the-most-exciting-news-rebbeca-f-kuang-will-come-to-pyrkon\/\" \/>\n<meta property=\"og:site_name\" content=\"Pyrkon Fantastyczne Miejsce Spotka\u0144\" \/>\n<meta property=\"article:publisher\" content=\"https:\/\/www.facebook.com\/Pyrkon\" \/>\n<meta property=\"article:published_time\" content=\"2022-03-29T19:22:24+00:00\" \/>\n<meta property=\"og:image\" content=\"https:\/\/pyrkon.pl\/wp-content\/uploads\/2022\/03\/Kuang-yoast.jpg\" \/>\n<meta name=\"author\" content=\"Agnieszka Mr\u00f3z\" \/>\n<meta name=\"twitter:card\" content=\"summary_large_image\" \/>\n<meta name=\"twitter:creator\" content=\"@pyrkon\" \/>\n<meta name=\"twitter:site\" content=\"@pyrkon\" \/>\n<meta name=\"twitter:label1\" content=\"Written by\" \/>\n\t<meta name=\"twitter:data1\" content=\"Agnieszka Mr\u00f3z\" \/>\n\t<meta name=\"twitter:label2\" content=\"Est. reading time\" \/>\n\t<meta name=\"twitter:data2\" content=\"1 minute\" \/>\n<script type=\"application\/ld+json\" class=\"yoast-schema-graph\">{\"@context\":\"https:\/\/schema.org\",\"@graph\":[{\"@type\":\"Article\",\"@id\":\"https:\/\/pyrkon.pl\/en\/uncategorized\/the-most-exciting-news-rebbeca-f-kuang-will-come-to-pyrkon\/#article\",\"isPartOf\":{\"@id\":\"https:\/\/pyrkon.pl\/en\/uncategorized\/the-most-exciting-news-rebbeca-f-kuang-will-come-to-pyrkon\/\"},\"author\":{\"name\":\"Agnieszka Mr\u00f3z\",\"@id\":\"https:\/\/pyrkon.pl\/#\/schema\/person\/ead0a2781ab7831bef65372ab2a72549\"},\"headline\":\"The most exciting news, Rebbeca F. Kuang will come to Pyrkon!\",\"datePublished\":\"2022-03-29T19:22:24+00:00\",\"mainEntityOfPage\":{\"@id\":\"https:\/\/pyrkon.pl\/en\/uncategorized\/the-most-exciting-news-rebbeca-f-kuang-will-come-to-pyrkon\/\"},\"wordCount\":262,\"publisher\":{\"@id\":\"https:\/\/pyrkon.pl\/#organization\"},\"image\":{\"@id\":\"https:\/\/pyrkon.pl\/en\/uncategorized\/the-most-exciting-news-rebbeca-f-kuang-will-come-to-pyrkon\/#primaryimage\"},\"thumbnailUrl\":\"https:\/\/pyrkon.pl\/wp-content\/uploads\/2022\/03\/Kuang-glowna.jpg\",\"keywords\":[\"blok literacki\",\"fantastyka\",\"go\u015b\u0107\",\"literatura\",\"program\",\"Pyrkon2022\"],\"articleSection\":[\"Program\"],\"inLanguage\":\"en-US\"},{\"@type\":\"WebPage\",\"@id\":\"https:\/\/pyrkon.pl\/en\/uncategorized\/the-most-exciting-news-rebbeca-f-kuang-will-come-to-pyrkon\/\",\"url\":\"https:\/\/pyrkon.pl\/en\/uncategorized\/the-most-exciting-news-rebbeca-f-kuang-will-come-to-pyrkon\/\",\"name\":\"The most exciting news, Rebbeca F. Kuang will come to Pyrkon! &#8902; Pyrkon Fantastyczne Miejsce Spotka\u0144\",\"isPartOf\":{\"@id\":\"https:\/\/pyrkon.pl\/#website\"},\"primaryImageOfPage\":{\"@id\":\"https:\/\/pyrkon.pl\/en\/uncategorized\/the-most-exciting-news-rebbeca-f-kuang-will-come-to-pyrkon\/#primaryimage\"},\"image\":{\"@id\":\"https:\/\/pyrkon.pl\/en\/uncategorized\/the-most-exciting-news-rebbeca-f-kuang-will-come-to-pyrkon\/#primaryimage\"},\"thumbnailUrl\":\"https:\/\/pyrkon.pl\/wp-content\/uploads\/2022\/03\/Kuang-glowna.jpg\",\"datePublished\":\"2022-03-29T19:22:24+00:00\",\"description\":\"Rebbeca F. Kuang, bestsellerowa pisarka, odwiedzi nas podczas tegorocznej edycji Festiwalu Fantastyki Pyrkon!\",\"breadcrumb\":{\"@id\":\"https:\/\/pyrkon.pl\/en\/uncategorized\/the-most-exciting-news-rebbeca-f-kuang-will-come-to-pyrkon\/#breadcrumb\"},\"inLanguage\":\"en-US\",\"potentialAction\":[{\"@type\":\"ReadAction\",\"target\":[\"https:\/\/pyrkon.pl\/en\/uncategorized\/the-most-exciting-news-rebbeca-f-kuang-will-come-to-pyrkon\/\"]}]},{\"@type\":\"ImageObject\",\"inLanguage\":\"en-US\",\"@id\":\"https:\/\/pyrkon.pl\/en\/uncategorized\/the-most-exciting-news-rebbeca-f-kuang-will-come-to-pyrkon\/#primaryimage\",\"url\":\"https:\/\/pyrkon.pl\/wp-content\/uploads\/2022\/03\/Kuang-glowna.jpg\",\"contentUrl\":\"https:\/\/pyrkon.pl\/wp-content\/uploads\/2022\/03\/Kuang-glowna.jpg\",\"width\":900,\"height\":505},{\"@type\":\"BreadcrumbList\",\"@id\":\"https:\/\/pyrkon.pl\/en\/uncategorized\/the-most-exciting-news-rebbeca-f-kuang-will-come-to-pyrkon\/#breadcrumb\",\"itemListElement\":[{\"@type\":\"ListItem\",\"position\":1,\"name\":\"Strona g\u0142\u00f3wna\",\"item\":\"https:\/\/pyrkon.pl\/en\/\"},{\"@type\":\"ListItem\",\"position\":2,\"name\":\"Program\",\"item\":\"https:\/\/pyrkon.pl\/category\/program\/\"},{\"@type\":\"ListItem\",\"position\":3,\"name\":\"The most exciting news, Rebbeca F. Kuang will come to Pyrkon!\"}]},{\"@type\":\"WebSite\",\"@id\":\"https:\/\/pyrkon.pl\/#website\",\"url\":\"https:\/\/pyrkon.pl\/\",\"name\":\"Pyrkon Fantastyczne Miejsce Spotka\u0144\",\"description\":\"Festiwal Fantastyki\",\"publisher\":{\"@id\":\"https:\/\/pyrkon.pl\/#organization\"},\"potentialAction\":[{\"@type\":\"SearchAction\",\"target\":{\"@type\":\"EntryPoint\",\"urlTemplate\":\"https:\/\/pyrkon.pl\/?s={search_term_string}\"},\"query-input\":{\"@type\":\"PropertyValueSpecification\",\"valueRequired\":true,\"valueName\":\"search_term_string\"}}],\"inLanguage\":\"en-US\"},{\"@type\":\"Organization\",\"@id\":\"https:\/\/pyrkon.pl\/#organization\",\"name\":\"Pyrkon Fantastyczne Miejsce Spotka\u0144\",\"url\":\"https:\/\/pyrkon.pl\/\",\"logo\":{\"@type\":\"ImageObject\",\"inLanguage\":\"en-US\",\"@id\":\"https:\/\/pyrkon.pl\/#\/schema\/logo\/image\/\",\"url\":\"https:\/\/pyrkon.pl\/wp-content\/uploads\/2018\/02\/Festiwal_Fantastyki_Pyrkon_logo_Black_CMYK.jpg\",\"contentUrl\":\"https:\/\/pyrkon.pl\/wp-content\/uploads\/2018\/02\/Festiwal_Fantastyki_Pyrkon_logo_Black_CMYK.jpg\",\"width\":1300,\"height\":401,\"caption\":\"Pyrkon Fantastyczne Miejsce Spotka\u0144\"},\"image\":{\"@id\":\"https:\/\/pyrkon.pl\/#\/schema\/logo\/image\/\"},\"sameAs\":[\"https:\/\/www.facebook.com\/Pyrkon\",\"https:\/\/x.com\/pyrkon\",\"https:\/\/www.instagram.com\/pyrkon\/\",\"https:\/\/www.youtube.com\/user\/FestiwalPyrkon\"]},{\"@type\":\"Person\",\"@id\":\"https:\/\/pyrkon.pl\/#\/schema\/person\/ead0a2781ab7831bef65372ab2a72549\",\"name\":\"Agnieszka Mr\u00f3z\",\"image\":{\"@type\":\"ImageObject\",\"inLanguage\":\"en-US\",\"@id\":\"https:\/\/pyrkon.pl\/#\/schema\/person\/image\/\",\"url\":\"https:\/\/secure.gravatar.com\/avatar\/9a22eeb90012b42438000e11f6a84dd69f4691f6b04ecdbfe0cb6fad8e02d1ca?s=96&d=mm&r=g\",\"contentUrl\":\"https:\/\/secure.gravatar.com\/avatar\/9a22eeb90012b42438000e11f6a84dd69f4691f6b04ecdbfe0cb6fad8e02d1ca?s=96&d=mm&r=g\",\"caption\":\"Agnieszka Mr\u00f3z\"},\"description\":\"Osoba pogr\u0105\u017cona we w\u0142asnych my\u015blach, kt\u00f3r\u0105 tylko nieliczni potrafi\u0105 zrozumie\u0107. Kocha ksi\u0105\u017cki, mangi i anime. Czytanie rozbudzi\u0142o w niej mi\u0142o\u015b\u0107 do pisania. Bujna wyobra\u017ania i uwielbienie fantastyki doprowadzi\u0142y do tego, \u017ce chce zyska\u0107 moc kreowania nowych \u015bwiat\u00f3w, w kt\u00f3rych mo\u017cna spotka\u0107 ulubionych bohater\u00f3w.\",\"url\":\"https:\/\/pyrkon.pl\/en\/author\/agnieszka\/\"}]}<\/script>\n<!-- \/ Yoast SEO Premium plugin. -->","yoast_head_json":{"title":"The most exciting news, Rebbeca F. Kuang will come to Pyrkon! &#8902; Pyrkon Fantastyczne Miejsce Spotka\u0144","description":"Rebbeca F. Kuang, bestsellerowa pisarka, odwiedzi nas podczas tegorocznej edycji Festiwalu Fantastyki Pyrkon!","robots":{"index":"index","follow":"follow","max-snippet":"max-snippet:-1","max-image-preview":"max-image-preview:large","max-video-preview":"max-video-preview:-1"},"canonical":"https:\/\/pyrkon.pl\/en\/uncategorized\/the-most-exciting-news-rebbeca-f-kuang-will-come-to-pyrkon\/","og_locale":"en_US","og_type":"article","og_title":"The most exciting news, Rebbeca F. Kuang will come to Pyrkon!","og_description":"Wiemy, \u017ce spora cz\u0119\u015b\u0107 Was czeka\u0142a z ut\u0119sknieniem na mo\u017cliwo\u015b\u0107 spotkania Rebbekki F. Kuang w 2020 roku podczas edycji festiwalu, kt\u00f3ra si\u0119 niestety nie odby\u0142a. Na pewno cz\u0119\u015b\u0107 z Was zastanawia\u0142a si\u0119, czy jest szansa, aby autorka bestsellerowej trylogii Wojen makowych pojawi\u0142a si\u0119 podczas Pyrkonu 2022 . Mamy dla Was \u015bwietn\u0105 wiadomo\u015b\u0107! Z przyjemno\u015bci\u0105 og\u0142aszamy, \u017ce Rebbeca F. Kuang odwiedzi nas podczas tegorocznej edycji festiwalu!","og_url":"https:\/\/pyrkon.pl\/en\/uncategorized\/the-most-exciting-news-rebbeca-f-kuang-will-come-to-pyrkon\/","og_site_name":"Pyrkon Fantastyczne Miejsce Spotka\u0144","article_publisher":"https:\/\/www.facebook.com\/Pyrkon","article_published_time":"2022-03-29T19:22:24+00:00","og_image":[{"url":"https:\/\/pyrkon.pl\/wp-content\/uploads\/2022\/03\/Kuang-yoast.jpg","type":"","width":"","height":""}],"author":"Agnieszka Mr\u00f3z","twitter_card":"summary_large_image","twitter_creator":"@pyrkon","twitter_site":"@pyrkon","twitter_misc":{"Written by":"Agnieszka Mr\u00f3z","Est. reading time":"1 minute"},"schema":{"@context":"https:\/\/schema.org","@graph":[{"@type":"Article","@id":"https:\/\/pyrkon.pl\/en\/uncategorized\/the-most-exciting-news-rebbeca-f-kuang-will-come-to-pyrkon\/#article","isPartOf":{"@id":"https:\/\/pyrkon.pl\/en\/uncategorized\/the-most-exciting-news-rebbeca-f-kuang-will-come-to-pyrkon\/"},"author":{"name":"Agnieszka Mr\u00f3z","@id":"https:\/\/pyrkon.pl\/#\/schema\/person\/ead0a2781ab7831bef65372ab2a72549"},"headline":"The most exciting news, Rebbeca F. Kuang will come to Pyrkon!","datePublished":"2022-03-29T19:22:24+00:00","mainEntityOfPage":{"@id":"https:\/\/pyrkon.pl\/en\/uncategorized\/the-most-exciting-news-rebbeca-f-kuang-will-come-to-pyrkon\/"},"wordCount":262,"publisher":{"@id":"https:\/\/pyrkon.pl\/#organization"},"image":{"@id":"https:\/\/pyrkon.pl\/en\/uncategorized\/the-most-exciting-news-rebbeca-f-kuang-will-come-to-pyrkon\/#primaryimage"},"thumbnailUrl":"https:\/\/pyrkon.pl\/wp-content\/uploads\/2022\/03\/Kuang-glowna.jpg","keywords":["blok literacki","fantastyka","go\u015b\u0107","literatura","program","Pyrkon2022"],"articleSection":["Program"],"inLanguage":"en-US"},{"@type":"WebPage","@id":"https:\/\/pyrkon.pl\/en\/uncategorized\/the-most-exciting-news-rebbeca-f-kuang-will-come-to-pyrkon\/","url":"https:\/\/pyrkon.pl\/en\/uncategorized\/the-most-exciting-news-rebbeca-f-kuang-will-come-to-pyrkon\/","name":"The most exciting news, Rebbeca F. Kuang will come to Pyrkon! &#8902; Pyrkon Fantastyczne Miejsce Spotka\u0144","isPartOf":{"@id":"https:\/\/pyrkon.pl\/#website"},"primaryImageOfPage":{"@id":"https:\/\/pyrkon.pl\/en\/uncategorized\/the-most-exciting-news-rebbeca-f-kuang-will-come-to-pyrkon\/#primaryimage"},"image":{"@id":"https:\/\/pyrkon.pl\/en\/uncategorized\/the-most-exciting-news-rebbeca-f-kuang-will-come-to-pyrkon\/#primaryimage"},"thumbnailUrl":"https:\/\/pyrkon.pl\/wp-content\/uploads\/2022\/03\/Kuang-glowna.jpg","datePublished":"2022-03-29T19:22:24+00:00","description":"Rebbeca F. Kuang, bestsellerowa pisarka, odwiedzi nas podczas tegorocznej edycji Festiwalu Fantastyki Pyrkon!","breadcrumb":{"@id":"https:\/\/pyrkon.pl\/en\/uncategorized\/the-most-exciting-news-rebbeca-f-kuang-will-come-to-pyrkon\/#breadcrumb"},"inLanguage":"en-US","potentialAction":[{"@type":"ReadAction","target":["https:\/\/pyrkon.pl\/en\/uncategorized\/the-most-exciting-news-rebbeca-f-kuang-will-come-to-pyrkon\/"]}]},{"@type":"ImageObject","inLanguage":"en-US","@id":"https:\/\/pyrkon.pl\/en\/uncategorized\/the-most-exciting-news-rebbeca-f-kuang-will-come-to-pyrkon\/#primaryimage","url":"https:\/\/pyrkon.pl\/wp-content\/uploads\/2022\/03\/Kuang-glowna.jpg","contentUrl":"https:\/\/pyrkon.pl\/wp-content\/uploads\/2022\/03\/Kuang-glowna.jpg","width":900,"height":505},{"@type":"BreadcrumbList","@id":"https:\/\/pyrkon.pl\/en\/uncategorized\/the-most-exciting-news-rebbeca-f-kuang-will-come-to-pyrkon\/#breadcrumb","itemListElement":[{"@type":"ListItem","position":1,"name":"Strona g\u0142\u00f3wna","item":"https:\/\/pyrkon.pl\/en\/"},{"@type":"ListItem","position":2,"name":"Program","item":"https:\/\/pyrkon.pl\/category\/program\/"},{"@type":"ListItem","position":3,"name":"The most exciting news, Rebbeca F. Kuang will come to Pyrkon!"}]},{"@type":"WebSite","@id":"https:\/\/pyrkon.pl\/#website","url":"https:\/\/pyrkon.pl\/","name":"Pyrkon Fantastyczne Miejsce Spotka\u0144","description":"Festiwal Fantastyki","publisher":{"@id":"https:\/\/pyrkon.pl\/#organization"},"potentialAction":[{"@type":"SearchAction","target":{"@type":"EntryPoint","urlTemplate":"https:\/\/pyrkon.pl\/?s={search_term_string}"},"query-input":{"@type":"PropertyValueSpecification","valueRequired":true,"valueName":"search_term_string"}}],"inLanguage":"en-US"},{"@type":"Organization","@id":"https:\/\/pyrkon.pl\/#organization","name":"Pyrkon Fantastyczne Miejsce Spotka\u0144","url":"https:\/\/pyrkon.pl\/","logo":{"@type":"ImageObject","inLanguage":"en-US","@id":"https:\/\/pyrkon.pl\/#\/schema\/logo\/image\/","url":"https:\/\/pyrkon.pl\/wp-content\/uploads\/2018\/02\/Festiwal_Fantastyki_Pyrkon_logo_Black_CMYK.jpg","contentUrl":"https:\/\/pyrkon.pl\/wp-content\/uploads\/2018\/02\/Festiwal_Fantastyki_Pyrkon_logo_Black_CMYK.jpg","width":1300,"height":401,"caption":"Pyrkon Fantastyczne Miejsce Spotka\u0144"},"image":{"@id":"https:\/\/pyrkon.pl\/#\/schema\/logo\/image\/"},"sameAs":["https:\/\/www.facebook.com\/Pyrkon","https:\/\/x.com\/pyrkon","https:\/\/www.instagram.com\/pyrkon\/","https:\/\/www.youtube.com\/user\/FestiwalPyrkon"]},{"@type":"Person","@id":"https:\/\/pyrkon.pl\/#\/schema\/person\/ead0a2781ab7831bef65372ab2a72549","name":"Agnieszka Mr\u00f3z","image":{"@type":"ImageObject","inLanguage":"en-US","@id":"https:\/\/pyrkon.pl\/#\/schema\/person\/image\/","url":"https:\/\/secure.gravatar.com\/avatar\/9a22eeb90012b42438000e11f6a84dd69f4691f6b04ecdbfe0cb6fad8e02d1ca?s=96&d=mm&r=g","contentUrl":"https:\/\/secure.gravatar.com\/avatar\/9a22eeb90012b42438000e11f6a84dd69f4691f6b04ecdbfe0cb6fad8e02d1ca?s=96&d=mm&r=g","caption":"Agnieszka Mr\u00f3z"},"description":"Osoba pogr\u0105\u017cona we w\u0142asnych my\u015blach, kt\u00f3r\u0105 tylko nieliczni potrafi\u0105 zrozumie\u0107. Kocha ksi\u0105\u017cki, mangi i anime. Czytanie rozbudzi\u0142o w niej mi\u0142o\u015b\u0107 do pisania. Bujna wyobra\u017ania i uwielbienie fantastyki doprowadzi\u0142y do tego, \u017ce chce zyska\u0107 moc kreowania nowych \u015bwiat\u00f3w, w kt\u00f3rych mo\u017cna spotka\u0107 ulubionych bohater\u00f3w.","url":"https:\/\/pyrkon.pl\/en\/author\/agnieszka\/"}]}},"_links":{"self":[{"href":"https:\/\/pyrkon.pl\/en\/wp-json\/wp\/v2\/posts\/24720","targetHints":{"allow":["GET"]}}],"collection":[{"href":"https:\/\/pyrkon.pl\/en\/wp-json\/wp\/v2\/posts"}],"about":[{"href":"https:\/\/pyrkon.pl\/en\/wp-json\/wp\/v2\/types\/post"}],"author":[{"embeddable":true,"href":"https:\/\/pyrkon.pl\/en\/wp-json\/wp\/v2\/users\/5950"}],"replies":[{"embeddable":true,"href":"https:\/\/pyrkon.pl\/en\/wp-json\/wp\/v2\/comments?post=24720"}],"version-history":[{"count":1,"href":"https:\/\/pyrkon.pl\/en\/wp-json\/wp\/v2\/posts\/24720\/revisions"}],"predecessor-version":[{"id":24721,"href":"https:\/\/pyrkon.pl\/en\/wp-json\/wp\/v2\/posts\/24720\/revisions\/24721"}],"wp:featuredmedia":[{"embeddable":true,"href":"https:\/\/pyrkon.pl\/en\/wp-json\/wp\/v2\/media\/24692"}],"wp:attachment":[{"href":"https:\/\/pyrkon.pl\/en\/wp-json\/wp\/v2\/media?parent=24720"}],"wp:term":[{"taxonomy":"category","embeddable":true,"href":"https:\/\/pyrkon.pl\/en\/wp-json\/wp\/v2\/categories?post=24720"},{"taxonomy":"post_tag","embeddable":true,"href":"https:\/\/pyrkon.pl\/en\/wp-json\/wp\/v2\/tags?post=24720"},{"taxonomy":"pyr_topics","embeddable":true,"href":"https:\/\/pyrkon.pl\/en\/wp-json\/wp\/v2\/pyr_topics?post=24720"}],"curies":[{"name":"wp","href":"https:\/\/api.w.org\/{rel}","templated":true}]}}