{"id":25859,"date":"2022-05-11T17:10:03","date_gmt":"2022-05-11T15:10:03","guid":{"rendered":"https:\/\/pyrkon.pl\/uncategorized\/dziewanna-will-sing-for-us-on-the-outdoor-stage\/"},"modified":"2022-05-11T17:10:05","modified_gmt":"2022-05-11T15:10:05","slug":"dziewanna-will-sing-for-us-on-the-outdoor-stage","status":"publish","type":"post","link":"https:\/\/pyrkon.pl\/en\/program-en\/dziewanna-will-sing-for-us-on-the-outdoor-stage\/","title":{"rendered":"Dziewanna will sing for us on the Outdoor Stage!"},"content":{"rendered":"\n<p><strong>This year\u2019s Pyrkon is your chance to hear Dziewanna live, as she will perform on the Outdoor Stage! It\u2019s an incredible singer who is also a composer and music lyricist. Dziewanna draws great inspiration from nature, being fascinated by the pure energy that flows through everything around us. Her music is a mixture of mystic folk and melodic folk metal with an added aura of mystery. It\u2019s inspired by the world of The Witcher, Nordic-Slavic folklore, and Romantic literature. We are in for some magical experience! <\/strong><\/p>\n\n<!--more-->\n\n<h2 class=\"wp-block-heading\" id=\"h-poznajmy-tworczosc-dziewanny\"><strong>Let us know more about Dziewanna\u2019s music<\/strong><\/h2>\n\n<p>Dziewanna is a co-creator of the band Othalan, with which she was associated in the years 2012 to 2018. She has been a finalist in numerous contests and music festivals. W 2019 she published her record Widziad\u0142o (The Phantom), a conceptual long-playing album. The record was voted the best Folk Metal Album of the Year 2019 (FolkMetal.pl) and was awarded the title of Folk Record of the Year in the national contest \u201cWirtualne G\u0119\u015ble\u201d. <\/p>\n\n<div class=\"b-media-text b-media-text--center b-media-text--30\" id=\"b-media-text-block_626c4beb70372\">\n\t<figure class=\"b-media-text__medium\">\n\t\t<img loading=\"lazy\" decoding=\"async\" width=\"1330\" height=\"887\" src=\"https:\/\/pyrkon.pl\/wp-content\/uploads\/2022\/04\/zdjecie_las-Anna-Pawlowska-Zygarowicz-1330x887.jpg\" class=\"attachment-large size-large\" alt=\"\" srcset=\"https:\/\/pyrkon.pl\/wp-content\/uploads\/2022\/04\/zdjecie_las-Anna-Pawlowska-Zygarowicz-1330x887.jpg 1330w, https:\/\/pyrkon.pl\/wp-content\/uploads\/2022\/04\/zdjecie_las-Anna-Pawlowska-Zygarowicz-300x200.jpg 300w, https:\/\/pyrkon.pl\/wp-content\/uploads\/2022\/04\/zdjecie_las-Anna-Pawlowska-Zygarowicz-768x512.jpg 768w, https:\/\/pyrkon.pl\/wp-content\/uploads\/2022\/04\/zdjecie_las-Anna-Pawlowska-Zygarowicz-1536x1024.jpg 1536w, https:\/\/pyrkon.pl\/wp-content\/uploads\/2022\/04\/zdjecie_las-Anna-Pawlowska-Zygarowicz.jpg 1602w\" sizes=\"auto, (max-width: 1330px) 100vw, 1330px\" \/>\n\t\t\t\t\t<figcaption class=\"b-media-text__caption\">\n\t\t\t\tfot. Maciej Sitarz\n\t\t\t<\/figcaption>\n\t\t\t<\/figure>\n\t<\/div>\n\n<p>Along with a group of musicians playing the cello, guitars, a bass, a percussion, violins, and flutes, she performs concerts in Poland and abroad.<br\/>She played at Folk-Metal Slavic Night in Brenno, Dni Fantastyki (Fantasy Days) in Wroclaw, a folk-metal festival in Ostrava, and Slavic and Viking Festival on the Wolin island. She is powered by her travels and being in contact with nature. She is co-creating the Saga Project together with Grensir.<\/p>\n\n<p>You can find out more about Dziewanna\u2019s work via her social channels:<\/p>\n\n<p>Facebook: <a href=\"https:\/\/www.facebook.com\/DziewannaCzarna\/\">https:\/\/www.facebook.com\/DziewannaCzarna\/<\/a><\/p>\n\n<p>Instagram: <a href=\"https:\/\/instagram.com\/wolfgirl.dziewanna?igshid=YmMyMTA2M2Y=\">https:\/\/instagram.com\/wolfgirl.dziewanna?igshid=YmMyMTA2M2Y=<\/a><\/p>\n\n<h2 class=\"wp-block-heading\" id=\"h-maly-bonus\">Small bonus<\/h2>\n\n<p>There is also a small musical present we have in store for you! Our organizers have come up with a Spotify playlist dedicated specially for you: <a href=\"https:\/\/open.spotify.com\/playlist\/40r6wvFaTJ4YOkCrSHQtmI?si=33245350e72b40d1\" target=\"_blank\" rel=\"noreferrer noopener\">https:\/\/open.spotify.com\/playlist\/40r6wvFaTJ4YOkCrSHQtmI?si=33245350e72b40d1<\/a><\/p>\n\n<p>We hope it will sweeten your trip to this year\u2019s Pyrkon. We can\u2019t wait to meet you!<br\/><br\/>Everyone will find something to their taste here. Embark on a sentimental journey across a multitude of universes and meet your heroes \ud83d\ude42 You will come across Geralt, Jaskier, Neo, KIT, Darth Vader, Frodo, Sub Zero, Mario, Hodor, Red Ranger, and more.<\/p>\n\n<p><br\/>Let us know in the comment section what else should we add \ud83d\ude42<\/p>\n","protected":false},"excerpt":{"rendered":"<p>This year\u2019s Pyrkon is your chance to hear Dziewanna live, as she will perform on the Outdoor Stage! It\u2019s an incredible singer who is also a composer and music lyricist. Dziewanna draws great inspiration from nature, being fascinated by the pure energy that flows through everything around us. Her music is a mixture of mystic [&hellip;]<\/p>\n","protected":false},"author":5950,"featured_media":25441,"comment_status":"closed","ping_status":"closed","sticky":false,"template":"","format":"standard","meta":{"_acf_changed":false,"footnotes":""},"categories":[14],"tags":[9422,9423,9486,9470,9414],"pyr_topics":[],"class_list":["post-25859","post","type-post","status-publish","format-standard","has-post-thumbnail","hentry","category-program-en","tag-atrakcje-en","tag-koncert-en","tag-mala-scena-en","tag-muzyka-en","tag-pyrkon2022-en"],"acf":[],"yoast_head":"<!-- This site is optimized with the Yoast SEO Premium plugin v25.9 (Yoast SEO v25.9) - https:\/\/yoast.com\/wordpress\/plugins\/seo\/ -->\n<title>Dziewanna will sing for us on the Outdoor Stage! &#8902; Pyrkon Fantastyczne Miejsce Spotka\u0144<\/title>\n<meta name=\"description\" content=\"Podczas tegorocznej edycji Pyrkonu b\u0119dziecie mieli okazj\u0119 pos\u0142ucha\u0107 na \u017cywo Dziewanny, kt\u00f3ra wyst\u0105pi na Ma\u0142ej Scenie!\" \/>\n<meta name=\"robots\" content=\"index, follow, max-snippet:-1, max-image-preview:large, max-video-preview:-1\" \/>\n<link rel=\"canonical\" href=\"https:\/\/pyrkon.pl\/en\/program-en\/dziewanna-will-sing-for-us-on-the-outdoor-stage\/\" \/>\n<meta property=\"og:locale\" content=\"en_US\" \/>\n<meta property=\"og:type\" content=\"article\" \/>\n<meta property=\"og:title\" content=\"Dziewanna will sing for us on the Outdoor Stage!\" \/>\n<meta property=\"og:description\" content=\"wyst\u0105pi na Ma\u0142ej Scenie! To niezwyk\u0142a wokalistka zajmuj\u0105ca si\u0119 r\u00f3wnie\u017c komponowaniem i pisaniem tekst\u00f3w. Dziewanna zakochana jest w rdzennej energii p\u0142yn\u0105cej z przyrody, a natura jest dla niej wielkim \u017ar\u00f3d\u0142em inspiracji. Jej tw\u00f3rczo\u015b\u0107 osadzona jest w nurcie mistycznego folku i melodyjnego folk metalu z nutk\u0105 tajemniczo\u015bci, inspirowanego \u015bwiatem \u201eWied\u017amina\u201d, folklorem s\u0142owia\u0144skimi nordyckim oraz literatur\u0105 epoki romantyzmu. Ju\u017c teraz mo\u017cna przyzna\u0107, podczas jej koncertu czekaj\u0105 nas magiczne chwile!\" \/>\n<meta property=\"og:url\" content=\"https:\/\/pyrkon.pl\/en\/program-en\/dziewanna-will-sing-for-us-on-the-outdoor-stage\/\" \/>\n<meta property=\"og:site_name\" content=\"Pyrkon Fantastyczne Miejsce Spotka\u0144\" \/>\n<meta property=\"article:publisher\" content=\"https:\/\/www.facebook.com\/Pyrkon\" \/>\n<meta property=\"article:published_time\" content=\"2022-05-11T15:10:03+00:00\" \/>\n<meta property=\"article:modified_time\" content=\"2022-05-11T15:10:05+00:00\" \/>\n<meta property=\"og:image\" content=\"https:\/\/pyrkon.pl\/wp-content\/uploads\/2022\/04\/Dziewanna-glowna.jpg\" \/>\n<meta name=\"author\" content=\"Agnieszka Mr\u00f3z\" \/>\n<meta name=\"twitter:card\" content=\"summary_large_image\" \/>\n<meta name=\"twitter:creator\" content=\"@pyrkon\" \/>\n<meta name=\"twitter:site\" content=\"@pyrkon\" \/>\n<meta name=\"twitter:label1\" content=\"Written by\" \/>\n\t<meta name=\"twitter:data1\" content=\"Agnieszka Mr\u00f3z\" \/>\n\t<meta name=\"twitter:label2\" content=\"Est. reading time\" \/>\n\t<meta name=\"twitter:data2\" content=\"2 minutes\" \/>\n<script type=\"application\/ld+json\" class=\"yoast-schema-graph\">{\"@context\":\"https:\/\/schema.org\",\"@graph\":[{\"@type\":\"Article\",\"@id\":\"https:\/\/pyrkon.pl\/en\/program-en\/dziewanna-will-sing-for-us-on-the-outdoor-stage\/#article\",\"isPartOf\":{\"@id\":\"https:\/\/pyrkon.pl\/en\/program-en\/dziewanna-will-sing-for-us-on-the-outdoor-stage\/\"},\"author\":{\"name\":\"Agnieszka Mr\u00f3z\",\"@id\":\"https:\/\/pyrkon.pl\/#\/schema\/person\/ead0a2781ab7831bef65372ab2a72549\"},\"headline\":\"Dziewanna will sing for us on the Outdoor Stage!\",\"datePublished\":\"2022-05-11T15:10:03+00:00\",\"dateModified\":\"2022-05-11T15:10:05+00:00\",\"mainEntityOfPage\":{\"@id\":\"https:\/\/pyrkon.pl\/en\/program-en\/dziewanna-will-sing-for-us-on-the-outdoor-stage\/\"},\"wordCount\":393,\"publisher\":{\"@id\":\"https:\/\/pyrkon.pl\/#organization\"},\"image\":{\"@id\":\"https:\/\/pyrkon.pl\/en\/program-en\/dziewanna-will-sing-for-us-on-the-outdoor-stage\/#primaryimage\"},\"thumbnailUrl\":\"https:\/\/pyrkon.pl\/wp-content\/uploads\/2022\/04\/Dziewanna-glowna.jpg\",\"keywords\":[\"atrakcje\",\"koncert\",\"Ma\u0142a Scena\",\"muzyka\",\"Pyrkon2022\"],\"articleSection\":[\"Program\"],\"inLanguage\":\"en-US\"},{\"@type\":\"WebPage\",\"@id\":\"https:\/\/pyrkon.pl\/en\/program-en\/dziewanna-will-sing-for-us-on-the-outdoor-stage\/\",\"url\":\"https:\/\/pyrkon.pl\/en\/program-en\/dziewanna-will-sing-for-us-on-the-outdoor-stage\/\",\"name\":\"Dziewanna will sing for us on the Outdoor Stage! &#8902; Pyrkon Fantastyczne Miejsce Spotka\u0144\",\"isPartOf\":{\"@id\":\"https:\/\/pyrkon.pl\/#website\"},\"primaryImageOfPage\":{\"@id\":\"https:\/\/pyrkon.pl\/en\/program-en\/dziewanna-will-sing-for-us-on-the-outdoor-stage\/#primaryimage\"},\"image\":{\"@id\":\"https:\/\/pyrkon.pl\/en\/program-en\/dziewanna-will-sing-for-us-on-the-outdoor-stage\/#primaryimage\"},\"thumbnailUrl\":\"https:\/\/pyrkon.pl\/wp-content\/uploads\/2022\/04\/Dziewanna-glowna.jpg\",\"datePublished\":\"2022-05-11T15:10:03+00:00\",\"dateModified\":\"2022-05-11T15:10:05+00:00\",\"description\":\"Podczas tegorocznej edycji Pyrkonu b\u0119dziecie mieli okazj\u0119 pos\u0142ucha\u0107 na \u017cywo Dziewanny, kt\u00f3ra wyst\u0105pi na Ma\u0142ej Scenie!\",\"breadcrumb\":{\"@id\":\"https:\/\/pyrkon.pl\/en\/program-en\/dziewanna-will-sing-for-us-on-the-outdoor-stage\/#breadcrumb\"},\"inLanguage\":\"en-US\",\"potentialAction\":[{\"@type\":\"ReadAction\",\"target\":[\"https:\/\/pyrkon.pl\/en\/program-en\/dziewanna-will-sing-for-us-on-the-outdoor-stage\/\"]}]},{\"@type\":\"ImageObject\",\"inLanguage\":\"en-US\",\"@id\":\"https:\/\/pyrkon.pl\/en\/program-en\/dziewanna-will-sing-for-us-on-the-outdoor-stage\/#primaryimage\",\"url\":\"https:\/\/pyrkon.pl\/wp-content\/uploads\/2022\/04\/Dziewanna-glowna.jpg\",\"contentUrl\":\"https:\/\/pyrkon.pl\/wp-content\/uploads\/2022\/04\/Dziewanna-glowna.jpg\",\"width\":900,\"height\":505},{\"@type\":\"BreadcrumbList\",\"@id\":\"https:\/\/pyrkon.pl\/en\/program-en\/dziewanna-will-sing-for-us-on-the-outdoor-stage\/#breadcrumb\",\"itemListElement\":[{\"@type\":\"ListItem\",\"position\":1,\"name\":\"Strona g\u0142\u00f3wna\",\"item\":\"https:\/\/pyrkon.pl\/en\/\"},{\"@type\":\"ListItem\",\"position\":2,\"name\":\"Program\",\"item\":\"https:\/\/pyrkon.pl\/category\/program\/\"},{\"@type\":\"ListItem\",\"position\":3,\"name\":\"Dziewanna will sing for us on the Outdoor Stage!\"}]},{\"@type\":\"WebSite\",\"@id\":\"https:\/\/pyrkon.pl\/#website\",\"url\":\"https:\/\/pyrkon.pl\/\",\"name\":\"Pyrkon Fantastyczne Miejsce Spotka\u0144\",\"description\":\"Festiwal Fantastyki\",\"publisher\":{\"@id\":\"https:\/\/pyrkon.pl\/#organization\"},\"potentialAction\":[{\"@type\":\"SearchAction\",\"target\":{\"@type\":\"EntryPoint\",\"urlTemplate\":\"https:\/\/pyrkon.pl\/?s={search_term_string}\"},\"query-input\":{\"@type\":\"PropertyValueSpecification\",\"valueRequired\":true,\"valueName\":\"search_term_string\"}}],\"inLanguage\":\"en-US\"},{\"@type\":\"Organization\",\"@id\":\"https:\/\/pyrkon.pl\/#organization\",\"name\":\"Pyrkon Fantastyczne Miejsce Spotka\u0144\",\"url\":\"https:\/\/pyrkon.pl\/\",\"logo\":{\"@type\":\"ImageObject\",\"inLanguage\":\"en-US\",\"@id\":\"https:\/\/pyrkon.pl\/#\/schema\/logo\/image\/\",\"url\":\"https:\/\/pyrkon.pl\/wp-content\/uploads\/2018\/02\/Festiwal_Fantastyki_Pyrkon_logo_Black_CMYK.jpg\",\"contentUrl\":\"https:\/\/pyrkon.pl\/wp-content\/uploads\/2018\/02\/Festiwal_Fantastyki_Pyrkon_logo_Black_CMYK.jpg\",\"width\":1300,\"height\":401,\"caption\":\"Pyrkon Fantastyczne Miejsce Spotka\u0144\"},\"image\":{\"@id\":\"https:\/\/pyrkon.pl\/#\/schema\/logo\/image\/\"},\"sameAs\":[\"https:\/\/www.facebook.com\/Pyrkon\",\"https:\/\/x.com\/pyrkon\",\"https:\/\/www.instagram.com\/pyrkon\/\",\"https:\/\/www.youtube.com\/user\/FestiwalPyrkon\"]},{\"@type\":\"Person\",\"@id\":\"https:\/\/pyrkon.pl\/#\/schema\/person\/ead0a2781ab7831bef65372ab2a72549\",\"name\":\"Agnieszka Mr\u00f3z\",\"image\":{\"@type\":\"ImageObject\",\"inLanguage\":\"en-US\",\"@id\":\"https:\/\/pyrkon.pl\/#\/schema\/person\/image\/\",\"url\":\"https:\/\/secure.gravatar.com\/avatar\/9a22eeb90012b42438000e11f6a84dd69f4691f6b04ecdbfe0cb6fad8e02d1ca?s=96&d=mm&r=g\",\"contentUrl\":\"https:\/\/secure.gravatar.com\/avatar\/9a22eeb90012b42438000e11f6a84dd69f4691f6b04ecdbfe0cb6fad8e02d1ca?s=96&d=mm&r=g\",\"caption\":\"Agnieszka Mr\u00f3z\"},\"description\":\"Osoba pogr\u0105\u017cona we w\u0142asnych my\u015blach, kt\u00f3r\u0105 tylko nieliczni potrafi\u0105 zrozumie\u0107. Kocha ksi\u0105\u017cki, mangi i anime. Czytanie rozbudzi\u0142o w niej mi\u0142o\u015b\u0107 do pisania. Bujna wyobra\u017ania i uwielbienie fantastyki doprowadzi\u0142y do tego, \u017ce chce zyska\u0107 moc kreowania nowych \u015bwiat\u00f3w, w kt\u00f3rych mo\u017cna spotka\u0107 ulubionych bohater\u00f3w.\",\"url\":\"https:\/\/pyrkon.pl\/en\/author\/agnieszka\/\"}]}<\/script>\n<!-- \/ Yoast SEO Premium plugin. -->","yoast_head_json":{"title":"Dziewanna will sing for us on the Outdoor Stage! &#8902; Pyrkon Fantastyczne Miejsce Spotka\u0144","description":"Podczas tegorocznej edycji Pyrkonu b\u0119dziecie mieli okazj\u0119 pos\u0142ucha\u0107 na \u017cywo Dziewanny, kt\u00f3ra wyst\u0105pi na Ma\u0142ej Scenie!","robots":{"index":"index","follow":"follow","max-snippet":"max-snippet:-1","max-image-preview":"max-image-preview:large","max-video-preview":"max-video-preview:-1"},"canonical":"https:\/\/pyrkon.pl\/en\/program-en\/dziewanna-will-sing-for-us-on-the-outdoor-stage\/","og_locale":"en_US","og_type":"article","og_title":"Dziewanna will sing for us on the Outdoor Stage!","og_description":"wyst\u0105pi na Ma\u0142ej Scenie! To niezwyk\u0142a wokalistka zajmuj\u0105ca si\u0119 r\u00f3wnie\u017c komponowaniem i pisaniem tekst\u00f3w. Dziewanna zakochana jest w rdzennej energii p\u0142yn\u0105cej z przyrody, a natura jest dla niej wielkim \u017ar\u00f3d\u0142em inspiracji. Jej tw\u00f3rczo\u015b\u0107 osadzona jest w nurcie mistycznego folku i melodyjnego folk metalu z nutk\u0105 tajemniczo\u015bci, inspirowanego \u015bwiatem \u201eWied\u017amina\u201d, folklorem s\u0142owia\u0144skimi nordyckim oraz literatur\u0105 epoki romantyzmu. Ju\u017c teraz mo\u017cna przyzna\u0107, podczas jej koncertu czekaj\u0105 nas magiczne chwile!","og_url":"https:\/\/pyrkon.pl\/en\/program-en\/dziewanna-will-sing-for-us-on-the-outdoor-stage\/","og_site_name":"Pyrkon Fantastyczne Miejsce Spotka\u0144","article_publisher":"https:\/\/www.facebook.com\/Pyrkon","article_published_time":"2022-05-11T15:10:03+00:00","article_modified_time":"2022-05-11T15:10:05+00:00","og_image":[{"url":"https:\/\/pyrkon.pl\/wp-content\/uploads\/2022\/04\/Dziewanna-glowna.jpg","type":"","width":"","height":""}],"author":"Agnieszka Mr\u00f3z","twitter_card":"summary_large_image","twitter_creator":"@pyrkon","twitter_site":"@pyrkon","twitter_misc":{"Written by":"Agnieszka Mr\u00f3z","Est. reading time":"2 minutes"},"schema":{"@context":"https:\/\/schema.org","@graph":[{"@type":"Article","@id":"https:\/\/pyrkon.pl\/en\/program-en\/dziewanna-will-sing-for-us-on-the-outdoor-stage\/#article","isPartOf":{"@id":"https:\/\/pyrkon.pl\/en\/program-en\/dziewanna-will-sing-for-us-on-the-outdoor-stage\/"},"author":{"name":"Agnieszka Mr\u00f3z","@id":"https:\/\/pyrkon.pl\/#\/schema\/person\/ead0a2781ab7831bef65372ab2a72549"},"headline":"Dziewanna will sing for us on the Outdoor Stage!","datePublished":"2022-05-11T15:10:03+00:00","dateModified":"2022-05-11T15:10:05+00:00","mainEntityOfPage":{"@id":"https:\/\/pyrkon.pl\/en\/program-en\/dziewanna-will-sing-for-us-on-the-outdoor-stage\/"},"wordCount":393,"publisher":{"@id":"https:\/\/pyrkon.pl\/#organization"},"image":{"@id":"https:\/\/pyrkon.pl\/en\/program-en\/dziewanna-will-sing-for-us-on-the-outdoor-stage\/#primaryimage"},"thumbnailUrl":"https:\/\/pyrkon.pl\/wp-content\/uploads\/2022\/04\/Dziewanna-glowna.jpg","keywords":["atrakcje","koncert","Ma\u0142a Scena","muzyka","Pyrkon2022"],"articleSection":["Program"],"inLanguage":"en-US"},{"@type":"WebPage","@id":"https:\/\/pyrkon.pl\/en\/program-en\/dziewanna-will-sing-for-us-on-the-outdoor-stage\/","url":"https:\/\/pyrkon.pl\/en\/program-en\/dziewanna-will-sing-for-us-on-the-outdoor-stage\/","name":"Dziewanna will sing for us on the Outdoor Stage! &#8902; Pyrkon Fantastyczne Miejsce Spotka\u0144","isPartOf":{"@id":"https:\/\/pyrkon.pl\/#website"},"primaryImageOfPage":{"@id":"https:\/\/pyrkon.pl\/en\/program-en\/dziewanna-will-sing-for-us-on-the-outdoor-stage\/#primaryimage"},"image":{"@id":"https:\/\/pyrkon.pl\/en\/program-en\/dziewanna-will-sing-for-us-on-the-outdoor-stage\/#primaryimage"},"thumbnailUrl":"https:\/\/pyrkon.pl\/wp-content\/uploads\/2022\/04\/Dziewanna-glowna.jpg","datePublished":"2022-05-11T15:10:03+00:00","dateModified":"2022-05-11T15:10:05+00:00","description":"Podczas tegorocznej edycji Pyrkonu b\u0119dziecie mieli okazj\u0119 pos\u0142ucha\u0107 na \u017cywo Dziewanny, kt\u00f3ra wyst\u0105pi na Ma\u0142ej Scenie!","breadcrumb":{"@id":"https:\/\/pyrkon.pl\/en\/program-en\/dziewanna-will-sing-for-us-on-the-outdoor-stage\/#breadcrumb"},"inLanguage":"en-US","potentialAction":[{"@type":"ReadAction","target":["https:\/\/pyrkon.pl\/en\/program-en\/dziewanna-will-sing-for-us-on-the-outdoor-stage\/"]}]},{"@type":"ImageObject","inLanguage":"en-US","@id":"https:\/\/pyrkon.pl\/en\/program-en\/dziewanna-will-sing-for-us-on-the-outdoor-stage\/#primaryimage","url":"https:\/\/pyrkon.pl\/wp-content\/uploads\/2022\/04\/Dziewanna-glowna.jpg","contentUrl":"https:\/\/pyrkon.pl\/wp-content\/uploads\/2022\/04\/Dziewanna-glowna.jpg","width":900,"height":505},{"@type":"BreadcrumbList","@id":"https:\/\/pyrkon.pl\/en\/program-en\/dziewanna-will-sing-for-us-on-the-outdoor-stage\/#breadcrumb","itemListElement":[{"@type":"ListItem","position":1,"name":"Strona g\u0142\u00f3wna","item":"https:\/\/pyrkon.pl\/en\/"},{"@type":"ListItem","position":2,"name":"Program","item":"https:\/\/pyrkon.pl\/category\/program\/"},{"@type":"ListItem","position":3,"name":"Dziewanna will sing for us on the Outdoor Stage!"}]},{"@type":"WebSite","@id":"https:\/\/pyrkon.pl\/#website","url":"https:\/\/pyrkon.pl\/","name":"Pyrkon Fantastyczne Miejsce Spotka\u0144","description":"Festiwal Fantastyki","publisher":{"@id":"https:\/\/pyrkon.pl\/#organization"},"potentialAction":[{"@type":"SearchAction","target":{"@type":"EntryPoint","urlTemplate":"https:\/\/pyrkon.pl\/?s={search_term_string}"},"query-input":{"@type":"PropertyValueSpecification","valueRequired":true,"valueName":"search_term_string"}}],"inLanguage":"en-US"},{"@type":"Organization","@id":"https:\/\/pyrkon.pl\/#organization","name":"Pyrkon Fantastyczne Miejsce Spotka\u0144","url":"https:\/\/pyrkon.pl\/","logo":{"@type":"ImageObject","inLanguage":"en-US","@id":"https:\/\/pyrkon.pl\/#\/schema\/logo\/image\/","url":"https:\/\/pyrkon.pl\/wp-content\/uploads\/2018\/02\/Festiwal_Fantastyki_Pyrkon_logo_Black_CMYK.jpg","contentUrl":"https:\/\/pyrkon.pl\/wp-content\/uploads\/2018\/02\/Festiwal_Fantastyki_Pyrkon_logo_Black_CMYK.jpg","width":1300,"height":401,"caption":"Pyrkon Fantastyczne Miejsce Spotka\u0144"},"image":{"@id":"https:\/\/pyrkon.pl\/#\/schema\/logo\/image\/"},"sameAs":["https:\/\/www.facebook.com\/Pyrkon","https:\/\/x.com\/pyrkon","https:\/\/www.instagram.com\/pyrkon\/","https:\/\/www.youtube.com\/user\/FestiwalPyrkon"]},{"@type":"Person","@id":"https:\/\/pyrkon.pl\/#\/schema\/person\/ead0a2781ab7831bef65372ab2a72549","name":"Agnieszka Mr\u00f3z","image":{"@type":"ImageObject","inLanguage":"en-US","@id":"https:\/\/pyrkon.pl\/#\/schema\/person\/image\/","url":"https:\/\/secure.gravatar.com\/avatar\/9a22eeb90012b42438000e11f6a84dd69f4691f6b04ecdbfe0cb6fad8e02d1ca?s=96&d=mm&r=g","contentUrl":"https:\/\/secure.gravatar.com\/avatar\/9a22eeb90012b42438000e11f6a84dd69f4691f6b04ecdbfe0cb6fad8e02d1ca?s=96&d=mm&r=g","caption":"Agnieszka Mr\u00f3z"},"description":"Osoba pogr\u0105\u017cona we w\u0142asnych my\u015blach, kt\u00f3r\u0105 tylko nieliczni potrafi\u0105 zrozumie\u0107. Kocha ksi\u0105\u017cki, mangi i anime. Czytanie rozbudzi\u0142o w niej mi\u0142o\u015b\u0107 do pisania. Bujna wyobra\u017ania i uwielbienie fantastyki doprowadzi\u0142y do tego, \u017ce chce zyska\u0107 moc kreowania nowych \u015bwiat\u00f3w, w kt\u00f3rych mo\u017cna spotka\u0107 ulubionych bohater\u00f3w.","url":"https:\/\/pyrkon.pl\/en\/author\/agnieszka\/"}]}},"_links":{"self":[{"href":"https:\/\/pyrkon.pl\/en\/wp-json\/wp\/v2\/posts\/25859","targetHints":{"allow":["GET"]}}],"collection":[{"href":"https:\/\/pyrkon.pl\/en\/wp-json\/wp\/v2\/posts"}],"about":[{"href":"https:\/\/pyrkon.pl\/en\/wp-json\/wp\/v2\/types\/post"}],"author":[{"embeddable":true,"href":"https:\/\/pyrkon.pl\/en\/wp-json\/wp\/v2\/users\/5950"}],"replies":[{"embeddable":true,"href":"https:\/\/pyrkon.pl\/en\/wp-json\/wp\/v2\/comments?post=25859"}],"version-history":[{"count":3,"href":"https:\/\/pyrkon.pl\/en\/wp-json\/wp\/v2\/posts\/25859\/revisions"}],"predecessor-version":[{"id":25862,"href":"https:\/\/pyrkon.pl\/en\/wp-json\/wp\/v2\/posts\/25859\/revisions\/25862"}],"wp:featuredmedia":[{"embeddable":true,"href":"https:\/\/pyrkon.pl\/en\/wp-json\/wp\/v2\/media\/25441"}],"wp:attachment":[{"href":"https:\/\/pyrkon.pl\/en\/wp-json\/wp\/v2\/media?parent=25859"}],"wp:term":[{"taxonomy":"category","embeddable":true,"href":"https:\/\/pyrkon.pl\/en\/wp-json\/wp\/v2\/categories?post=25859"},{"taxonomy":"post_tag","embeddable":true,"href":"https:\/\/pyrkon.pl\/en\/wp-json\/wp\/v2\/tags?post=25859"},{"taxonomy":"pyr_topics","embeddable":true,"href":"https:\/\/pyrkon.pl\/en\/wp-json\/wp\/v2\/pyr_topics?post=25859"}],"curies":[{"name":"wp","href":"https:\/\/api.w.org\/{rel}","templated":true}]}}