{"id":26079,"date":"2022-05-15T18:15:15","date_gmt":"2022-05-15T16:15:15","guid":{"rendered":"https:\/\/pyrkon.pl\/uncategorized\/lemko-tower-concert-joins-the-array-of-the-outdoor-stage-attractions\/"},"modified":"2022-05-15T18:15:18","modified_gmt":"2022-05-15T16:15:18","slug":"lemko-tower-concert-joins-the-array-of-the-outdoor-stage-attractions","status":"publish","type":"post","link":"https:\/\/pyrkon.pl\/en\/program-en\/lemko-tower-concert-joins-the-array-of-the-outdoor-stage-attractions\/","title":{"rendered":"Lemko Tower concert joins the array of the Outdoor Stage attractions!"},"content":{"rendered":"\n<p><strong>We come with more news for those who feel yet unsatiated with the list of musical events during this year\u2019s Pyrkon (which is already an impressive bunch, but there\u2019s never enough of the good thing)! Lemko Tower will perform a concert on the Outdoor Stage. They\u2019re a band of young Lemkos from Strzelce Kraje\u0144skie, a Polish ethnic group, who draw their inspiration from the culture and tradition of their ancestors. We are in for some original and captivating music!<\/strong><\/p>\n\n<!--more-->\n\n<h2 class=\"wp-block-heading\" id=\"h-lemko-tower-i-ich-tworczosc\"><strong>Lemko Tower and their music<\/strong><\/h2>\n\n<div class=\"b-media-text b-media-text--center b-media-text--40\" id=\"b-media-text-block_627bd6d6979ae\">\n\t<figure class=\"b-media-text__medium\">\n\t\t<img loading=\"lazy\" decoding=\"async\" width=\"1330\" height=\"887\" src=\"https:\/\/pyrkon.pl\/wp-content\/uploads\/2022\/05\/Lemko-Tower-1330x887.jpg\" class=\"attachment-large size-large\" alt=\"\" srcset=\"https:\/\/pyrkon.pl\/wp-content\/uploads\/2022\/05\/Lemko-Tower-1330x887.jpg 1330w, https:\/\/pyrkon.pl\/wp-content\/uploads\/2022\/05\/Lemko-Tower-300x200.jpg 300w, https:\/\/pyrkon.pl\/wp-content\/uploads\/2022\/05\/Lemko-Tower-768x512.jpg 768w, https:\/\/pyrkon.pl\/wp-content\/uploads\/2022\/05\/Lemko-Tower.jpg 1368w\" sizes=\"auto, (max-width: 1330px) 100vw, 1330px\" \/>\n\t\t\t<\/figure>\n\t<\/div>\n\n<p>At the beginning of their career, the band managed to release two albums containing folk repertoire, which paved their way to playing concerts on festival stages. Their songs have always been rooted in traditional music. Still, their unique take and rich instrumentals have helped them establish themselves as diverse musicians reaching beyond traditional folk to rock, blues, or jazz themes. Lemko Tower has become an agent of the young Lemko generation that transcends the bounds of tradition as they address its artistic needs. generation that transcends the bounds of tradition as they address its artistic needs. The band has performed at numerous festivals both in Poland and abroad, visiting Germany, Denmark, Canada, Ukraine, and more. They visited not only events connected to the Lemko folk culture but also others like the <a href=\"https:\/\/youtu.be\/wlIMSlylWsQ\">Woodstock Festival<\/a>, where they performed in 2012 on the Folk Stage. The band has released seven albums which are an expression of their musical experiences and experiments with combining folk sounds with contemporary.<\/p>\n\n<p>If their profile has raised your interest, make sure to visit their social media:<\/p>\n\n<p>strona: <a href=\"http:\/\/www.radio-lemko.pl\/?lang=pol\">http:\/\/www.radio-lemko.pl\/?lang=pol<\/a><\/p>\n\n<p>fanpage: <a href=\"https:\/\/www.facebook.com\/radiolemko\/\">https:\/\/www.facebook.com\/radiolemko\/<\/a><\/p>\n\n<p>kana\u0142 Youtube: <a href=\"https:\/\/www.youtube.com\/channel\/UCSgPE3RyYk3gSilw7JezEVQ\/videos\">https:\/\/www.youtube.com\/channel\/UCSgPE3RyYk3gSilw7JezEVQ\/videos<\/a><\/p>\n\n<p>See you at their concert on the Outdoor Stage!<\/p>\n","protected":false},"excerpt":{"rendered":"<p>We come with more news for those who feel yet unsatiated with the list of musical events during this year\u2019s Pyrkon (which is already an impressive bunch, but there\u2019s never enough of the good thing)! Lemko Tower will perform a concert on the Outdoor Stage. They\u2019re a band of young Lemkos from Strzelce Kraje\u0144skie, a [&hellip;]<\/p>\n","protected":false},"author":5950,"featured_media":25871,"comment_status":"closed","ping_status":"closed","sticky":false,"template":"","format":"standard","meta":{"_acf_changed":false,"footnotes":""},"categories":[14],"tags":[9422,9423,9470,9414,9495],"pyr_topics":[],"class_list":["post-26079","post","type-post","status-publish","format-standard","has-post-thumbnail","hentry","category-program-en","tag-atrakcje-en","tag-koncert-en","tag-muzyka-en","tag-pyrkon2022-en","tag-scena-plenerowa-en"],"acf":[],"yoast_head":"<!-- This site is optimized with the Yoast SEO Premium plugin v25.9 (Yoast SEO v25.9) - https:\/\/yoast.com\/wordpress\/plugins\/seo\/ -->\n<title>Lemko Tower concert joins the array of the Outdoor Stage attractions! &#8902; Pyrkon Fantastyczne Miejsce Spotka\u0144<\/title>\n<meta name=\"description\" content=\"Na Scenie Plenerowej wyst\u0105pi Lemko Tower, zesp\u00f3\u0142 kt\u00f3ry inspiracje czerpie z kultury i tradycji przodk\u00f3w z \u0141emkowszczyzny.\" \/>\n<meta name=\"robots\" content=\"index, follow, max-snippet:-1, max-image-preview:large, max-video-preview:-1\" \/>\n<link rel=\"canonical\" href=\"https:\/\/pyrkon.pl\/en\/program-en\/lemko-tower-concert-joins-the-array-of-the-outdoor-stage-attractions\/\" \/>\n<meta property=\"og:locale\" content=\"en_US\" \/>\n<meta property=\"og:type\" content=\"article\" \/>\n<meta property=\"og:title\" content=\"Lemko Tower concert joins the array of the Outdoor Stage attractions!\" \/>\n<meta property=\"og:description\" content=\"Je\u015bli wci\u0105\u017c Wam ma\u0142o muzycznych atrakcji podczas tegorocznego Pyrkonu (kt\u00f3rych jest ca\u0142kiem sporo, ale jak to m\u00f3wi\u0105, od przybytku g\u0142owa nie boli), spieszymy z kolejn\u0105! Na Scenie Plenerowej wyst\u0105pi Lemko Tower, zesp\u00f3\u0142 ze Strzelec Kraje\u0144skich powsta\u0142y w 2005 roku, kt\u00f3ry jako grupa m\u0142odych \u0141emk\u00f3w inspiracje czerpie z kultury i tradycji przodk\u00f3w z \u0141emkowszczyzny. Jedno jest pewne, mo\u017cecie si\u0119 spodziewa\u0107 bardzo ciekawej i nietuzinkowej muzyki!\" \/>\n<meta property=\"og:url\" content=\"https:\/\/pyrkon.pl\/en\/program-en\/lemko-tower-concert-joins-the-array-of-the-outdoor-stage-attractions\/\" \/>\n<meta property=\"og:site_name\" content=\"Pyrkon Fantastyczne Miejsce Spotka\u0144\" \/>\n<meta property=\"article:publisher\" content=\"https:\/\/www.facebook.com\/Pyrkon\" \/>\n<meta property=\"article:published_time\" content=\"2022-05-15T16:15:15+00:00\" \/>\n<meta property=\"article:modified_time\" content=\"2022-05-15T16:15:18+00:00\" \/>\n<meta property=\"og:image\" content=\"https:\/\/pyrkon.pl\/wp-content\/uploads\/2022\/05\/Lemko-Tower-yoast.jpg\" \/>\n<meta name=\"author\" content=\"Agnieszka Mr\u00f3z\" \/>\n<meta name=\"twitter:card\" content=\"summary_large_image\" \/>\n<meta name=\"twitter:creator\" content=\"@pyrkon\" \/>\n<meta name=\"twitter:site\" content=\"@pyrkon\" \/>\n<meta name=\"twitter:label1\" content=\"Written by\" \/>\n\t<meta name=\"twitter:data1\" content=\"Agnieszka Mr\u00f3z\" \/>\n\t<meta name=\"twitter:label2\" content=\"Est. reading time\" \/>\n\t<meta name=\"twitter:data2\" content=\"1 minute\" \/>\n<script type=\"application\/ld+json\" class=\"yoast-schema-graph\">{\"@context\":\"https:\/\/schema.org\",\"@graph\":[{\"@type\":\"Article\",\"@id\":\"https:\/\/pyrkon.pl\/en\/program-en\/lemko-tower-concert-joins-the-array-of-the-outdoor-stage-attractions\/#article\",\"isPartOf\":{\"@id\":\"https:\/\/pyrkon.pl\/en\/program-en\/lemko-tower-concert-joins-the-array-of-the-outdoor-stage-attractions\/\"},\"author\":{\"name\":\"Agnieszka Mr\u00f3z\",\"@id\":\"https:\/\/pyrkon.pl\/#\/schema\/person\/ead0a2781ab7831bef65372ab2a72549\"},\"headline\":\"Lemko Tower concert joins the array of the Outdoor Stage attractions!\",\"datePublished\":\"2022-05-15T16:15:15+00:00\",\"dateModified\":\"2022-05-15T16:15:18+00:00\",\"mainEntityOfPage\":{\"@id\":\"https:\/\/pyrkon.pl\/en\/program-en\/lemko-tower-concert-joins-the-array-of-the-outdoor-stage-attractions\/\"},\"wordCount\":310,\"publisher\":{\"@id\":\"https:\/\/pyrkon.pl\/#organization\"},\"image\":{\"@id\":\"https:\/\/pyrkon.pl\/en\/program-en\/lemko-tower-concert-joins-the-array-of-the-outdoor-stage-attractions\/#primaryimage\"},\"thumbnailUrl\":\"https:\/\/pyrkon.pl\/wp-content\/uploads\/2022\/05\/Lemko-Tower-glowna.jpg\",\"keywords\":[\"atrakcje\",\"koncert\",\"muzyka\",\"Pyrkon2022\",\"Scena Plenerowa\"],\"articleSection\":[\"Program\"],\"inLanguage\":\"en-US\"},{\"@type\":\"WebPage\",\"@id\":\"https:\/\/pyrkon.pl\/en\/program-en\/lemko-tower-concert-joins-the-array-of-the-outdoor-stage-attractions\/\",\"url\":\"https:\/\/pyrkon.pl\/en\/program-en\/lemko-tower-concert-joins-the-array-of-the-outdoor-stage-attractions\/\",\"name\":\"Lemko Tower concert joins the array of the Outdoor Stage attractions! &#8902; Pyrkon Fantastyczne Miejsce Spotka\u0144\",\"isPartOf\":{\"@id\":\"https:\/\/pyrkon.pl\/#website\"},\"primaryImageOfPage\":{\"@id\":\"https:\/\/pyrkon.pl\/en\/program-en\/lemko-tower-concert-joins-the-array-of-the-outdoor-stage-attractions\/#primaryimage\"},\"image\":{\"@id\":\"https:\/\/pyrkon.pl\/en\/program-en\/lemko-tower-concert-joins-the-array-of-the-outdoor-stage-attractions\/#primaryimage\"},\"thumbnailUrl\":\"https:\/\/pyrkon.pl\/wp-content\/uploads\/2022\/05\/Lemko-Tower-glowna.jpg\",\"datePublished\":\"2022-05-15T16:15:15+00:00\",\"dateModified\":\"2022-05-15T16:15:18+00:00\",\"description\":\"Na Scenie Plenerowej wyst\u0105pi Lemko Tower, zesp\u00f3\u0142 kt\u00f3ry inspiracje czerpie z kultury i tradycji przodk\u00f3w z \u0141emkowszczyzny.\",\"breadcrumb\":{\"@id\":\"https:\/\/pyrkon.pl\/en\/program-en\/lemko-tower-concert-joins-the-array-of-the-outdoor-stage-attractions\/#breadcrumb\"},\"inLanguage\":\"en-US\",\"potentialAction\":[{\"@type\":\"ReadAction\",\"target\":[\"https:\/\/pyrkon.pl\/en\/program-en\/lemko-tower-concert-joins-the-array-of-the-outdoor-stage-attractions\/\"]}]},{\"@type\":\"ImageObject\",\"inLanguage\":\"en-US\",\"@id\":\"https:\/\/pyrkon.pl\/en\/program-en\/lemko-tower-concert-joins-the-array-of-the-outdoor-stage-attractions\/#primaryimage\",\"url\":\"https:\/\/pyrkon.pl\/wp-content\/uploads\/2022\/05\/Lemko-Tower-glowna.jpg\",\"contentUrl\":\"https:\/\/pyrkon.pl\/wp-content\/uploads\/2022\/05\/Lemko-Tower-glowna.jpg\",\"width\":900,\"height\":505},{\"@type\":\"BreadcrumbList\",\"@id\":\"https:\/\/pyrkon.pl\/en\/program-en\/lemko-tower-concert-joins-the-array-of-the-outdoor-stage-attractions\/#breadcrumb\",\"itemListElement\":[{\"@type\":\"ListItem\",\"position\":1,\"name\":\"Strona g\u0142\u00f3wna\",\"item\":\"https:\/\/pyrkon.pl\/en\/\"},{\"@type\":\"ListItem\",\"position\":2,\"name\":\"Program\",\"item\":\"https:\/\/pyrkon.pl\/category\/program\/\"},{\"@type\":\"ListItem\",\"position\":3,\"name\":\"Lemko Tower concert joins the array of the Outdoor Stage attractions!\"}]},{\"@type\":\"WebSite\",\"@id\":\"https:\/\/pyrkon.pl\/#website\",\"url\":\"https:\/\/pyrkon.pl\/\",\"name\":\"Pyrkon Fantastyczne Miejsce Spotka\u0144\",\"description\":\"Festiwal Fantastyki\",\"publisher\":{\"@id\":\"https:\/\/pyrkon.pl\/#organization\"},\"potentialAction\":[{\"@type\":\"SearchAction\",\"target\":{\"@type\":\"EntryPoint\",\"urlTemplate\":\"https:\/\/pyrkon.pl\/?s={search_term_string}\"},\"query-input\":{\"@type\":\"PropertyValueSpecification\",\"valueRequired\":true,\"valueName\":\"search_term_string\"}}],\"inLanguage\":\"en-US\"},{\"@type\":\"Organization\",\"@id\":\"https:\/\/pyrkon.pl\/#organization\",\"name\":\"Pyrkon Fantastyczne Miejsce Spotka\u0144\",\"url\":\"https:\/\/pyrkon.pl\/\",\"logo\":{\"@type\":\"ImageObject\",\"inLanguage\":\"en-US\",\"@id\":\"https:\/\/pyrkon.pl\/#\/schema\/logo\/image\/\",\"url\":\"https:\/\/pyrkon.pl\/wp-content\/uploads\/2018\/02\/Festiwal_Fantastyki_Pyrkon_logo_Black_CMYK.jpg\",\"contentUrl\":\"https:\/\/pyrkon.pl\/wp-content\/uploads\/2018\/02\/Festiwal_Fantastyki_Pyrkon_logo_Black_CMYK.jpg\",\"width\":1300,\"height\":401,\"caption\":\"Pyrkon Fantastyczne Miejsce Spotka\u0144\"},\"image\":{\"@id\":\"https:\/\/pyrkon.pl\/#\/schema\/logo\/image\/\"},\"sameAs\":[\"https:\/\/www.facebook.com\/Pyrkon\",\"https:\/\/x.com\/pyrkon\",\"https:\/\/www.instagram.com\/pyrkon\/\",\"https:\/\/www.youtube.com\/user\/FestiwalPyrkon\"]},{\"@type\":\"Person\",\"@id\":\"https:\/\/pyrkon.pl\/#\/schema\/person\/ead0a2781ab7831bef65372ab2a72549\",\"name\":\"Agnieszka Mr\u00f3z\",\"image\":{\"@type\":\"ImageObject\",\"inLanguage\":\"en-US\",\"@id\":\"https:\/\/pyrkon.pl\/#\/schema\/person\/image\/\",\"url\":\"https:\/\/secure.gravatar.com\/avatar\/9a22eeb90012b42438000e11f6a84dd69f4691f6b04ecdbfe0cb6fad8e02d1ca?s=96&d=mm&r=g\",\"contentUrl\":\"https:\/\/secure.gravatar.com\/avatar\/9a22eeb90012b42438000e11f6a84dd69f4691f6b04ecdbfe0cb6fad8e02d1ca?s=96&d=mm&r=g\",\"caption\":\"Agnieszka Mr\u00f3z\"},\"description\":\"Osoba pogr\u0105\u017cona we w\u0142asnych my\u015blach, kt\u00f3r\u0105 tylko nieliczni potrafi\u0105 zrozumie\u0107. Kocha ksi\u0105\u017cki, mangi i anime. Czytanie rozbudzi\u0142o w niej mi\u0142o\u015b\u0107 do pisania. Bujna wyobra\u017ania i uwielbienie fantastyki doprowadzi\u0142y do tego, \u017ce chce zyska\u0107 moc kreowania nowych \u015bwiat\u00f3w, w kt\u00f3rych mo\u017cna spotka\u0107 ulubionych bohater\u00f3w.\",\"url\":\"https:\/\/pyrkon.pl\/en\/author\/agnieszka\/\"}]}<\/script>\n<!-- \/ Yoast SEO Premium plugin. -->","yoast_head_json":{"title":"Lemko Tower concert joins the array of the Outdoor Stage attractions! &#8902; Pyrkon Fantastyczne Miejsce Spotka\u0144","description":"Na Scenie Plenerowej wyst\u0105pi Lemko Tower, zesp\u00f3\u0142 kt\u00f3ry inspiracje czerpie z kultury i tradycji przodk\u00f3w z \u0141emkowszczyzny.","robots":{"index":"index","follow":"follow","max-snippet":"max-snippet:-1","max-image-preview":"max-image-preview:large","max-video-preview":"max-video-preview:-1"},"canonical":"https:\/\/pyrkon.pl\/en\/program-en\/lemko-tower-concert-joins-the-array-of-the-outdoor-stage-attractions\/","og_locale":"en_US","og_type":"article","og_title":"Lemko Tower concert joins the array of the Outdoor Stage attractions!","og_description":"Je\u015bli wci\u0105\u017c Wam ma\u0142o muzycznych atrakcji podczas tegorocznego Pyrkonu (kt\u00f3rych jest ca\u0142kiem sporo, ale jak to m\u00f3wi\u0105, od przybytku g\u0142owa nie boli), spieszymy z kolejn\u0105! Na Scenie Plenerowej wyst\u0105pi Lemko Tower, zesp\u00f3\u0142 ze Strzelec Kraje\u0144skich powsta\u0142y w 2005 roku, kt\u00f3ry jako grupa m\u0142odych \u0141emk\u00f3w inspiracje czerpie z kultury i tradycji przodk\u00f3w z \u0141emkowszczyzny. Jedno jest pewne, mo\u017cecie si\u0119 spodziewa\u0107 bardzo ciekawej i nietuzinkowej muzyki!","og_url":"https:\/\/pyrkon.pl\/en\/program-en\/lemko-tower-concert-joins-the-array-of-the-outdoor-stage-attractions\/","og_site_name":"Pyrkon Fantastyczne Miejsce Spotka\u0144","article_publisher":"https:\/\/www.facebook.com\/Pyrkon","article_published_time":"2022-05-15T16:15:15+00:00","article_modified_time":"2022-05-15T16:15:18+00:00","og_image":[{"url":"https:\/\/pyrkon.pl\/wp-content\/uploads\/2022\/05\/Lemko-Tower-yoast.jpg","type":"","width":"","height":""}],"author":"Agnieszka Mr\u00f3z","twitter_card":"summary_large_image","twitter_creator":"@pyrkon","twitter_site":"@pyrkon","twitter_misc":{"Written by":"Agnieszka Mr\u00f3z","Est. reading time":"1 minute"},"schema":{"@context":"https:\/\/schema.org","@graph":[{"@type":"Article","@id":"https:\/\/pyrkon.pl\/en\/program-en\/lemko-tower-concert-joins-the-array-of-the-outdoor-stage-attractions\/#article","isPartOf":{"@id":"https:\/\/pyrkon.pl\/en\/program-en\/lemko-tower-concert-joins-the-array-of-the-outdoor-stage-attractions\/"},"author":{"name":"Agnieszka Mr\u00f3z","@id":"https:\/\/pyrkon.pl\/#\/schema\/person\/ead0a2781ab7831bef65372ab2a72549"},"headline":"Lemko Tower concert joins the array of the Outdoor Stage attractions!","datePublished":"2022-05-15T16:15:15+00:00","dateModified":"2022-05-15T16:15:18+00:00","mainEntityOfPage":{"@id":"https:\/\/pyrkon.pl\/en\/program-en\/lemko-tower-concert-joins-the-array-of-the-outdoor-stage-attractions\/"},"wordCount":310,"publisher":{"@id":"https:\/\/pyrkon.pl\/#organization"},"image":{"@id":"https:\/\/pyrkon.pl\/en\/program-en\/lemko-tower-concert-joins-the-array-of-the-outdoor-stage-attractions\/#primaryimage"},"thumbnailUrl":"https:\/\/pyrkon.pl\/wp-content\/uploads\/2022\/05\/Lemko-Tower-glowna.jpg","keywords":["atrakcje","koncert","muzyka","Pyrkon2022","Scena Plenerowa"],"articleSection":["Program"],"inLanguage":"en-US"},{"@type":"WebPage","@id":"https:\/\/pyrkon.pl\/en\/program-en\/lemko-tower-concert-joins-the-array-of-the-outdoor-stage-attractions\/","url":"https:\/\/pyrkon.pl\/en\/program-en\/lemko-tower-concert-joins-the-array-of-the-outdoor-stage-attractions\/","name":"Lemko Tower concert joins the array of the Outdoor Stage attractions! &#8902; Pyrkon Fantastyczne Miejsce Spotka\u0144","isPartOf":{"@id":"https:\/\/pyrkon.pl\/#website"},"primaryImageOfPage":{"@id":"https:\/\/pyrkon.pl\/en\/program-en\/lemko-tower-concert-joins-the-array-of-the-outdoor-stage-attractions\/#primaryimage"},"image":{"@id":"https:\/\/pyrkon.pl\/en\/program-en\/lemko-tower-concert-joins-the-array-of-the-outdoor-stage-attractions\/#primaryimage"},"thumbnailUrl":"https:\/\/pyrkon.pl\/wp-content\/uploads\/2022\/05\/Lemko-Tower-glowna.jpg","datePublished":"2022-05-15T16:15:15+00:00","dateModified":"2022-05-15T16:15:18+00:00","description":"Na Scenie Plenerowej wyst\u0105pi Lemko Tower, zesp\u00f3\u0142 kt\u00f3ry inspiracje czerpie z kultury i tradycji przodk\u00f3w z \u0141emkowszczyzny.","breadcrumb":{"@id":"https:\/\/pyrkon.pl\/en\/program-en\/lemko-tower-concert-joins-the-array-of-the-outdoor-stage-attractions\/#breadcrumb"},"inLanguage":"en-US","potentialAction":[{"@type":"ReadAction","target":["https:\/\/pyrkon.pl\/en\/program-en\/lemko-tower-concert-joins-the-array-of-the-outdoor-stage-attractions\/"]}]},{"@type":"ImageObject","inLanguage":"en-US","@id":"https:\/\/pyrkon.pl\/en\/program-en\/lemko-tower-concert-joins-the-array-of-the-outdoor-stage-attractions\/#primaryimage","url":"https:\/\/pyrkon.pl\/wp-content\/uploads\/2022\/05\/Lemko-Tower-glowna.jpg","contentUrl":"https:\/\/pyrkon.pl\/wp-content\/uploads\/2022\/05\/Lemko-Tower-glowna.jpg","width":900,"height":505},{"@type":"BreadcrumbList","@id":"https:\/\/pyrkon.pl\/en\/program-en\/lemko-tower-concert-joins-the-array-of-the-outdoor-stage-attractions\/#breadcrumb","itemListElement":[{"@type":"ListItem","position":1,"name":"Strona g\u0142\u00f3wna","item":"https:\/\/pyrkon.pl\/en\/"},{"@type":"ListItem","position":2,"name":"Program","item":"https:\/\/pyrkon.pl\/category\/program\/"},{"@type":"ListItem","position":3,"name":"Lemko Tower concert joins the array of the Outdoor Stage attractions!"}]},{"@type":"WebSite","@id":"https:\/\/pyrkon.pl\/#website","url":"https:\/\/pyrkon.pl\/","name":"Pyrkon Fantastyczne Miejsce Spotka\u0144","description":"Festiwal Fantastyki","publisher":{"@id":"https:\/\/pyrkon.pl\/#organization"},"potentialAction":[{"@type":"SearchAction","target":{"@type":"EntryPoint","urlTemplate":"https:\/\/pyrkon.pl\/?s={search_term_string}"},"query-input":{"@type":"PropertyValueSpecification","valueRequired":true,"valueName":"search_term_string"}}],"inLanguage":"en-US"},{"@type":"Organization","@id":"https:\/\/pyrkon.pl\/#organization","name":"Pyrkon Fantastyczne Miejsce Spotka\u0144","url":"https:\/\/pyrkon.pl\/","logo":{"@type":"ImageObject","inLanguage":"en-US","@id":"https:\/\/pyrkon.pl\/#\/schema\/logo\/image\/","url":"https:\/\/pyrkon.pl\/wp-content\/uploads\/2018\/02\/Festiwal_Fantastyki_Pyrkon_logo_Black_CMYK.jpg","contentUrl":"https:\/\/pyrkon.pl\/wp-content\/uploads\/2018\/02\/Festiwal_Fantastyki_Pyrkon_logo_Black_CMYK.jpg","width":1300,"height":401,"caption":"Pyrkon Fantastyczne Miejsce Spotka\u0144"},"image":{"@id":"https:\/\/pyrkon.pl\/#\/schema\/logo\/image\/"},"sameAs":["https:\/\/www.facebook.com\/Pyrkon","https:\/\/x.com\/pyrkon","https:\/\/www.instagram.com\/pyrkon\/","https:\/\/www.youtube.com\/user\/FestiwalPyrkon"]},{"@type":"Person","@id":"https:\/\/pyrkon.pl\/#\/schema\/person\/ead0a2781ab7831bef65372ab2a72549","name":"Agnieszka Mr\u00f3z","image":{"@type":"ImageObject","inLanguage":"en-US","@id":"https:\/\/pyrkon.pl\/#\/schema\/person\/image\/","url":"https:\/\/secure.gravatar.com\/avatar\/9a22eeb90012b42438000e11f6a84dd69f4691f6b04ecdbfe0cb6fad8e02d1ca?s=96&d=mm&r=g","contentUrl":"https:\/\/secure.gravatar.com\/avatar\/9a22eeb90012b42438000e11f6a84dd69f4691f6b04ecdbfe0cb6fad8e02d1ca?s=96&d=mm&r=g","caption":"Agnieszka Mr\u00f3z"},"description":"Osoba pogr\u0105\u017cona we w\u0142asnych my\u015blach, kt\u00f3r\u0105 tylko nieliczni potrafi\u0105 zrozumie\u0107. Kocha ksi\u0105\u017cki, mangi i anime. Czytanie rozbudzi\u0142o w niej mi\u0142o\u015b\u0107 do pisania. Bujna wyobra\u017ania i uwielbienie fantastyki doprowadzi\u0142y do tego, \u017ce chce zyska\u0107 moc kreowania nowych \u015bwiat\u00f3w, w kt\u00f3rych mo\u017cna spotka\u0107 ulubionych bohater\u00f3w.","url":"https:\/\/pyrkon.pl\/en\/author\/agnieszka\/"}]}},"_links":{"self":[{"href":"https:\/\/pyrkon.pl\/en\/wp-json\/wp\/v2\/posts\/26079","targetHints":{"allow":["GET"]}}],"collection":[{"href":"https:\/\/pyrkon.pl\/en\/wp-json\/wp\/v2\/posts"}],"about":[{"href":"https:\/\/pyrkon.pl\/en\/wp-json\/wp\/v2\/types\/post"}],"author":[{"embeddable":true,"href":"https:\/\/pyrkon.pl\/en\/wp-json\/wp\/v2\/users\/5950"}],"replies":[{"embeddable":true,"href":"https:\/\/pyrkon.pl\/en\/wp-json\/wp\/v2\/comments?post=26079"}],"version-history":[{"count":3,"href":"https:\/\/pyrkon.pl\/en\/wp-json\/wp\/v2\/posts\/26079\/revisions"}],"predecessor-version":[{"id":26082,"href":"https:\/\/pyrkon.pl\/en\/wp-json\/wp\/v2\/posts\/26079\/revisions\/26082"}],"wp:featuredmedia":[{"embeddable":true,"href":"https:\/\/pyrkon.pl\/en\/wp-json\/wp\/v2\/media\/25871"}],"wp:attachment":[{"href":"https:\/\/pyrkon.pl\/en\/wp-json\/wp\/v2\/media?parent=26079"}],"wp:term":[{"taxonomy":"category","embeddable":true,"href":"https:\/\/pyrkon.pl\/en\/wp-json\/wp\/v2\/categories?post=26079"},{"taxonomy":"post_tag","embeddable":true,"href":"https:\/\/pyrkon.pl\/en\/wp-json\/wp\/v2\/tags?post=26079"},{"taxonomy":"pyr_topics","embeddable":true,"href":"https:\/\/pyrkon.pl\/en\/wp-json\/wp\/v2\/pyr_topics?post=26079"}],"curies":[{"name":"wp","href":"https:\/\/api.w.org\/{rel}","templated":true}]}}