{"id":26455,"date":"2022-05-27T18:20:00","date_gmt":"2022-05-27T16:20:00","guid":{"rendered":"https:\/\/pyrkon.pl\/uncategorized\/who-will-perform-on-the-outdoor-stage\/"},"modified":"2022-05-29T10:24:12","modified_gmt":"2022-05-29T08:24:12","slug":"who-will-perform-on-the-outdoor-stage","status":"publish","type":"post","link":"https:\/\/pyrkon.pl\/en\/program-en\/who-will-perform-on-the-outdoor-stage\/","title":{"rendered":"Who will perform on the Outdoor Stage?"},"content":{"rendered":"\n<p><strong>As you all well know, this year\u2019s Pyrkon has plenty of musical events up its sleeve , with concerts, performances, and other shows! All this awaits on the Outdoor Stage, which will be available for everyone!<\/strong><\/p>\n\n\n\n<!--more-->\n\n\n\n<h2 class=\"wp-block-heading\" id=\"h-kto-wystapi-na-scenie-plenerowej\"><strong>Who will perform on the Outdoor Stage?<\/strong><\/h2>\n\n\n\n<p>Our schedule is filled with concerts and shows by various bands and artistic groups so we\u2019re sure everyone will find something to their taste. We present a list of shows grouped according to music themes and artistic inspiration they express so you know what you can expect from each performance.<\/p>\n\n\n\n<div class=\"b-media-text b-media-text--center b-media-text--30\" id=\"b-media-text-block_628f9cc0410b5\">\n\t<figure class=\"b-media-text__medium\">\n\t\t<img loading=\"lazy\" decoding=\"async\" width=\"1330\" height=\"885\" src=\"https:\/\/pyrkon.pl\/wp-content\/uploads\/2022\/05\/Scena-Plenerowa-1330x885.jpeg\" class=\"attachment-large size-large\" alt=\"\" srcset=\"https:\/\/pyrkon.pl\/wp-content\/uploads\/2022\/05\/Scena-Plenerowa-1330x885.jpeg 1330w, https:\/\/pyrkon.pl\/wp-content\/uploads\/2022\/05\/Scena-Plenerowa-300x200.jpeg 300w, https:\/\/pyrkon.pl\/wp-content\/uploads\/2022\/05\/Scena-Plenerowa-768x511.jpeg 768w, https:\/\/pyrkon.pl\/wp-content\/uploads\/2022\/05\/Scena-Plenerowa-1536x1022.jpeg 1536w, https:\/\/pyrkon.pl\/wp-content\/uploads\/2022\/05\/Scena-Plenerowa.jpeg 1800w\" sizes=\"auto, (max-width: 1330px) 100vw, 1330px\" \/>\n\t\t\t<\/figure>\n\t<\/div>\n\n\n\n<p><strong>Slavic\/folk bands: <\/strong><\/p>\n\n\n\n<ul class=\"wp-block-list\"><li>Joanna Lacher &#8211; Kr\u00f3lowa Lasu &#8211; a character created by Joanna for her solo music career. The artist also invites other musicians to collaborate. Kr\u00f3lowa Lasu is Joanna\u2019s vocal mixed project. We love her for the rock and folk charisma she carries. Live instruments accompanied by heavy electronic sounds are another strong suit of this project.<\/li><li>Red Sun Rising and Olica &#8211; a folk-electronic band that adds white voice singing and hurdy-gurdy sound to the mix. <\/li><li>Lemko Tower &#8211; established in 2015, a band of young Lemkos from Strzelce Kraje\u0144skie, a Polish ethnic group, who draw their inspiration from the culture and tradition of their ancestors.<\/li><li>Dziewanna &#8211; an artist whose work is a mixture of mystic folk and melodic folk metal with an added aura of mystery that is inspired by the world of The Witcher, Nordic-Slavic folklore, and Romantic literature.<\/li><li>Merkfolk &#8211; a folk-metal band known for catchy songs that combine accordion and violins with heavy guitar and percussion, topping it up with a female singer\u2019s growl. The acoustic version exchanges the harsh growl with an open, white voice.<\/li><\/ul>\n\n\n\n<p><strong>Manga\/anime performances: <\/strong><\/p>\n\n\n\n<ul class=\"wp-block-list\"><li>Kohei &#8211; a Japanese singer who moved to Europe in 2019 to further advance his long-going music career. His repertoire includes soft, moving songs accompanied by an acoustic guitar but also electrifying rock hits.<\/li><li>Kobito Rakugo &#8211; the group will stage a play telling incredible stories in the theatric rakugo style.<\/li><li>Akiharu Idols &#8211; a group of idols performing songs primarily from the Love Live! School Idol Project series.<\/li><li>Karol Suchecki &#8211; an artist performing Polish covers of known songs from various animated series.<\/li><li>WAKEY Dance Crew &#8211; this group counts 15 members, and they will all come to perform covers of K-pop choreographies!<br><\/li><\/ul>\n\n\n\n<p><strong>Synthwave: <\/strong><\/p>\n\n\n\n<ul class=\"wp-block-list\"><li>Jeremiah Kane &#8211; a four-piece band from Poznan which combines such genres as synth-wave, dark synth, and metal with a tinge of retro game sound.<\/li><\/ul>\n\n\n\n<p><strong>Classical sounds: <\/strong><\/p>\n\n\n\n<ul class=\"wp-block-list\"><li>Ignis Cantores Choir &#8211; the WSB University academic choir. Their repertoire includes classical sacred music pieces, movie soundtracks, and pop-music hits. <\/li><li>Jacek Kowalski &#8211; a versatile artist who calls himself a songster, art historian, lover of Old Polish poetry and\u2026 a Sarmatian. His artistic output includes his original songs telling the stories of the old world but also his renditions of old French and Polish songs.<\/li><\/ul>\n\n\n\n<p><strong>Cosplay: additional events<\/strong><\/p>\n\n\n\n<ul class=\"wp-block-list\"><li>Evil Cosplay &#8211; a contest for nimble cosplayers. The task is to create an improvised costume out of scraps, junk, offcuts, debris lying around, and pretty much everything that is not fixed to the ground. Fine seam work, intricate foam designs, and masterful woodwork are strongly discouraged!<\/li><li>Cosplay Competition: Original Designs &#8211; best original cosplay design contest with cosplay show.<\/li><li>Cosplay Show &#8211; here, everyone can show their costumes. We invite everyone who would like to go on stage along with other cosplayers and demonstrate their work.<\/li><\/ul>\n\n\n\n<p><strong>Dubbing group:<\/strong><\/p>\n\n\n\n<ul class=\"wp-block-list\"><li>NanoKarrin &#8211; a dubbing group making their own Polish covers of various songs. Their most popular covers are Imagine Dragons\u2019 Warriors and Mili\u2019s World.execute(me), although these are just a tip of what the group has in store. Instead of listening to the Youtube video, this time, you can hear them perform live on stage.<\/li><\/ul>\n\n\n\n<p><\/p>\n","protected":false},"excerpt":{"rendered":"<p>As you all well know, this year\u2019s Pyrkon has plenty of musical events up its sleeve , with concerts, performances, and other shows! All this awaits on the Outdoor Stage, which will be available for everyone!<\/p>\n","protected":false},"author":5950,"featured_media":26378,"comment_status":"closed","ping_status":"closed","sticky":false,"template":"","format":"standard","meta":{"_acf_changed":false,"footnotes":""},"categories":[14],"tags":[9422,9355,9423,9470,9414,9495,9508],"pyr_topics":[],"class_list":["post-26455","post","type-post","status-publish","format-standard","has-post-thumbnail","hentry","category-program-en","tag-atrakcje-en","tag-cosplay-en","tag-koncert-en","tag-muzyka-en","tag-pyrkon2022-en","tag-scena-plenerowa-en","tag-wystep-en"],"acf":[],"yoast_head":"<!-- This site is optimized with the Yoast SEO Premium plugin v25.9 (Yoast SEO v25.9) - https:\/\/yoast.com\/wordpress\/plugins\/seo\/ -->\n<title>Who will perform on the Outdoor Stage? &#8902; Pyrkon Fantastyczne Miejsce Spotka\u0144<\/title>\n<meta name=\"description\" content=\"Podczas tegorocznego Pyrkonu szykujemy dla Was wiele muzycznych atrakcji na Scenie Plenerowej. Koncerty, wyst\u0119py i inne widowiska!\" \/>\n<meta name=\"robots\" content=\"index, follow, max-snippet:-1, max-image-preview:large, max-video-preview:-1\" \/>\n<link rel=\"canonical\" href=\"https:\/\/pyrkon.pl\/en\/program-en\/who-will-perform-on-the-outdoor-stage\/\" \/>\n<meta property=\"og:locale\" content=\"en_US\" \/>\n<meta property=\"og:type\" content=\"article\" \/>\n<meta property=\"og:title\" content=\"Who will perform on the Outdoor Stage?\" \/>\n<meta property=\"og:description\" content=\"Jak ju\u017c wiecie, podczas tegorocznego Pyrkonu szykujemy dla Was wiele muzycznych atrakcji. Koncerty, wyst\u0119py i widowiska! Tego wszystkiego mo\u017cecie oczekiwa\u0107 po Scenie Plenerowej, kt\u00f3r\u0105 znajdziecie na \u015bwie\u017cym powietrzu. Co wi\u0119cej, b\u0119dzie ona og\u00f3lnodost\u0119pna dla wszystkich!\" \/>\n<meta property=\"og:url\" content=\"https:\/\/pyrkon.pl\/en\/program-en\/who-will-perform-on-the-outdoor-stage\/\" \/>\n<meta property=\"og:site_name\" content=\"Pyrkon Fantastyczne Miejsce Spotka\u0144\" \/>\n<meta property=\"article:publisher\" content=\"https:\/\/www.facebook.com\/Pyrkon\" \/>\n<meta property=\"article:published_time\" content=\"2022-05-27T16:20:00+00:00\" \/>\n<meta property=\"article:modified_time\" content=\"2022-05-29T08:24:12+00:00\" \/>\n<meta property=\"og:image\" content=\"https:\/\/pyrkon.pl\/wp-content\/uploads\/2022\/05\/Scena-plenerowa-yoast.jpg\" \/>\n<meta name=\"author\" content=\"Agnieszka Mr\u00f3z\" \/>\n<meta name=\"twitter:card\" content=\"summary_large_image\" \/>\n<meta name=\"twitter:creator\" content=\"@pyrkon\" \/>\n<meta name=\"twitter:site\" content=\"@pyrkon\" \/>\n<meta name=\"twitter:label1\" content=\"Written by\" \/>\n\t<meta name=\"twitter:data1\" content=\"Agnieszka Mr\u00f3z\" \/>\n\t<meta name=\"twitter:label2\" content=\"Est. reading time\" \/>\n\t<meta name=\"twitter:data2\" content=\"4 minutes\" \/>\n<script type=\"application\/ld+json\" class=\"yoast-schema-graph\">{\"@context\":\"https:\/\/schema.org\",\"@graph\":[{\"@type\":\"Article\",\"@id\":\"https:\/\/pyrkon.pl\/en\/program-en\/who-will-perform-on-the-outdoor-stage\/#article\",\"isPartOf\":{\"@id\":\"https:\/\/pyrkon.pl\/en\/program-en\/who-will-perform-on-the-outdoor-stage\/\"},\"author\":{\"name\":\"Agnieszka Mr\u00f3z\",\"@id\":\"https:\/\/pyrkon.pl\/#\/schema\/person\/ead0a2781ab7831bef65372ab2a72549\"},\"headline\":\"Who will perform on the Outdoor Stage?\",\"datePublished\":\"2022-05-27T16:20:00+00:00\",\"dateModified\":\"2022-05-29T08:24:12+00:00\",\"mainEntityOfPage\":{\"@id\":\"https:\/\/pyrkon.pl\/en\/program-en\/who-will-perform-on-the-outdoor-stage\/\"},\"wordCount\":637,\"publisher\":{\"@id\":\"https:\/\/pyrkon.pl\/#organization\"},\"image\":{\"@id\":\"https:\/\/pyrkon.pl\/en\/program-en\/who-will-perform-on-the-outdoor-stage\/#primaryimage\"},\"thumbnailUrl\":\"https:\/\/pyrkon.pl\/wp-content\/uploads\/2022\/05\/Scena-Plenerowa-glowna.jpg\",\"keywords\":[\"atrakcje\",\"cosplay\",\"koncert\",\"muzyka\",\"Pyrkon2022\",\"Scena Plenerowa\",\"wyst\u0119p\"],\"articleSection\":[\"Program\"],\"inLanguage\":\"en-US\"},{\"@type\":\"WebPage\",\"@id\":\"https:\/\/pyrkon.pl\/en\/program-en\/who-will-perform-on-the-outdoor-stage\/\",\"url\":\"https:\/\/pyrkon.pl\/en\/program-en\/who-will-perform-on-the-outdoor-stage\/\",\"name\":\"Who will perform on the Outdoor Stage? &#8902; Pyrkon Fantastyczne Miejsce Spotka\u0144\",\"isPartOf\":{\"@id\":\"https:\/\/pyrkon.pl\/#website\"},\"primaryImageOfPage\":{\"@id\":\"https:\/\/pyrkon.pl\/en\/program-en\/who-will-perform-on-the-outdoor-stage\/#primaryimage\"},\"image\":{\"@id\":\"https:\/\/pyrkon.pl\/en\/program-en\/who-will-perform-on-the-outdoor-stage\/#primaryimage\"},\"thumbnailUrl\":\"https:\/\/pyrkon.pl\/wp-content\/uploads\/2022\/05\/Scena-Plenerowa-glowna.jpg\",\"datePublished\":\"2022-05-27T16:20:00+00:00\",\"dateModified\":\"2022-05-29T08:24:12+00:00\",\"description\":\"Podczas tegorocznego Pyrkonu szykujemy dla Was wiele muzycznych atrakcji na Scenie Plenerowej. Koncerty, wyst\u0119py i inne widowiska!\",\"breadcrumb\":{\"@id\":\"https:\/\/pyrkon.pl\/en\/program-en\/who-will-perform-on-the-outdoor-stage\/#breadcrumb\"},\"inLanguage\":\"en-US\",\"potentialAction\":[{\"@type\":\"ReadAction\",\"target\":[\"https:\/\/pyrkon.pl\/en\/program-en\/who-will-perform-on-the-outdoor-stage\/\"]}]},{\"@type\":\"ImageObject\",\"inLanguage\":\"en-US\",\"@id\":\"https:\/\/pyrkon.pl\/en\/program-en\/who-will-perform-on-the-outdoor-stage\/#primaryimage\",\"url\":\"https:\/\/pyrkon.pl\/wp-content\/uploads\/2022\/05\/Scena-Plenerowa-glowna.jpg\",\"contentUrl\":\"https:\/\/pyrkon.pl\/wp-content\/uploads\/2022\/05\/Scena-Plenerowa-glowna.jpg\",\"width\":900,\"height\":505},{\"@type\":\"BreadcrumbList\",\"@id\":\"https:\/\/pyrkon.pl\/en\/program-en\/who-will-perform-on-the-outdoor-stage\/#breadcrumb\",\"itemListElement\":[{\"@type\":\"ListItem\",\"position\":1,\"name\":\"Strona g\u0142\u00f3wna\",\"item\":\"https:\/\/pyrkon.pl\/en\/\"},{\"@type\":\"ListItem\",\"position\":2,\"name\":\"Program\",\"item\":\"https:\/\/pyrkon.pl\/en\/category\/program-en\/\"},{\"@type\":\"ListItem\",\"position\":3,\"name\":\"Who will perform on the Outdoor Stage?\"}]},{\"@type\":\"WebSite\",\"@id\":\"https:\/\/pyrkon.pl\/#website\",\"url\":\"https:\/\/pyrkon.pl\/\",\"name\":\"Pyrkon Fantastyczne Miejsce Spotka\u0144\",\"description\":\"Festiwal Fantastyki\",\"publisher\":{\"@id\":\"https:\/\/pyrkon.pl\/#organization\"},\"potentialAction\":[{\"@type\":\"SearchAction\",\"target\":{\"@type\":\"EntryPoint\",\"urlTemplate\":\"https:\/\/pyrkon.pl\/?s={search_term_string}\"},\"query-input\":{\"@type\":\"PropertyValueSpecification\",\"valueRequired\":true,\"valueName\":\"search_term_string\"}}],\"inLanguage\":\"en-US\"},{\"@type\":\"Organization\",\"@id\":\"https:\/\/pyrkon.pl\/#organization\",\"name\":\"Pyrkon Fantastyczne Miejsce Spotka\u0144\",\"url\":\"https:\/\/pyrkon.pl\/\",\"logo\":{\"@type\":\"ImageObject\",\"inLanguage\":\"en-US\",\"@id\":\"https:\/\/pyrkon.pl\/#\/schema\/logo\/image\/\",\"url\":\"https:\/\/pyrkon.pl\/wp-content\/uploads\/2018\/02\/Festiwal_Fantastyki_Pyrkon_logo_Black_CMYK.jpg\",\"contentUrl\":\"https:\/\/pyrkon.pl\/wp-content\/uploads\/2018\/02\/Festiwal_Fantastyki_Pyrkon_logo_Black_CMYK.jpg\",\"width\":1300,\"height\":401,\"caption\":\"Pyrkon Fantastyczne Miejsce Spotka\u0144\"},\"image\":{\"@id\":\"https:\/\/pyrkon.pl\/#\/schema\/logo\/image\/\"},\"sameAs\":[\"https:\/\/www.facebook.com\/Pyrkon\",\"https:\/\/x.com\/pyrkon\",\"https:\/\/www.instagram.com\/pyrkon\/\",\"https:\/\/www.youtube.com\/user\/FestiwalPyrkon\"]},{\"@type\":\"Person\",\"@id\":\"https:\/\/pyrkon.pl\/#\/schema\/person\/ead0a2781ab7831bef65372ab2a72549\",\"name\":\"Agnieszka Mr\u00f3z\",\"image\":{\"@type\":\"ImageObject\",\"inLanguage\":\"en-US\",\"@id\":\"https:\/\/pyrkon.pl\/#\/schema\/person\/image\/\",\"url\":\"https:\/\/secure.gravatar.com\/avatar\/9a22eeb90012b42438000e11f6a84dd69f4691f6b04ecdbfe0cb6fad8e02d1ca?s=96&d=mm&r=g\",\"contentUrl\":\"https:\/\/secure.gravatar.com\/avatar\/9a22eeb90012b42438000e11f6a84dd69f4691f6b04ecdbfe0cb6fad8e02d1ca?s=96&d=mm&r=g\",\"caption\":\"Agnieszka Mr\u00f3z\"},\"description\":\"Osoba pogr\u0105\u017cona we w\u0142asnych my\u015blach, kt\u00f3r\u0105 tylko nieliczni potrafi\u0105 zrozumie\u0107. Kocha ksi\u0105\u017cki, mangi i anime. Czytanie rozbudzi\u0142o w niej mi\u0142o\u015b\u0107 do pisania. Bujna wyobra\u017ania i uwielbienie fantastyki doprowadzi\u0142y do tego, \u017ce chce zyska\u0107 moc kreowania nowych \u015bwiat\u00f3w, w kt\u00f3rych mo\u017cna spotka\u0107 ulubionych bohater\u00f3w.\",\"url\":\"https:\/\/pyrkon.pl\/en\/author\/agnieszka\/\"}]}<\/script>\n<!-- \/ Yoast SEO Premium plugin. -->","yoast_head_json":{"title":"Who will perform on the Outdoor Stage? &#8902; Pyrkon Fantastyczne Miejsce Spotka\u0144","description":"Podczas tegorocznego Pyrkonu szykujemy dla Was wiele muzycznych atrakcji na Scenie Plenerowej. Koncerty, wyst\u0119py i inne widowiska!","robots":{"index":"index","follow":"follow","max-snippet":"max-snippet:-1","max-image-preview":"max-image-preview:large","max-video-preview":"max-video-preview:-1"},"canonical":"https:\/\/pyrkon.pl\/en\/program-en\/who-will-perform-on-the-outdoor-stage\/","og_locale":"en_US","og_type":"article","og_title":"Who will perform on the Outdoor Stage?","og_description":"Jak ju\u017c wiecie, podczas tegorocznego Pyrkonu szykujemy dla Was wiele muzycznych atrakcji. Koncerty, wyst\u0119py i widowiska! Tego wszystkiego mo\u017cecie oczekiwa\u0107 po Scenie Plenerowej, kt\u00f3r\u0105 znajdziecie na \u015bwie\u017cym powietrzu. Co wi\u0119cej, b\u0119dzie ona og\u00f3lnodost\u0119pna dla wszystkich!","og_url":"https:\/\/pyrkon.pl\/en\/program-en\/who-will-perform-on-the-outdoor-stage\/","og_site_name":"Pyrkon Fantastyczne Miejsce Spotka\u0144","article_publisher":"https:\/\/www.facebook.com\/Pyrkon","article_published_time":"2022-05-27T16:20:00+00:00","article_modified_time":"2022-05-29T08:24:12+00:00","og_image":[{"url":"https:\/\/pyrkon.pl\/wp-content\/uploads\/2022\/05\/Scena-plenerowa-yoast.jpg","type":"","width":"","height":""}],"author":"Agnieszka Mr\u00f3z","twitter_card":"summary_large_image","twitter_creator":"@pyrkon","twitter_site":"@pyrkon","twitter_misc":{"Written by":"Agnieszka Mr\u00f3z","Est. reading time":"4 minutes"},"schema":{"@context":"https:\/\/schema.org","@graph":[{"@type":"Article","@id":"https:\/\/pyrkon.pl\/en\/program-en\/who-will-perform-on-the-outdoor-stage\/#article","isPartOf":{"@id":"https:\/\/pyrkon.pl\/en\/program-en\/who-will-perform-on-the-outdoor-stage\/"},"author":{"name":"Agnieszka Mr\u00f3z","@id":"https:\/\/pyrkon.pl\/#\/schema\/person\/ead0a2781ab7831bef65372ab2a72549"},"headline":"Who will perform on the Outdoor Stage?","datePublished":"2022-05-27T16:20:00+00:00","dateModified":"2022-05-29T08:24:12+00:00","mainEntityOfPage":{"@id":"https:\/\/pyrkon.pl\/en\/program-en\/who-will-perform-on-the-outdoor-stage\/"},"wordCount":637,"publisher":{"@id":"https:\/\/pyrkon.pl\/#organization"},"image":{"@id":"https:\/\/pyrkon.pl\/en\/program-en\/who-will-perform-on-the-outdoor-stage\/#primaryimage"},"thumbnailUrl":"https:\/\/pyrkon.pl\/wp-content\/uploads\/2022\/05\/Scena-Plenerowa-glowna.jpg","keywords":["atrakcje","cosplay","koncert","muzyka","Pyrkon2022","Scena Plenerowa","wyst\u0119p"],"articleSection":["Program"],"inLanguage":"en-US"},{"@type":"WebPage","@id":"https:\/\/pyrkon.pl\/en\/program-en\/who-will-perform-on-the-outdoor-stage\/","url":"https:\/\/pyrkon.pl\/en\/program-en\/who-will-perform-on-the-outdoor-stage\/","name":"Who will perform on the Outdoor Stage? &#8902; Pyrkon Fantastyczne Miejsce Spotka\u0144","isPartOf":{"@id":"https:\/\/pyrkon.pl\/#website"},"primaryImageOfPage":{"@id":"https:\/\/pyrkon.pl\/en\/program-en\/who-will-perform-on-the-outdoor-stage\/#primaryimage"},"image":{"@id":"https:\/\/pyrkon.pl\/en\/program-en\/who-will-perform-on-the-outdoor-stage\/#primaryimage"},"thumbnailUrl":"https:\/\/pyrkon.pl\/wp-content\/uploads\/2022\/05\/Scena-Plenerowa-glowna.jpg","datePublished":"2022-05-27T16:20:00+00:00","dateModified":"2022-05-29T08:24:12+00:00","description":"Podczas tegorocznego Pyrkonu szykujemy dla Was wiele muzycznych atrakcji na Scenie Plenerowej. Koncerty, wyst\u0119py i inne widowiska!","breadcrumb":{"@id":"https:\/\/pyrkon.pl\/en\/program-en\/who-will-perform-on-the-outdoor-stage\/#breadcrumb"},"inLanguage":"en-US","potentialAction":[{"@type":"ReadAction","target":["https:\/\/pyrkon.pl\/en\/program-en\/who-will-perform-on-the-outdoor-stage\/"]}]},{"@type":"ImageObject","inLanguage":"en-US","@id":"https:\/\/pyrkon.pl\/en\/program-en\/who-will-perform-on-the-outdoor-stage\/#primaryimage","url":"https:\/\/pyrkon.pl\/wp-content\/uploads\/2022\/05\/Scena-Plenerowa-glowna.jpg","contentUrl":"https:\/\/pyrkon.pl\/wp-content\/uploads\/2022\/05\/Scena-Plenerowa-glowna.jpg","width":900,"height":505},{"@type":"BreadcrumbList","@id":"https:\/\/pyrkon.pl\/en\/program-en\/who-will-perform-on-the-outdoor-stage\/#breadcrumb","itemListElement":[{"@type":"ListItem","position":1,"name":"Strona g\u0142\u00f3wna","item":"https:\/\/pyrkon.pl\/en\/"},{"@type":"ListItem","position":2,"name":"Program","item":"https:\/\/pyrkon.pl\/en\/category\/program-en\/"},{"@type":"ListItem","position":3,"name":"Who will perform on the Outdoor Stage?"}]},{"@type":"WebSite","@id":"https:\/\/pyrkon.pl\/#website","url":"https:\/\/pyrkon.pl\/","name":"Pyrkon Fantastyczne Miejsce Spotka\u0144","description":"Festiwal Fantastyki","publisher":{"@id":"https:\/\/pyrkon.pl\/#organization"},"potentialAction":[{"@type":"SearchAction","target":{"@type":"EntryPoint","urlTemplate":"https:\/\/pyrkon.pl\/?s={search_term_string}"},"query-input":{"@type":"PropertyValueSpecification","valueRequired":true,"valueName":"search_term_string"}}],"inLanguage":"en-US"},{"@type":"Organization","@id":"https:\/\/pyrkon.pl\/#organization","name":"Pyrkon Fantastyczne Miejsce Spotka\u0144","url":"https:\/\/pyrkon.pl\/","logo":{"@type":"ImageObject","inLanguage":"en-US","@id":"https:\/\/pyrkon.pl\/#\/schema\/logo\/image\/","url":"https:\/\/pyrkon.pl\/wp-content\/uploads\/2018\/02\/Festiwal_Fantastyki_Pyrkon_logo_Black_CMYK.jpg","contentUrl":"https:\/\/pyrkon.pl\/wp-content\/uploads\/2018\/02\/Festiwal_Fantastyki_Pyrkon_logo_Black_CMYK.jpg","width":1300,"height":401,"caption":"Pyrkon Fantastyczne Miejsce Spotka\u0144"},"image":{"@id":"https:\/\/pyrkon.pl\/#\/schema\/logo\/image\/"},"sameAs":["https:\/\/www.facebook.com\/Pyrkon","https:\/\/x.com\/pyrkon","https:\/\/www.instagram.com\/pyrkon\/","https:\/\/www.youtube.com\/user\/FestiwalPyrkon"]},{"@type":"Person","@id":"https:\/\/pyrkon.pl\/#\/schema\/person\/ead0a2781ab7831bef65372ab2a72549","name":"Agnieszka Mr\u00f3z","image":{"@type":"ImageObject","inLanguage":"en-US","@id":"https:\/\/pyrkon.pl\/#\/schema\/person\/image\/","url":"https:\/\/secure.gravatar.com\/avatar\/9a22eeb90012b42438000e11f6a84dd69f4691f6b04ecdbfe0cb6fad8e02d1ca?s=96&d=mm&r=g","contentUrl":"https:\/\/secure.gravatar.com\/avatar\/9a22eeb90012b42438000e11f6a84dd69f4691f6b04ecdbfe0cb6fad8e02d1ca?s=96&d=mm&r=g","caption":"Agnieszka Mr\u00f3z"},"description":"Osoba pogr\u0105\u017cona we w\u0142asnych my\u015blach, kt\u00f3r\u0105 tylko nieliczni potrafi\u0105 zrozumie\u0107. Kocha ksi\u0105\u017cki, mangi i anime. Czytanie rozbudzi\u0142o w niej mi\u0142o\u015b\u0107 do pisania. Bujna wyobra\u017ania i uwielbienie fantastyki doprowadzi\u0142y do tego, \u017ce chce zyska\u0107 moc kreowania nowych \u015bwiat\u00f3w, w kt\u00f3rych mo\u017cna spotka\u0107 ulubionych bohater\u00f3w.","url":"https:\/\/pyrkon.pl\/en\/author\/agnieszka\/"}]}},"_links":{"self":[{"href":"https:\/\/pyrkon.pl\/en\/wp-json\/wp\/v2\/posts\/26455","targetHints":{"allow":["GET"]}}],"collection":[{"href":"https:\/\/pyrkon.pl\/en\/wp-json\/wp\/v2\/posts"}],"about":[{"href":"https:\/\/pyrkon.pl\/en\/wp-json\/wp\/v2\/types\/post"}],"author":[{"embeddable":true,"href":"https:\/\/pyrkon.pl\/en\/wp-json\/wp\/v2\/users\/5950"}],"replies":[{"embeddable":true,"href":"https:\/\/pyrkon.pl\/en\/wp-json\/wp\/v2\/comments?post=26455"}],"version-history":[{"count":4,"href":"https:\/\/pyrkon.pl\/en\/wp-json\/wp\/v2\/posts\/26455\/revisions"}],"predecessor-version":[{"id":26459,"href":"https:\/\/pyrkon.pl\/en\/wp-json\/wp\/v2\/posts\/26455\/revisions\/26459"}],"wp:featuredmedia":[{"embeddable":true,"href":"https:\/\/pyrkon.pl\/en\/wp-json\/wp\/v2\/media\/26378"}],"wp:attachment":[{"href":"https:\/\/pyrkon.pl\/en\/wp-json\/wp\/v2\/media?parent=26455"}],"wp:term":[{"taxonomy":"category","embeddable":true,"href":"https:\/\/pyrkon.pl\/en\/wp-json\/wp\/v2\/categories?post=26455"},{"taxonomy":"post_tag","embeddable":true,"href":"https:\/\/pyrkon.pl\/en\/wp-json\/wp\/v2\/tags?post=26455"},{"taxonomy":"pyr_topics","embeddable":true,"href":"https:\/\/pyrkon.pl\/en\/wp-json\/wp\/v2\/pyr_topics?post=26455"}],"curies":[{"name":"wp","href":"https:\/\/api.w.org\/{rel}","templated":true}]}}