{"id":28684,"date":"2023-02-03T16:02:00","date_gmt":"2023-02-03T15:02:00","guid":{"rendered":"https:\/\/pyrkon.pl\/?p=28684"},"modified":"2023-04-29T16:16:56","modified_gmt":"2023-04-29T14:16:56","slug":"folk-concert-by-weljar-on-the-outdoor-stage","status":"publish","type":"post","link":"https:\/\/pyrkon.pl\/en\/program-en\/folk-concert-by-weljar-on-the-outdoor-stage\/","title":{"rendered":"Folk concert by Weljar on the Outdoor Stage\u00a0"},"content":{"rendered":"\n<p><strong>We know that you like atmospheric concerts in folk climates, so especially for you we present yet another program event that will perfectly fit your musical tastes. A concert by the band Weljar is a performance you simply cannot miss.<\/strong><\/p>\n\n\n\n<!--more-->\n\n\n\n<h2 class=\"wp-block-heading\" id=\"h-weljar-and-their-inspirations\"><strong>Weljar and their inspirations<\/strong><\/h2>\n\n\n\n<p>Weljar is an art project born out of a love of familial culture and music. The project is inspired by the ancient Slavic times and shamanism, which arose from a longing for proximity to nature and the primal force inherent in it.\u00a0<\/p>\n\n\n\n<div class=\"b-media-text b-media-text--center b-media-text--50\" id=\"b-media-text-block_4031f76565ba48ea1f8f0b3968909ee8\">\n\t<figure class=\"b-media-text__medium\">\n\t\t<img loading=\"lazy\" decoding=\"async\" width=\"1330\" height=\"887\" src=\"https:\/\/pyrkon.pl\/wp-content\/uploads\/2023\/01\/Weljar-1330x887.jpg\" class=\"attachment-large size-large\" alt=\"\" srcset=\"https:\/\/pyrkon.pl\/wp-content\/uploads\/2023\/01\/Weljar-1330x887.jpg 1330w, https:\/\/pyrkon.pl\/wp-content\/uploads\/2023\/01\/Weljar-300x200.jpg 300w, https:\/\/pyrkon.pl\/wp-content\/uploads\/2023\/01\/Weljar-768x512.jpg 768w, https:\/\/pyrkon.pl\/wp-content\/uploads\/2023\/01\/Weljar-1536x1024.jpg 1536w, https:\/\/pyrkon.pl\/wp-content\/uploads\/2023\/01\/Weljar-scaled.jpg 2048w\" sizes=\"auto, (max-width: 1330px) 100vw, 1330px\" \/>\n\t\t\t<\/figure>\n\t<\/div>\n\n\n\n<p>The band creates melancholy music on the verge of folk and ambient.<\/p>\n\n\n\n<p>They themselves write about their work and its inspirations saying:&nbsp;<\/p>\n\n\n\n<p>We sang songs as we sowed.<\/p>\n\n\n\n<p>We sang songs as we baked bread.<\/p>\n\n\n\n<p>We sang songs as we hunted.<\/p>\n\n\n\n<p>We sang songs as we celebrated.<\/p>\n\n\n\n<p>Songs were sung when we were born and when we passed away.<\/p>\n\n\n\n<p>When the day was long and when the night was long.<\/p>\n\n\n\n<p>The old songs have been forgotten.<\/p>\n\n\n\n<p>We write new ones.<\/p>\n\n\n\n<p>Doesn&#8217;t it sound intriguing?&nbsp;<\/p>\n\n\n\n<p>You can see a preview of what they will have in stock for you here:<\/p>\n\n\n\n<p><a href=\"https:\/\/www.youtube.com\/c\/Weljar\">Weljar &#8211; YouTube<\/a><\/p>\n","protected":false},"excerpt":{"rendered":"<p>We know that you like atmospheric concerts in folk climates, so especially for you we present yet another program event that will perfectly fit your musical tastes. A concert by the band Weljar is a performance you simply cannot miss.<\/p>\n","protected":false},"author":5950,"featured_media":28537,"comment_status":"closed","ping_status":"closed","sticky":false,"template":"","format":"standard","meta":{"_acf_changed":false,"footnotes":""},"categories":[14],"tags":[9423,9470,9495,9508],"pyr_topics":[9672],"class_list":["post-28684","post","type-post","status-publish","format-standard","has-post-thumbnail","hentry","category-program-en","tag-koncert-en","tag-muzyka-en","tag-scena-plenerowa-en","tag-wystep-en","pyr_topics-outdoor-stage"],"acf":[],"yoast_head":"<!-- This site is optimized with the Yoast SEO Premium plugin v25.9 (Yoast SEO v25.9) - https:\/\/yoast.com\/wordpress\/plugins\/seo\/ -->\n<title>Folk concert by Weljar on the Outdoor Stage\u00a0 &#8902; Pyrkon Fantastyczne Miejsce Spotka\u0144<\/title>\n<meta name=\"description\" content=\"A folk concert by the band Weljar is a performance you simply cannot miss on the Outdoor Stage on Pyrkon 2023.\" \/>\n<meta name=\"robots\" content=\"index, follow, max-snippet:-1, max-image-preview:large, max-video-preview:-1\" \/>\n<link rel=\"canonical\" href=\"https:\/\/pyrkon.pl\/en\/program-en\/folk-concert-by-weljar-on-the-outdoor-stage\/\" \/>\n<meta property=\"og:locale\" content=\"en_US\" \/>\n<meta property=\"og:type\" content=\"article\" \/>\n<meta property=\"og:title\" content=\"Folk concert by Weljar on the Outdoor Stage\u00a0\" \/>\n<meta property=\"og:description\" content=\"Weljar is an art project born out of a love of familial culture and music. The project is inspired by the ancient Slavic times and shamanism, which arose from a longing for proximity to nature and the primal force inherent in it.\u00a0\" \/>\n<meta property=\"og:url\" content=\"https:\/\/pyrkon.pl\/en\/program-en\/folk-concert-by-weljar-on-the-outdoor-stage\/\" \/>\n<meta property=\"og:site_name\" content=\"Pyrkon Fantastyczne Miejsce Spotka\u0144\" \/>\n<meta property=\"article:publisher\" content=\"https:\/\/www.facebook.com\/Pyrkon\" \/>\n<meta property=\"article:published_time\" content=\"2023-02-03T15:02:00+00:00\" \/>\n<meta property=\"article:modified_time\" content=\"2023-04-29T14:16:56+00:00\" \/>\n<meta property=\"og:image\" content=\"https:\/\/pyrkon.pl\/wp-content\/uploads\/2023\/01\/Weljar-yoast.jpg\" \/>\n\t<meta property=\"og:image:width\" content=\"1200\" \/>\n\t<meta property=\"og:image:height\" content=\"630\" \/>\n\t<meta property=\"og:image:type\" content=\"image\/jpeg\" \/>\n<meta name=\"author\" content=\"Agnieszka Mr\u00f3z\" \/>\n<meta name=\"twitter:card\" content=\"summary_large_image\" \/>\n<meta name=\"twitter:creator\" content=\"@pyrkon\" \/>\n<meta name=\"twitter:site\" content=\"@pyrkon\" \/>\n<meta name=\"twitter:label1\" content=\"Written by\" \/>\n\t<meta name=\"twitter:data1\" content=\"Agnieszka Mr\u00f3z\" \/>\n\t<meta name=\"twitter:label2\" content=\"Est. reading time\" \/>\n\t<meta name=\"twitter:data2\" content=\"2 minutes\" \/>\n<script type=\"application\/ld+json\" class=\"yoast-schema-graph\">{\"@context\":\"https:\/\/schema.org\",\"@graph\":[{\"@type\":\"Article\",\"@id\":\"https:\/\/pyrkon.pl\/en\/program-en\/folk-concert-by-weljar-on-the-outdoor-stage\/#article\",\"isPartOf\":{\"@id\":\"https:\/\/pyrkon.pl\/en\/program-en\/folk-concert-by-weljar-on-the-outdoor-stage\/\"},\"author\":{\"name\":\"Agnieszka Mr\u00f3z\",\"@id\":\"https:\/\/pyrkon.pl\/#\/schema\/person\/ead0a2781ab7831bef65372ab2a72549\"},\"headline\":\"Folk concert by Weljar on the Outdoor Stage\u00a0\",\"datePublished\":\"2023-02-03T15:02:00+00:00\",\"dateModified\":\"2023-04-29T14:16:56+00:00\",\"mainEntityOfPage\":{\"@id\":\"https:\/\/pyrkon.pl\/en\/program-en\/folk-concert-by-weljar-on-the-outdoor-stage\/\"},\"wordCount\":199,\"publisher\":{\"@id\":\"https:\/\/pyrkon.pl\/#organization\"},\"image\":{\"@id\":\"https:\/\/pyrkon.pl\/en\/program-en\/folk-concert-by-weljar-on-the-outdoor-stage\/#primaryimage\"},\"thumbnailUrl\":\"https:\/\/pyrkon.pl\/wp-content\/uploads\/2023\/01\/Weljar-glowna.jpg\",\"keywords\":[\"koncert\",\"muzyka\",\"Scena Plenerowa\",\"wyst\u0119p\"],\"articleSection\":[\"Program\"],\"inLanguage\":\"en-US\"},{\"@type\":\"WebPage\",\"@id\":\"https:\/\/pyrkon.pl\/en\/program-en\/folk-concert-by-weljar-on-the-outdoor-stage\/\",\"url\":\"https:\/\/pyrkon.pl\/en\/program-en\/folk-concert-by-weljar-on-the-outdoor-stage\/\",\"name\":\"Folk concert by Weljar on the Outdoor Stage\u00a0 &#8902; Pyrkon Fantastyczne Miejsce Spotka\u0144\",\"isPartOf\":{\"@id\":\"https:\/\/pyrkon.pl\/#website\"},\"primaryImageOfPage\":{\"@id\":\"https:\/\/pyrkon.pl\/en\/program-en\/folk-concert-by-weljar-on-the-outdoor-stage\/#primaryimage\"},\"image\":{\"@id\":\"https:\/\/pyrkon.pl\/en\/program-en\/folk-concert-by-weljar-on-the-outdoor-stage\/#primaryimage\"},\"thumbnailUrl\":\"https:\/\/pyrkon.pl\/wp-content\/uploads\/2023\/01\/Weljar-glowna.jpg\",\"datePublished\":\"2023-02-03T15:02:00+00:00\",\"dateModified\":\"2023-04-29T14:16:56+00:00\",\"description\":\"A folk concert by the band Weljar is a performance you simply cannot miss on the Outdoor Stage on Pyrkon 2023.\",\"breadcrumb\":{\"@id\":\"https:\/\/pyrkon.pl\/en\/program-en\/folk-concert-by-weljar-on-the-outdoor-stage\/#breadcrumb\"},\"inLanguage\":\"en-US\",\"potentialAction\":[{\"@type\":\"ReadAction\",\"target\":[\"https:\/\/pyrkon.pl\/en\/program-en\/folk-concert-by-weljar-on-the-outdoor-stage\/\"]}]},{\"@type\":\"ImageObject\",\"inLanguage\":\"en-US\",\"@id\":\"https:\/\/pyrkon.pl\/en\/program-en\/folk-concert-by-weljar-on-the-outdoor-stage\/#primaryimage\",\"url\":\"https:\/\/pyrkon.pl\/wp-content\/uploads\/2023\/01\/Weljar-glowna.jpg\",\"contentUrl\":\"https:\/\/pyrkon.pl\/wp-content\/uploads\/2023\/01\/Weljar-glowna.jpg\",\"width\":900,\"height\":505},{\"@type\":\"BreadcrumbList\",\"@id\":\"https:\/\/pyrkon.pl\/en\/program-en\/folk-concert-by-weljar-on-the-outdoor-stage\/#breadcrumb\",\"itemListElement\":[{\"@type\":\"ListItem\",\"position\":1,\"name\":\"Strona g\u0142\u00f3wna\",\"item\":\"https:\/\/pyrkon.pl\/en\/\"},{\"@type\":\"ListItem\",\"position\":2,\"name\":\"Program\",\"item\":\"https:\/\/pyrkon.pl\/category\/program\/\"},{\"@type\":\"ListItem\",\"position\":3,\"name\":\"Folk concert by Weljar on the Outdoor Stage\u00a0\"}]},{\"@type\":\"WebSite\",\"@id\":\"https:\/\/pyrkon.pl\/#website\",\"url\":\"https:\/\/pyrkon.pl\/\",\"name\":\"Pyrkon Fantastyczne Miejsce Spotka\u0144\",\"description\":\"Festiwal Fantastyki\",\"publisher\":{\"@id\":\"https:\/\/pyrkon.pl\/#organization\"},\"potentialAction\":[{\"@type\":\"SearchAction\",\"target\":{\"@type\":\"EntryPoint\",\"urlTemplate\":\"https:\/\/pyrkon.pl\/?s={search_term_string}\"},\"query-input\":{\"@type\":\"PropertyValueSpecification\",\"valueRequired\":true,\"valueName\":\"search_term_string\"}}],\"inLanguage\":\"en-US\"},{\"@type\":\"Organization\",\"@id\":\"https:\/\/pyrkon.pl\/#organization\",\"name\":\"Pyrkon Fantastyczne Miejsce Spotka\u0144\",\"url\":\"https:\/\/pyrkon.pl\/\",\"logo\":{\"@type\":\"ImageObject\",\"inLanguage\":\"en-US\",\"@id\":\"https:\/\/pyrkon.pl\/#\/schema\/logo\/image\/\",\"url\":\"https:\/\/pyrkon.pl\/wp-content\/uploads\/2018\/02\/Festiwal_Fantastyki_Pyrkon_logo_Black_CMYK.jpg\",\"contentUrl\":\"https:\/\/pyrkon.pl\/wp-content\/uploads\/2018\/02\/Festiwal_Fantastyki_Pyrkon_logo_Black_CMYK.jpg\",\"width\":1300,\"height\":401,\"caption\":\"Pyrkon Fantastyczne Miejsce Spotka\u0144\"},\"image\":{\"@id\":\"https:\/\/pyrkon.pl\/#\/schema\/logo\/image\/\"},\"sameAs\":[\"https:\/\/www.facebook.com\/Pyrkon\",\"https:\/\/x.com\/pyrkon\",\"https:\/\/www.instagram.com\/pyrkon\/\",\"https:\/\/www.youtube.com\/user\/FestiwalPyrkon\"]},{\"@type\":\"Person\",\"@id\":\"https:\/\/pyrkon.pl\/#\/schema\/person\/ead0a2781ab7831bef65372ab2a72549\",\"name\":\"Agnieszka Mr\u00f3z\",\"image\":{\"@type\":\"ImageObject\",\"inLanguage\":\"en-US\",\"@id\":\"https:\/\/pyrkon.pl\/#\/schema\/person\/image\/\",\"url\":\"https:\/\/secure.gravatar.com\/avatar\/9a22eeb90012b42438000e11f6a84dd69f4691f6b04ecdbfe0cb6fad8e02d1ca?s=96&d=mm&r=g\",\"contentUrl\":\"https:\/\/secure.gravatar.com\/avatar\/9a22eeb90012b42438000e11f6a84dd69f4691f6b04ecdbfe0cb6fad8e02d1ca?s=96&d=mm&r=g\",\"caption\":\"Agnieszka Mr\u00f3z\"},\"description\":\"Osoba pogr\u0105\u017cona we w\u0142asnych my\u015blach, kt\u00f3r\u0105 tylko nieliczni potrafi\u0105 zrozumie\u0107. Kocha ksi\u0105\u017cki, mangi i anime. Czytanie rozbudzi\u0142o w niej mi\u0142o\u015b\u0107 do pisania. Bujna wyobra\u017ania i uwielbienie fantastyki doprowadzi\u0142y do tego, \u017ce chce zyska\u0107 moc kreowania nowych \u015bwiat\u00f3w, w kt\u00f3rych mo\u017cna spotka\u0107 ulubionych bohater\u00f3w.\",\"url\":\"https:\/\/pyrkon.pl\/en\/author\/agnieszka\/\"}]}<\/script>\n<!-- \/ Yoast SEO Premium plugin. -->","yoast_head_json":{"title":"Folk concert by Weljar on the Outdoor Stage\u00a0 &#8902; Pyrkon Fantastyczne Miejsce Spotka\u0144","description":"A folk concert by the band Weljar is a performance you simply cannot miss on the Outdoor Stage on Pyrkon 2023.","robots":{"index":"index","follow":"follow","max-snippet":"max-snippet:-1","max-image-preview":"max-image-preview:large","max-video-preview":"max-video-preview:-1"},"canonical":"https:\/\/pyrkon.pl\/en\/program-en\/folk-concert-by-weljar-on-the-outdoor-stage\/","og_locale":"en_US","og_type":"article","og_title":"Folk concert by Weljar on the Outdoor Stage\u00a0","og_description":"Weljar is an art project born out of a love of familial culture and music. The project is inspired by the ancient Slavic times and shamanism, which arose from a longing for proximity to nature and the primal force inherent in it.\u00a0","og_url":"https:\/\/pyrkon.pl\/en\/program-en\/folk-concert-by-weljar-on-the-outdoor-stage\/","og_site_name":"Pyrkon Fantastyczne Miejsce Spotka\u0144","article_publisher":"https:\/\/www.facebook.com\/Pyrkon","article_published_time":"2023-02-03T15:02:00+00:00","article_modified_time":"2023-04-29T14:16:56+00:00","og_image":[{"width":1200,"height":630,"url":"https:\/\/pyrkon.pl\/wp-content\/uploads\/2023\/01\/Weljar-yoast.jpg","type":"image\/jpeg"}],"author":"Agnieszka Mr\u00f3z","twitter_card":"summary_large_image","twitter_creator":"@pyrkon","twitter_site":"@pyrkon","twitter_misc":{"Written by":"Agnieszka Mr\u00f3z","Est. reading time":"2 minutes"},"schema":{"@context":"https:\/\/schema.org","@graph":[{"@type":"Article","@id":"https:\/\/pyrkon.pl\/en\/program-en\/folk-concert-by-weljar-on-the-outdoor-stage\/#article","isPartOf":{"@id":"https:\/\/pyrkon.pl\/en\/program-en\/folk-concert-by-weljar-on-the-outdoor-stage\/"},"author":{"name":"Agnieszka Mr\u00f3z","@id":"https:\/\/pyrkon.pl\/#\/schema\/person\/ead0a2781ab7831bef65372ab2a72549"},"headline":"Folk concert by Weljar on the Outdoor Stage\u00a0","datePublished":"2023-02-03T15:02:00+00:00","dateModified":"2023-04-29T14:16:56+00:00","mainEntityOfPage":{"@id":"https:\/\/pyrkon.pl\/en\/program-en\/folk-concert-by-weljar-on-the-outdoor-stage\/"},"wordCount":199,"publisher":{"@id":"https:\/\/pyrkon.pl\/#organization"},"image":{"@id":"https:\/\/pyrkon.pl\/en\/program-en\/folk-concert-by-weljar-on-the-outdoor-stage\/#primaryimage"},"thumbnailUrl":"https:\/\/pyrkon.pl\/wp-content\/uploads\/2023\/01\/Weljar-glowna.jpg","keywords":["koncert","muzyka","Scena Plenerowa","wyst\u0119p"],"articleSection":["Program"],"inLanguage":"en-US"},{"@type":"WebPage","@id":"https:\/\/pyrkon.pl\/en\/program-en\/folk-concert-by-weljar-on-the-outdoor-stage\/","url":"https:\/\/pyrkon.pl\/en\/program-en\/folk-concert-by-weljar-on-the-outdoor-stage\/","name":"Folk concert by Weljar on the Outdoor Stage\u00a0 &#8902; Pyrkon Fantastyczne Miejsce Spotka\u0144","isPartOf":{"@id":"https:\/\/pyrkon.pl\/#website"},"primaryImageOfPage":{"@id":"https:\/\/pyrkon.pl\/en\/program-en\/folk-concert-by-weljar-on-the-outdoor-stage\/#primaryimage"},"image":{"@id":"https:\/\/pyrkon.pl\/en\/program-en\/folk-concert-by-weljar-on-the-outdoor-stage\/#primaryimage"},"thumbnailUrl":"https:\/\/pyrkon.pl\/wp-content\/uploads\/2023\/01\/Weljar-glowna.jpg","datePublished":"2023-02-03T15:02:00+00:00","dateModified":"2023-04-29T14:16:56+00:00","description":"A folk concert by the band Weljar is a performance you simply cannot miss on the Outdoor Stage on Pyrkon 2023.","breadcrumb":{"@id":"https:\/\/pyrkon.pl\/en\/program-en\/folk-concert-by-weljar-on-the-outdoor-stage\/#breadcrumb"},"inLanguage":"en-US","potentialAction":[{"@type":"ReadAction","target":["https:\/\/pyrkon.pl\/en\/program-en\/folk-concert-by-weljar-on-the-outdoor-stage\/"]}]},{"@type":"ImageObject","inLanguage":"en-US","@id":"https:\/\/pyrkon.pl\/en\/program-en\/folk-concert-by-weljar-on-the-outdoor-stage\/#primaryimage","url":"https:\/\/pyrkon.pl\/wp-content\/uploads\/2023\/01\/Weljar-glowna.jpg","contentUrl":"https:\/\/pyrkon.pl\/wp-content\/uploads\/2023\/01\/Weljar-glowna.jpg","width":900,"height":505},{"@type":"BreadcrumbList","@id":"https:\/\/pyrkon.pl\/en\/program-en\/folk-concert-by-weljar-on-the-outdoor-stage\/#breadcrumb","itemListElement":[{"@type":"ListItem","position":1,"name":"Strona g\u0142\u00f3wna","item":"https:\/\/pyrkon.pl\/en\/"},{"@type":"ListItem","position":2,"name":"Program","item":"https:\/\/pyrkon.pl\/category\/program\/"},{"@type":"ListItem","position":3,"name":"Folk concert by Weljar on the Outdoor Stage\u00a0"}]},{"@type":"WebSite","@id":"https:\/\/pyrkon.pl\/#website","url":"https:\/\/pyrkon.pl\/","name":"Pyrkon Fantastyczne Miejsce Spotka\u0144","description":"Festiwal Fantastyki","publisher":{"@id":"https:\/\/pyrkon.pl\/#organization"},"potentialAction":[{"@type":"SearchAction","target":{"@type":"EntryPoint","urlTemplate":"https:\/\/pyrkon.pl\/?s={search_term_string}"},"query-input":{"@type":"PropertyValueSpecification","valueRequired":true,"valueName":"search_term_string"}}],"inLanguage":"en-US"},{"@type":"Organization","@id":"https:\/\/pyrkon.pl\/#organization","name":"Pyrkon Fantastyczne Miejsce Spotka\u0144","url":"https:\/\/pyrkon.pl\/","logo":{"@type":"ImageObject","inLanguage":"en-US","@id":"https:\/\/pyrkon.pl\/#\/schema\/logo\/image\/","url":"https:\/\/pyrkon.pl\/wp-content\/uploads\/2018\/02\/Festiwal_Fantastyki_Pyrkon_logo_Black_CMYK.jpg","contentUrl":"https:\/\/pyrkon.pl\/wp-content\/uploads\/2018\/02\/Festiwal_Fantastyki_Pyrkon_logo_Black_CMYK.jpg","width":1300,"height":401,"caption":"Pyrkon Fantastyczne Miejsce Spotka\u0144"},"image":{"@id":"https:\/\/pyrkon.pl\/#\/schema\/logo\/image\/"},"sameAs":["https:\/\/www.facebook.com\/Pyrkon","https:\/\/x.com\/pyrkon","https:\/\/www.instagram.com\/pyrkon\/","https:\/\/www.youtube.com\/user\/FestiwalPyrkon"]},{"@type":"Person","@id":"https:\/\/pyrkon.pl\/#\/schema\/person\/ead0a2781ab7831bef65372ab2a72549","name":"Agnieszka Mr\u00f3z","image":{"@type":"ImageObject","inLanguage":"en-US","@id":"https:\/\/pyrkon.pl\/#\/schema\/person\/image\/","url":"https:\/\/secure.gravatar.com\/avatar\/9a22eeb90012b42438000e11f6a84dd69f4691f6b04ecdbfe0cb6fad8e02d1ca?s=96&d=mm&r=g","contentUrl":"https:\/\/secure.gravatar.com\/avatar\/9a22eeb90012b42438000e11f6a84dd69f4691f6b04ecdbfe0cb6fad8e02d1ca?s=96&d=mm&r=g","caption":"Agnieszka Mr\u00f3z"},"description":"Osoba pogr\u0105\u017cona we w\u0142asnych my\u015blach, kt\u00f3r\u0105 tylko nieliczni potrafi\u0105 zrozumie\u0107. Kocha ksi\u0105\u017cki, mangi i anime. Czytanie rozbudzi\u0142o w niej mi\u0142o\u015b\u0107 do pisania. Bujna wyobra\u017ania i uwielbienie fantastyki doprowadzi\u0142y do tego, \u017ce chce zyska\u0107 moc kreowania nowych \u015bwiat\u00f3w, w kt\u00f3rych mo\u017cna spotka\u0107 ulubionych bohater\u00f3w.","url":"https:\/\/pyrkon.pl\/en\/author\/agnieszka\/"}]}},"_links":{"self":[{"href":"https:\/\/pyrkon.pl\/en\/wp-json\/wp\/v2\/posts\/28684","targetHints":{"allow":["GET"]}}],"collection":[{"href":"https:\/\/pyrkon.pl\/en\/wp-json\/wp\/v2\/posts"}],"about":[{"href":"https:\/\/pyrkon.pl\/en\/wp-json\/wp\/v2\/types\/post"}],"author":[{"embeddable":true,"href":"https:\/\/pyrkon.pl\/en\/wp-json\/wp\/v2\/users\/5950"}],"replies":[{"embeddable":true,"href":"https:\/\/pyrkon.pl\/en\/wp-json\/wp\/v2\/comments?post=28684"}],"version-history":[{"count":2,"href":"https:\/\/pyrkon.pl\/en\/wp-json\/wp\/v2\/posts\/28684\/revisions"}],"predecessor-version":[{"id":28686,"href":"https:\/\/pyrkon.pl\/en\/wp-json\/wp\/v2\/posts\/28684\/revisions\/28686"}],"wp:featuredmedia":[{"embeddable":true,"href":"https:\/\/pyrkon.pl\/en\/wp-json\/wp\/v2\/media\/28537"}],"wp:attachment":[{"href":"https:\/\/pyrkon.pl\/en\/wp-json\/wp\/v2\/media?parent=28684"}],"wp:term":[{"taxonomy":"category","embeddable":true,"href":"https:\/\/pyrkon.pl\/en\/wp-json\/wp\/v2\/categories?post=28684"},{"taxonomy":"post_tag","embeddable":true,"href":"https:\/\/pyrkon.pl\/en\/wp-json\/wp\/v2\/tags?post=28684"},{"taxonomy":"pyr_topics","embeddable":true,"href":"https:\/\/pyrkon.pl\/en\/wp-json\/wp\/v2\/pyr_topics?post=28684"}],"curies":[{"name":"wp","href":"https:\/\/api.w.org\/{rel}","templated":true}]}}