{"id":32727,"date":"2023-05-30T12:28:20","date_gmt":"2023-05-30T10:28:20","guid":{"rendered":"https:\/\/pyrkon.pl\/?p=32727"},"modified":"2023-05-30T12:28:23","modified_gmt":"2023-05-30T10:28:23","slug":"the-pyrkon-2023-lineup-is-here","status":"publish","type":"post","link":"https:\/\/pyrkon.pl\/en\/coraz-blizej-pyrkon-en\/the-pyrkon-2023-lineup-is-here\/","title":{"rendered":"THE PYRKON 2023 LINEUP IS HERE!"},"content":{"rendered":"\n<ul class=\"wp-block-list\">\n<li>Hello there!<\/li>\n\n\n\n<li>General le Programme!<\/li>\n<\/ul>\n\n\n\n<p>Yes! This is the program you&#8217;ve been looking for! Concerts, lectures, workshops, autographs, and Q&amp;A sessions with our stars &#8211; all this and much more awaits you in this year&#8217;s convention program.<\/p>\n\n\n\n<!--more-->\n\n\n\n<p>We will not keep you waiting any longer and we are turning it over to you right away.<\/p>\n\n\n\n<p class=\"has-text-align-center\"><a href=\"https:\/\/pyrkon.pl\/en\/pyrkon-lineup\/\" target=\"_blank\" rel=\"noreferrer noopener\">The Pyrkon 2023 program<\/a><\/p>\n\n\n\n<p>You can check when your favorite highlights will take place and at what point you will be able to get your beloved author\u2019s authograph. Create your plan for Pyrkon today and be ready for the most fantastic Convention in this part of Europe.&nbsp;<\/p>\n\n\n\n<p>And we&#8217;ll get back to you soon with registration details for the program!<\/p>\n\n\n\n<p>May the Force be with you!<\/p>\n","protected":false},"excerpt":{"rendered":"<p>Yes! This is the program you&#8217;ve been looking for! Concerts, lectures, workshops, autographs, and Q&amp;A sessions with our stars &#8211; all this and much more awaits you in this year&#8217;s convention program.<\/p>\n","protected":false},"author":4,"featured_media":31763,"comment_status":"closed","ping_status":"closed","sticky":false,"template":"","format":"standard","meta":{"_acf_changed":false,"footnotes":""},"categories":[3884],"tags":[],"pyr_topics":[],"class_list":["post-32727","post","type-post","status-publish","format-standard","has-post-thumbnail","hentry","category-coraz-blizej-pyrkon-en"],"acf":[],"yoast_head":"<!-- This site is optimized with the Yoast SEO Premium plugin v25.9 (Yoast SEO v25.9) - https:\/\/yoast.com\/wordpress\/plugins\/seo\/ -->\n<title>THE PYRKON 2023 LINEUP IS HERE! &#8902; Pyrkon Fantastyczne Miejsce Spotka\u0144<\/title>\n<meta name=\"robots\" content=\"index, follow, max-snippet:-1, max-image-preview:large, max-video-preview:-1\" \/>\n<link rel=\"canonical\" href=\"https:\/\/pyrkon.pl\/en\/coraz-blizej-pyrkon-en\/the-pyrkon-2023-lineup-is-here\/\" \/>\n<meta property=\"og:locale\" content=\"en_US\" \/>\n<meta property=\"og:type\" content=\"article\" \/>\n<meta property=\"og:title\" content=\"THE PYRKON 2023 LINEUP IS HERE!\" \/>\n<meta property=\"og:description\" content=\"Yes! This is the program you&#8217;ve been looking for! Concerts, lectures, workshops, autographs, and Q&amp;A sessions with our stars &#8211; all this and much more awaits you in this year&#8217;s convention program.\" \/>\n<meta property=\"og:url\" content=\"https:\/\/pyrkon.pl\/en\/coraz-blizej-pyrkon-en\/the-pyrkon-2023-lineup-is-here\/\" \/>\n<meta property=\"og:site_name\" content=\"Pyrkon Fantastyczne Miejsce Spotka\u0144\" \/>\n<meta property=\"article:publisher\" content=\"https:\/\/www.facebook.com\/Pyrkon\" \/>\n<meta property=\"article:published_time\" content=\"2023-05-30T10:28:20+00:00\" \/>\n<meta property=\"article:modified_time\" content=\"2023-05-30T10:28:23+00:00\" \/>\n<meta property=\"og:image\" content=\"https:\/\/pyrkon.pl\/wp-content\/uploads\/2023\/05\/program-900x505-1.jpg\" \/>\n\t<meta property=\"og:image:width\" content=\"900\" \/>\n\t<meta property=\"og:image:height\" content=\"505\" \/>\n\t<meta property=\"og:image:type\" content=\"image\/jpeg\" \/>\n<meta name=\"author\" content=\"Joanna Dziedzic\" \/>\n<meta name=\"twitter:card\" content=\"summary_large_image\" \/>\n<meta name=\"twitter:creator\" content=\"@pyrkon\" \/>\n<meta name=\"twitter:site\" content=\"@pyrkon\" \/>\n<meta name=\"twitter:label1\" content=\"Written by\" \/>\n\t<meta name=\"twitter:data1\" content=\"Joanna Dziedzic\" \/>\n\t<meta name=\"twitter:label2\" content=\"Est. reading time\" \/>\n\t<meta name=\"twitter:data2\" content=\"1 minute\" \/>\n<script type=\"application\/ld+json\" class=\"yoast-schema-graph\">{\"@context\":\"https:\/\/schema.org\",\"@graph\":[{\"@type\":\"Article\",\"@id\":\"https:\/\/pyrkon.pl\/en\/coraz-blizej-pyrkon-en\/the-pyrkon-2023-lineup-is-here\/#article\",\"isPartOf\":{\"@id\":\"https:\/\/pyrkon.pl\/en\/coraz-blizej-pyrkon-en\/the-pyrkon-2023-lineup-is-here\/\"},\"author\":{\"name\":\"Joanna Dziedzic\",\"@id\":\"https:\/\/pyrkon.pl\/#\/schema\/person\/9452e0c3f9f8591ec6d12f4f6e2808e3\"},\"headline\":\"THE PYRKON 2023 LINEUP IS HERE!\",\"datePublished\":\"2023-05-30T10:28:20+00:00\",\"dateModified\":\"2023-05-30T10:28:23+00:00\",\"mainEntityOfPage\":{\"@id\":\"https:\/\/pyrkon.pl\/en\/coraz-blizej-pyrkon-en\/the-pyrkon-2023-lineup-is-here\/\"},\"wordCount\":132,\"publisher\":{\"@id\":\"https:\/\/pyrkon.pl\/#organization\"},\"image\":{\"@id\":\"https:\/\/pyrkon.pl\/en\/coraz-blizej-pyrkon-en\/the-pyrkon-2023-lineup-is-here\/#primaryimage\"},\"thumbnailUrl\":\"https:\/\/pyrkon.pl\/wp-content\/uploads\/2023\/05\/program-900x505-1.jpg\",\"articleSection\":[\"Coraz bli\u017cej Pyrkon\"],\"inLanguage\":\"en-US\"},{\"@type\":\"WebPage\",\"@id\":\"https:\/\/pyrkon.pl\/en\/coraz-blizej-pyrkon-en\/the-pyrkon-2023-lineup-is-here\/\",\"url\":\"https:\/\/pyrkon.pl\/en\/coraz-blizej-pyrkon-en\/the-pyrkon-2023-lineup-is-here\/\",\"name\":\"THE PYRKON 2023 LINEUP IS HERE! &#8902; Pyrkon Fantastyczne Miejsce Spotka\u0144\",\"isPartOf\":{\"@id\":\"https:\/\/pyrkon.pl\/#website\"},\"primaryImageOfPage\":{\"@id\":\"https:\/\/pyrkon.pl\/en\/coraz-blizej-pyrkon-en\/the-pyrkon-2023-lineup-is-here\/#primaryimage\"},\"image\":{\"@id\":\"https:\/\/pyrkon.pl\/en\/coraz-blizej-pyrkon-en\/the-pyrkon-2023-lineup-is-here\/#primaryimage\"},\"thumbnailUrl\":\"https:\/\/pyrkon.pl\/wp-content\/uploads\/2023\/05\/program-900x505-1.jpg\",\"datePublished\":\"2023-05-30T10:28:20+00:00\",\"dateModified\":\"2023-05-30T10:28:23+00:00\",\"breadcrumb\":{\"@id\":\"https:\/\/pyrkon.pl\/en\/coraz-blizej-pyrkon-en\/the-pyrkon-2023-lineup-is-here\/#breadcrumb\"},\"inLanguage\":\"en-US\",\"potentialAction\":[{\"@type\":\"ReadAction\",\"target\":[\"https:\/\/pyrkon.pl\/en\/coraz-blizej-pyrkon-en\/the-pyrkon-2023-lineup-is-here\/\"]}]},{\"@type\":\"ImageObject\",\"inLanguage\":\"en-US\",\"@id\":\"https:\/\/pyrkon.pl\/en\/coraz-blizej-pyrkon-en\/the-pyrkon-2023-lineup-is-here\/#primaryimage\",\"url\":\"https:\/\/pyrkon.pl\/wp-content\/uploads\/2023\/05\/program-900x505-1.jpg\",\"contentUrl\":\"https:\/\/pyrkon.pl\/wp-content\/uploads\/2023\/05\/program-900x505-1.jpg\",\"width\":900,\"height\":505},{\"@type\":\"BreadcrumbList\",\"@id\":\"https:\/\/pyrkon.pl\/en\/coraz-blizej-pyrkon-en\/the-pyrkon-2023-lineup-is-here\/#breadcrumb\",\"itemListElement\":[{\"@type\":\"ListItem\",\"position\":1,\"name\":\"Strona g\u0142\u00f3wna\",\"item\":\"https:\/\/pyrkon.pl\/en\/\"},{\"@type\":\"ListItem\",\"position\":2,\"name\":\"Coraz bli\u017cej Pyrkon\",\"item\":\"https:\/\/pyrkon.pl\/en\/category\/coraz-blizej-pyrkon-en\/\"},{\"@type\":\"ListItem\",\"position\":3,\"name\":\"THE PYRKON 2023 LINEUP IS HERE!\"}]},{\"@type\":\"WebSite\",\"@id\":\"https:\/\/pyrkon.pl\/#website\",\"url\":\"https:\/\/pyrkon.pl\/\",\"name\":\"Pyrkon Fantastyczne Miejsce Spotka\u0144\",\"description\":\"Festiwal Fantastyki\",\"publisher\":{\"@id\":\"https:\/\/pyrkon.pl\/#organization\"},\"potentialAction\":[{\"@type\":\"SearchAction\",\"target\":{\"@type\":\"EntryPoint\",\"urlTemplate\":\"https:\/\/pyrkon.pl\/?s={search_term_string}\"},\"query-input\":{\"@type\":\"PropertyValueSpecification\",\"valueRequired\":true,\"valueName\":\"search_term_string\"}}],\"inLanguage\":\"en-US\"},{\"@type\":\"Organization\",\"@id\":\"https:\/\/pyrkon.pl\/#organization\",\"name\":\"Pyrkon Fantastyczne Miejsce Spotka\u0144\",\"url\":\"https:\/\/pyrkon.pl\/\",\"logo\":{\"@type\":\"ImageObject\",\"inLanguage\":\"en-US\",\"@id\":\"https:\/\/pyrkon.pl\/#\/schema\/logo\/image\/\",\"url\":\"https:\/\/pyrkon.pl\/wp-content\/uploads\/2018\/02\/Festiwal_Fantastyki_Pyrkon_logo_Black_CMYK.jpg\",\"contentUrl\":\"https:\/\/pyrkon.pl\/wp-content\/uploads\/2018\/02\/Festiwal_Fantastyki_Pyrkon_logo_Black_CMYK.jpg\",\"width\":1300,\"height\":401,\"caption\":\"Pyrkon Fantastyczne Miejsce Spotka\u0144\"},\"image\":{\"@id\":\"https:\/\/pyrkon.pl\/#\/schema\/logo\/image\/\"},\"sameAs\":[\"https:\/\/www.facebook.com\/Pyrkon\",\"https:\/\/x.com\/pyrkon\",\"https:\/\/www.instagram.com\/pyrkon\/\",\"https:\/\/www.youtube.com\/user\/FestiwalPyrkon\"]},{\"@type\":\"Person\",\"@id\":\"https:\/\/pyrkon.pl\/#\/schema\/person\/9452e0c3f9f8591ec6d12f4f6e2808e3\",\"name\":\"Joanna Dziedzic\",\"image\":{\"@type\":\"ImageObject\",\"inLanguage\":\"en-US\",\"@id\":\"https:\/\/pyrkon.pl\/#\/schema\/person\/image\/\",\"url\":\"https:\/\/secure.gravatar.com\/avatar\/7325f469a5820f19492d1dcc4964b7f3cf5a62e17888a594f12747ad4c8bd81d?s=96&d=mm&r=g\",\"contentUrl\":\"https:\/\/secure.gravatar.com\/avatar\/7325f469a5820f19492d1dcc4964b7f3cf5a62e17888a594f12747ad4c8bd81d?s=96&d=mm&r=g\",\"caption\":\"Joanna Dziedzic\"},\"description\":\"Jako dziecko zagubi\u0142a si\u0119 w fantasy jak Alicja w Krainie Czar\u00f3w i niczym Obie\u017cy\u015bwiat postanowi\u0142a zwiedzi\u0107 wszystkie fantastyczne krainy. Kolekcjonuje ksi\u0105\u017cki jak Flash mandaty za pr\u0119dko\u015b\u0107. Optymistyczna jak K\u0142apouchy, energiczna jak Garfield z nut\u0105 gramatyki Yody. Nienawidzi zimna jak Anakin piasku, a paj\u0105ki kocha r\u00f3wnie mocno co Ron Wesley. \u017beby przeczyta\u0107 i obejrze\u0107 wszystko co jej si\u0119 marzy, musia\u0142aby \u017cy\u0107 tak d\u0142ugo, jak Legolas. Z tego powodu od wielu lat bezskutecznie pr\u00f3buje zosta\u0107 elfem. foto: Makove Love\",\"url\":\"https:\/\/pyrkon.pl\/en\/author\/joanna\/\"}]}<\/script>\n<!-- \/ Yoast SEO Premium plugin. -->","yoast_head_json":{"title":"THE PYRKON 2023 LINEUP IS HERE! &#8902; Pyrkon Fantastyczne Miejsce Spotka\u0144","robots":{"index":"index","follow":"follow","max-snippet":"max-snippet:-1","max-image-preview":"max-image-preview:large","max-video-preview":"max-video-preview:-1"},"canonical":"https:\/\/pyrkon.pl\/en\/coraz-blizej-pyrkon-en\/the-pyrkon-2023-lineup-is-here\/","og_locale":"en_US","og_type":"article","og_title":"THE PYRKON 2023 LINEUP IS HERE!","og_description":"Yes! This is the program you&#8217;ve been looking for! Concerts, lectures, workshops, autographs, and Q&amp;A sessions with our stars &#8211; all this and much more awaits you in this year&#8217;s convention program.","og_url":"https:\/\/pyrkon.pl\/en\/coraz-blizej-pyrkon-en\/the-pyrkon-2023-lineup-is-here\/","og_site_name":"Pyrkon Fantastyczne Miejsce Spotka\u0144","article_publisher":"https:\/\/www.facebook.com\/Pyrkon","article_published_time":"2023-05-30T10:28:20+00:00","article_modified_time":"2023-05-30T10:28:23+00:00","og_image":[{"width":900,"height":505,"url":"https:\/\/pyrkon.pl\/wp-content\/uploads\/2023\/05\/program-900x505-1.jpg","type":"image\/jpeg"}],"author":"Joanna Dziedzic","twitter_card":"summary_large_image","twitter_creator":"@pyrkon","twitter_site":"@pyrkon","twitter_misc":{"Written by":"Joanna Dziedzic","Est. reading time":"1 minute"},"schema":{"@context":"https:\/\/schema.org","@graph":[{"@type":"Article","@id":"https:\/\/pyrkon.pl\/en\/coraz-blizej-pyrkon-en\/the-pyrkon-2023-lineup-is-here\/#article","isPartOf":{"@id":"https:\/\/pyrkon.pl\/en\/coraz-blizej-pyrkon-en\/the-pyrkon-2023-lineup-is-here\/"},"author":{"name":"Joanna Dziedzic","@id":"https:\/\/pyrkon.pl\/#\/schema\/person\/9452e0c3f9f8591ec6d12f4f6e2808e3"},"headline":"THE PYRKON 2023 LINEUP IS HERE!","datePublished":"2023-05-30T10:28:20+00:00","dateModified":"2023-05-30T10:28:23+00:00","mainEntityOfPage":{"@id":"https:\/\/pyrkon.pl\/en\/coraz-blizej-pyrkon-en\/the-pyrkon-2023-lineup-is-here\/"},"wordCount":132,"publisher":{"@id":"https:\/\/pyrkon.pl\/#organization"},"image":{"@id":"https:\/\/pyrkon.pl\/en\/coraz-blizej-pyrkon-en\/the-pyrkon-2023-lineup-is-here\/#primaryimage"},"thumbnailUrl":"https:\/\/pyrkon.pl\/wp-content\/uploads\/2023\/05\/program-900x505-1.jpg","articleSection":["Coraz bli\u017cej Pyrkon"],"inLanguage":"en-US"},{"@type":"WebPage","@id":"https:\/\/pyrkon.pl\/en\/coraz-blizej-pyrkon-en\/the-pyrkon-2023-lineup-is-here\/","url":"https:\/\/pyrkon.pl\/en\/coraz-blizej-pyrkon-en\/the-pyrkon-2023-lineup-is-here\/","name":"THE PYRKON 2023 LINEUP IS HERE! &#8902; Pyrkon Fantastyczne Miejsce Spotka\u0144","isPartOf":{"@id":"https:\/\/pyrkon.pl\/#website"},"primaryImageOfPage":{"@id":"https:\/\/pyrkon.pl\/en\/coraz-blizej-pyrkon-en\/the-pyrkon-2023-lineup-is-here\/#primaryimage"},"image":{"@id":"https:\/\/pyrkon.pl\/en\/coraz-blizej-pyrkon-en\/the-pyrkon-2023-lineup-is-here\/#primaryimage"},"thumbnailUrl":"https:\/\/pyrkon.pl\/wp-content\/uploads\/2023\/05\/program-900x505-1.jpg","datePublished":"2023-05-30T10:28:20+00:00","dateModified":"2023-05-30T10:28:23+00:00","breadcrumb":{"@id":"https:\/\/pyrkon.pl\/en\/coraz-blizej-pyrkon-en\/the-pyrkon-2023-lineup-is-here\/#breadcrumb"},"inLanguage":"en-US","potentialAction":[{"@type":"ReadAction","target":["https:\/\/pyrkon.pl\/en\/coraz-blizej-pyrkon-en\/the-pyrkon-2023-lineup-is-here\/"]}]},{"@type":"ImageObject","inLanguage":"en-US","@id":"https:\/\/pyrkon.pl\/en\/coraz-blizej-pyrkon-en\/the-pyrkon-2023-lineup-is-here\/#primaryimage","url":"https:\/\/pyrkon.pl\/wp-content\/uploads\/2023\/05\/program-900x505-1.jpg","contentUrl":"https:\/\/pyrkon.pl\/wp-content\/uploads\/2023\/05\/program-900x505-1.jpg","width":900,"height":505},{"@type":"BreadcrumbList","@id":"https:\/\/pyrkon.pl\/en\/coraz-blizej-pyrkon-en\/the-pyrkon-2023-lineup-is-here\/#breadcrumb","itemListElement":[{"@type":"ListItem","position":1,"name":"Strona g\u0142\u00f3wna","item":"https:\/\/pyrkon.pl\/en\/"},{"@type":"ListItem","position":2,"name":"Coraz bli\u017cej Pyrkon","item":"https:\/\/pyrkon.pl\/en\/category\/coraz-blizej-pyrkon-en\/"},{"@type":"ListItem","position":3,"name":"THE PYRKON 2023 LINEUP IS HERE!"}]},{"@type":"WebSite","@id":"https:\/\/pyrkon.pl\/#website","url":"https:\/\/pyrkon.pl\/","name":"Pyrkon Fantastyczne Miejsce Spotka\u0144","description":"Festiwal Fantastyki","publisher":{"@id":"https:\/\/pyrkon.pl\/#organization"},"potentialAction":[{"@type":"SearchAction","target":{"@type":"EntryPoint","urlTemplate":"https:\/\/pyrkon.pl\/?s={search_term_string}"},"query-input":{"@type":"PropertyValueSpecification","valueRequired":true,"valueName":"search_term_string"}}],"inLanguage":"en-US"},{"@type":"Organization","@id":"https:\/\/pyrkon.pl\/#organization","name":"Pyrkon Fantastyczne Miejsce Spotka\u0144","url":"https:\/\/pyrkon.pl\/","logo":{"@type":"ImageObject","inLanguage":"en-US","@id":"https:\/\/pyrkon.pl\/#\/schema\/logo\/image\/","url":"https:\/\/pyrkon.pl\/wp-content\/uploads\/2018\/02\/Festiwal_Fantastyki_Pyrkon_logo_Black_CMYK.jpg","contentUrl":"https:\/\/pyrkon.pl\/wp-content\/uploads\/2018\/02\/Festiwal_Fantastyki_Pyrkon_logo_Black_CMYK.jpg","width":1300,"height":401,"caption":"Pyrkon Fantastyczne Miejsce Spotka\u0144"},"image":{"@id":"https:\/\/pyrkon.pl\/#\/schema\/logo\/image\/"},"sameAs":["https:\/\/www.facebook.com\/Pyrkon","https:\/\/x.com\/pyrkon","https:\/\/www.instagram.com\/pyrkon\/","https:\/\/www.youtube.com\/user\/FestiwalPyrkon"]},{"@type":"Person","@id":"https:\/\/pyrkon.pl\/#\/schema\/person\/9452e0c3f9f8591ec6d12f4f6e2808e3","name":"Joanna Dziedzic","image":{"@type":"ImageObject","inLanguage":"en-US","@id":"https:\/\/pyrkon.pl\/#\/schema\/person\/image\/","url":"https:\/\/secure.gravatar.com\/avatar\/7325f469a5820f19492d1dcc4964b7f3cf5a62e17888a594f12747ad4c8bd81d?s=96&d=mm&r=g","contentUrl":"https:\/\/secure.gravatar.com\/avatar\/7325f469a5820f19492d1dcc4964b7f3cf5a62e17888a594f12747ad4c8bd81d?s=96&d=mm&r=g","caption":"Joanna Dziedzic"},"description":"Jako dziecko zagubi\u0142a si\u0119 w fantasy jak Alicja w Krainie Czar\u00f3w i niczym Obie\u017cy\u015bwiat postanowi\u0142a zwiedzi\u0107 wszystkie fantastyczne krainy. Kolekcjonuje ksi\u0105\u017cki jak Flash mandaty za pr\u0119dko\u015b\u0107. Optymistyczna jak K\u0142apouchy, energiczna jak Garfield z nut\u0105 gramatyki Yody. Nienawidzi zimna jak Anakin piasku, a paj\u0105ki kocha r\u00f3wnie mocno co Ron Wesley. \u017beby przeczyta\u0107 i obejrze\u0107 wszystko co jej si\u0119 marzy, musia\u0142aby \u017cy\u0107 tak d\u0142ugo, jak Legolas. Z tego powodu od wielu lat bezskutecznie pr\u00f3buje zosta\u0107 elfem. foto: Makove Love","url":"https:\/\/pyrkon.pl\/en\/author\/joanna\/"}]}},"_links":{"self":[{"href":"https:\/\/pyrkon.pl\/en\/wp-json\/wp\/v2\/posts\/32727","targetHints":{"allow":["GET"]}}],"collection":[{"href":"https:\/\/pyrkon.pl\/en\/wp-json\/wp\/v2\/posts"}],"about":[{"href":"https:\/\/pyrkon.pl\/en\/wp-json\/wp\/v2\/types\/post"}],"author":[{"embeddable":true,"href":"https:\/\/pyrkon.pl\/en\/wp-json\/wp\/v2\/users\/4"}],"replies":[{"embeddable":true,"href":"https:\/\/pyrkon.pl\/en\/wp-json\/wp\/v2\/comments?post=32727"}],"version-history":[{"count":2,"href":"https:\/\/pyrkon.pl\/en\/wp-json\/wp\/v2\/posts\/32727\/revisions"}],"predecessor-version":[{"id":32729,"href":"https:\/\/pyrkon.pl\/en\/wp-json\/wp\/v2\/posts\/32727\/revisions\/32729"}],"wp:featuredmedia":[{"embeddable":true,"href":"https:\/\/pyrkon.pl\/en\/wp-json\/wp\/v2\/media\/31763"}],"wp:attachment":[{"href":"https:\/\/pyrkon.pl\/en\/wp-json\/wp\/v2\/media?parent=32727"}],"wp:term":[{"taxonomy":"category","embeddable":true,"href":"https:\/\/pyrkon.pl\/en\/wp-json\/wp\/v2\/categories?post=32727"},{"taxonomy":"post_tag","embeddable":true,"href":"https:\/\/pyrkon.pl\/en\/wp-json\/wp\/v2\/tags?post=32727"},{"taxonomy":"pyr_topics","embeddable":true,"href":"https:\/\/pyrkon.pl\/en\/wp-json\/wp\/v2\/pyr_topics?post=32727"}],"curies":[{"name":"wp","href":"https:\/\/api.w.org\/{rel}","templated":true}]}}