{"id":34297,"date":"2023-10-30T16:22:53","date_gmt":"2023-10-30T15:22:53","guid":{"rendered":"https:\/\/pyrkon.pl\/?p=34297"},"modified":"2023-10-30T16:49:50","modified_gmt":"2023-10-30T15:49:50","slug":"try-guessing-who-is-about-to-visit-pyrkon-once-again-yes-peter-v-brett-will-appear-at-the-fan-convention-once-again","status":"publish","type":"post","link":"https:\/\/pyrkon.pl\/en\/program-en\/try-guessing-who-is-about-to-visit-pyrkon-once-again-yes-peter-v-brett-will-appear-at-the-fan-convention-once-again\/","title":{"rendered":"Try guessing who is about to visit Pyrkon once again! Yes, Peter V. Brett will appear at the Fan Convention once again!"},"content":{"rendered":"\n<p><strong>It is with undisguised pleasure and great joy that we would like to announce the first Guest of the Literature Zone at Pyrkon 2024! It&#8217;s Peter V. Brett, author of the well-known and popular demon cycle.<\/strong><\/p>\n\n\n\n<!--more-->\n\n\n\n<h2 class=\"wp-block-heading\"><strong>Peter V. Brett <\/strong><strong>&#8211; who is he?<\/strong><\/h2>\n\n\n\n<p>Peter V. Brett is the author of the hugely popular demon cycle, the first volume of which &#8211; <em>The Warded Man<\/em> &#8211; was published in 2008. The demon cycle has sold in more than four million copies, translated into twenty-seven languages. It&#8217;s therefore safe to say that his novels are known all over the world.&nbsp;<\/p>\n\n\n\n<p>The demon series is set in a world where demons roam the earth at night, with the primary goal of attacking and murdering people. The only protection against them is provided by runic circles, magical artifacts and&#8230; a handful of people who are not afraid to face the monsters of the abyss.<\/p>\n\n\n\n<p>The demon ycle consists of five novels (in Poland divided into two books each), as well as one stand-alone novel and three short stories. In Poland, the author&#8217;s novels are published by Fabryka S\u0142\u00f3w.&nbsp;<\/p>\n\n\n\n<h2 class=\"wp-block-heading\"><strong>Peter V. Brett in private&nbsp;<\/strong><\/h2>\n\n\n\n<p>Peter V. Brett studied at the University of Buffalo, where he earned a bachelor&#8217;s degree in English literature and briefly studied art history. He ran a comic book store, and then worked for ten years in medical publishing, which is how &#8211; as he says today &#8211; he squandered the best decade of his life.&nbsp;<\/p>\n\n\n\n<p>Since childhood, he has been a fan of fantasy, comic books and role-playing games. Peter points out that his first significant read (one, you know, not school-related and devoid of pictures) was <em>The Hobbit<\/em>. As he maintains, this was one of the things that shaped him as a person and a writer.<\/p>\n\n\n\n<h2 class=\"wp-block-heading\" id=\"h-peter-v-brett-at-pyrkon\"><strong>Peter V. Brett at Pyrkon<\/strong><\/h2>\n\n\n\n<p>Fans of the author probably remember very well that Peter V. Brett has already visited the Pyrkon Fan Convention to meet with his fans. This time, too, the author will participate in meetings with you and autograph copies of his book. That\u2019s why you can&#8217;t miss it at Pyrkon 2024!<\/p>\n\n\n\n<p><br>And until then, take a peek at the author&#8217;s social media:<\/p>\n","protected":false},"excerpt":{"rendered":"<p>It is with undisguised pleasure and great joy that we would like to announce the first Guest of the Literature Zone at Pyrkon 2024! It&#8217;s Peter V. Brett, author of the well-known and popular demon cycle.<\/p>\n","protected":false},"author":2763,"featured_media":34300,"comment_status":"closed","ping_status":"closed","sticky":false,"template":"","format":"standard","meta":{"_acf_changed":false,"footnotes":""},"categories":[9452,14],"tags":[],"pyr_topics":[9656],"class_list":["post-34297","post","type-post","status-publish","format-standard","has-post-thumbnail","hentry","category-news-en","category-program-en","pyr_topics-literature-zone"],"acf":[],"yoast_head":"<!-- This site is optimized with the Yoast SEO Premium plugin v25.9 (Yoast SEO v25.9) - https:\/\/yoast.com\/wordpress\/plugins\/seo\/ -->\n<title>Try guessing who is about to visit Pyrkon once again! Yes, Peter V. Brett will appear at the Fan Convention once again! &#8902; Pyrkon Fantastyczne Miejsce Spotka\u0144<\/title>\n<meta name=\"description\" content=\"It is with undisguised pleasure and great joy that we would like to announce the first Guest of the Literature Zone at Pyrkon 2024! It&#039;s Peter V. Brett, author of the well-known and popular demon cycle.\" \/>\n<meta name=\"robots\" content=\"index, follow, max-snippet:-1, max-image-preview:large, max-video-preview:-1\" \/>\n<link rel=\"canonical\" href=\"https:\/\/pyrkon.pl\/en\/program-en\/try-guessing-who-is-about-to-visit-pyrkon-once-again-yes-peter-v-brett-will-appear-at-the-fan-convention-once-again\/\" \/>\n<meta property=\"og:locale\" content=\"en_US\" \/>\n<meta property=\"og:type\" content=\"article\" \/>\n<meta property=\"og:title\" content=\"Try guessing who is about to visit Pyrkon once again! Yes, Peter V. Brett will appear at the Fan Convention once again!\" \/>\n<meta property=\"og:description\" content=\"It is with undisguised pleasure and great joy that we would like to announce the first Guest of the Literature Zone at Pyrkon 2024! It&#039;s Peter V. Brett, author of the well-known and popular demon cycle.\" \/>\n<meta property=\"og:url\" content=\"https:\/\/pyrkon.pl\/en\/program-en\/try-guessing-who-is-about-to-visit-pyrkon-once-again-yes-peter-v-brett-will-appear-at-the-fan-convention-once-again\/\" \/>\n<meta property=\"og:site_name\" content=\"Pyrkon Fantastyczne Miejsce Spotka\u0144\" \/>\n<meta property=\"article:publisher\" content=\"https:\/\/www.facebook.com\/Pyrkon\" \/>\n<meta property=\"article:published_time\" content=\"2023-10-30T15:22:53+00:00\" \/>\n<meta property=\"article:modified_time\" content=\"2023-10-30T15:49:50+00:00\" \/>\n<meta property=\"og:image\" content=\"https:\/\/pyrkon.pl\/wp-content\/uploads\/2023\/10\/Peter-V-Brett-1.jpg\" \/>\n\t<meta property=\"og:image:width\" content=\"743\" \/>\n\t<meta property=\"og:image:height\" content=\"473\" \/>\n\t<meta property=\"og:image:type\" content=\"image\/jpeg\" \/>\n<meta name=\"author\" content=\"Idris\" \/>\n<meta name=\"twitter:card\" content=\"summary_large_image\" \/>\n<meta name=\"twitter:creator\" content=\"@pyrkon\" \/>\n<meta name=\"twitter:site\" content=\"@pyrkon\" \/>\n<meta name=\"twitter:label1\" content=\"Written by\" \/>\n\t<meta name=\"twitter:data1\" content=\"Idris\" \/>\n\t<meta name=\"twitter:label2\" content=\"Est. reading time\" \/>\n\t<meta name=\"twitter:data2\" content=\"3 minutes\" \/>\n<script type=\"application\/ld+json\" class=\"yoast-schema-graph\">{\"@context\":\"https:\/\/schema.org\",\"@graph\":[{\"@type\":\"Article\",\"@id\":\"https:\/\/pyrkon.pl\/en\/program-en\/try-guessing-who-is-about-to-visit-pyrkon-once-again-yes-peter-v-brett-will-appear-at-the-fan-convention-once-again\/#article\",\"isPartOf\":{\"@id\":\"https:\/\/pyrkon.pl\/en\/program-en\/try-guessing-who-is-about-to-visit-pyrkon-once-again-yes-peter-v-brett-will-appear-at-the-fan-convention-once-again\/\"},\"author\":{\"name\":\"Idris\",\"@id\":\"https:\/\/pyrkon.pl\/#\/schema\/person\/8c9d5829fd1a79ecabecad081cc5fb27\"},\"headline\":\"Try guessing who is about to visit Pyrkon once again! Yes, Peter V. Brett will appear at the Fan Convention once again!\",\"datePublished\":\"2023-10-30T15:22:53+00:00\",\"dateModified\":\"2023-10-30T15:49:50+00:00\",\"mainEntityOfPage\":{\"@id\":\"https:\/\/pyrkon.pl\/en\/program-en\/try-guessing-who-is-about-to-visit-pyrkon-once-again-yes-peter-v-brett-will-appear-at-the-fan-convention-once-again\/\"},\"wordCount\":393,\"publisher\":{\"@id\":\"https:\/\/pyrkon.pl\/#organization\"},\"image\":{\"@id\":\"https:\/\/pyrkon.pl\/en\/program-en\/try-guessing-who-is-about-to-visit-pyrkon-once-again-yes-peter-v-brett-will-appear-at-the-fan-convention-once-again\/#primaryimage\"},\"thumbnailUrl\":\"https:\/\/pyrkon.pl\/wp-content\/uploads\/2023\/10\/Peter-V-Brett-1.jpg\",\"articleSection\":[\"News\",\"Program\"],\"inLanguage\":\"en-US\"},{\"@type\":\"WebPage\",\"@id\":\"https:\/\/pyrkon.pl\/en\/program-en\/try-guessing-who-is-about-to-visit-pyrkon-once-again-yes-peter-v-brett-will-appear-at-the-fan-convention-once-again\/\",\"url\":\"https:\/\/pyrkon.pl\/en\/program-en\/try-guessing-who-is-about-to-visit-pyrkon-once-again-yes-peter-v-brett-will-appear-at-the-fan-convention-once-again\/\",\"name\":\"Try guessing who is about to visit Pyrkon once again! Yes, Peter V. Brett will appear at the Fan Convention once again! &#8902; Pyrkon Fantastyczne Miejsce Spotka\u0144\",\"isPartOf\":{\"@id\":\"https:\/\/pyrkon.pl\/#website\"},\"primaryImageOfPage\":{\"@id\":\"https:\/\/pyrkon.pl\/en\/program-en\/try-guessing-who-is-about-to-visit-pyrkon-once-again-yes-peter-v-brett-will-appear-at-the-fan-convention-once-again\/#primaryimage\"},\"image\":{\"@id\":\"https:\/\/pyrkon.pl\/en\/program-en\/try-guessing-who-is-about-to-visit-pyrkon-once-again-yes-peter-v-brett-will-appear-at-the-fan-convention-once-again\/#primaryimage\"},\"thumbnailUrl\":\"https:\/\/pyrkon.pl\/wp-content\/uploads\/2023\/10\/Peter-V-Brett-1.jpg\",\"datePublished\":\"2023-10-30T15:22:53+00:00\",\"dateModified\":\"2023-10-30T15:49:50+00:00\",\"description\":\"It is with undisguised pleasure and great joy that we would like to announce the first Guest of the Literature Zone at Pyrkon 2024! It's Peter V. Brett, author of the well-known and popular demon cycle.\",\"breadcrumb\":{\"@id\":\"https:\/\/pyrkon.pl\/en\/program-en\/try-guessing-who-is-about-to-visit-pyrkon-once-again-yes-peter-v-brett-will-appear-at-the-fan-convention-once-again\/#breadcrumb\"},\"inLanguage\":\"en-US\",\"potentialAction\":[{\"@type\":\"ReadAction\",\"target\":[\"https:\/\/pyrkon.pl\/en\/program-en\/try-guessing-who-is-about-to-visit-pyrkon-once-again-yes-peter-v-brett-will-appear-at-the-fan-convention-once-again\/\"]}]},{\"@type\":\"ImageObject\",\"inLanguage\":\"en-US\",\"@id\":\"https:\/\/pyrkon.pl\/en\/program-en\/try-guessing-who-is-about-to-visit-pyrkon-once-again-yes-peter-v-brett-will-appear-at-the-fan-convention-once-again\/#primaryimage\",\"url\":\"https:\/\/pyrkon.pl\/wp-content\/uploads\/2023\/10\/Peter-V-Brett-1.jpg\",\"contentUrl\":\"https:\/\/pyrkon.pl\/wp-content\/uploads\/2023\/10\/Peter-V-Brett-1.jpg\",\"width\":743,\"height\":473,\"caption\":\"June 17, 2021 - New York, NY : Portrait of fantasy author Peter V. Brett, in Brooklyn, New York City on June 17, 2021. CREDIT: Karsten Moran\"},{\"@type\":\"BreadcrumbList\",\"@id\":\"https:\/\/pyrkon.pl\/en\/program-en\/try-guessing-who-is-about-to-visit-pyrkon-once-again-yes-peter-v-brett-will-appear-at-the-fan-convention-once-again\/#breadcrumb\",\"itemListElement\":[{\"@type\":\"ListItem\",\"position\":1,\"name\":\"Strona g\u0142\u00f3wna\",\"item\":\"https:\/\/pyrkon.pl\/en\/\"},{\"@type\":\"ListItem\",\"position\":2,\"name\":\"Program\",\"item\":\"https:\/\/pyrkon.pl\/en\/category\/program-en\/\"},{\"@type\":\"ListItem\",\"position\":3,\"name\":\"Try guessing who is about to visit Pyrkon once again! Yes, Peter V. Brett will appear at the Fan Convention once again!\"}]},{\"@type\":\"WebSite\",\"@id\":\"https:\/\/pyrkon.pl\/#website\",\"url\":\"https:\/\/pyrkon.pl\/\",\"name\":\"Pyrkon Fantastyczne Miejsce Spotka\u0144\",\"description\":\"Festiwal Fantastyki\",\"publisher\":{\"@id\":\"https:\/\/pyrkon.pl\/#organization\"},\"potentialAction\":[{\"@type\":\"SearchAction\",\"target\":{\"@type\":\"EntryPoint\",\"urlTemplate\":\"https:\/\/pyrkon.pl\/?s={search_term_string}\"},\"query-input\":{\"@type\":\"PropertyValueSpecification\",\"valueRequired\":true,\"valueName\":\"search_term_string\"}}],\"inLanguage\":\"en-US\"},{\"@type\":\"Organization\",\"@id\":\"https:\/\/pyrkon.pl\/#organization\",\"name\":\"Pyrkon Fantastyczne Miejsce Spotka\u0144\",\"url\":\"https:\/\/pyrkon.pl\/\",\"logo\":{\"@type\":\"ImageObject\",\"inLanguage\":\"en-US\",\"@id\":\"https:\/\/pyrkon.pl\/#\/schema\/logo\/image\/\",\"url\":\"https:\/\/pyrkon.pl\/wp-content\/uploads\/2018\/02\/Festiwal_Fantastyki_Pyrkon_logo_Black_CMYK.jpg\",\"contentUrl\":\"https:\/\/pyrkon.pl\/wp-content\/uploads\/2018\/02\/Festiwal_Fantastyki_Pyrkon_logo_Black_CMYK.jpg\",\"width\":1300,\"height\":401,\"caption\":\"Pyrkon Fantastyczne Miejsce Spotka\u0144\"},\"image\":{\"@id\":\"https:\/\/pyrkon.pl\/#\/schema\/logo\/image\/\"},\"sameAs\":[\"https:\/\/www.facebook.com\/Pyrkon\",\"https:\/\/x.com\/pyrkon\",\"https:\/\/www.instagram.com\/pyrkon\/\",\"https:\/\/www.youtube.com\/user\/FestiwalPyrkon\"]},{\"@type\":\"Person\",\"@id\":\"https:\/\/pyrkon.pl\/#\/schema\/person\/8c9d5829fd1a79ecabecad081cc5fb27\",\"name\":\"Idris\",\"image\":{\"@type\":\"ImageObject\",\"inLanguage\":\"en-US\",\"@id\":\"https:\/\/pyrkon.pl\/#\/schema\/person\/image\/\",\"url\":\"https:\/\/secure.gravatar.com\/avatar\/08e16a51ce17aea6d1317d4dca44a8987c300f02a19c9eb885a9d60500f528e7?s=96&d=mm&r=g\",\"contentUrl\":\"https:\/\/secure.gravatar.com\/avatar\/08e16a51ce17aea6d1317d4dca44a8987c300f02a19c9eb885a9d60500f528e7?s=96&d=mm&r=g\",\"caption\":\"Idris\"},\"description\":\"Nie sypia, bo sen uwa\u017ca za luksusowy zamiennik kawy dla ludzi, kt\u00f3rzy maj\u0105 nadmiar wolnego czasu. Z zapa\u0142em alchemika przetwarza hektolitry kofeiny w literki. Absolwentka psychokryminalistyki i psychologii, z zajawk\u0105 w stron\u0119 marketingu i popkultury. Relaks uskutecznia przy podcastach true crime, puzzlach i ksi\u0105\u017cce (niekoniecznie dobrej). Trenuje boks i z zaanga\u017cowaniem godnym lepszej sprawy przerzuca ci\u0119\u017ckie kr\u0105\u017cki na si\u0142owni. Doros\u0142o\u015b\u0107 traktuje podejrzliwie, ale czekoladzie ufa bezgranicznie - ona po prostu rozumie. Lubi rodzynki w serniczku i cynamon w jab\u0142eczniku.\",\"url\":\"https:\/\/pyrkon.pl\/en\/author\/idris\/\"}]}<\/script>\n<!-- \/ Yoast SEO Premium plugin. -->","yoast_head_json":{"title":"Try guessing who is about to visit Pyrkon once again! Yes, Peter V. Brett will appear at the Fan Convention once again! &#8902; Pyrkon Fantastyczne Miejsce Spotka\u0144","description":"It is with undisguised pleasure and great joy that we would like to announce the first Guest of the Literature Zone at Pyrkon 2024! It's Peter V. Brett, author of the well-known and popular demon cycle.","robots":{"index":"index","follow":"follow","max-snippet":"max-snippet:-1","max-image-preview":"max-image-preview:large","max-video-preview":"max-video-preview:-1"},"canonical":"https:\/\/pyrkon.pl\/en\/program-en\/try-guessing-who-is-about-to-visit-pyrkon-once-again-yes-peter-v-brett-will-appear-at-the-fan-convention-once-again\/","og_locale":"en_US","og_type":"article","og_title":"Try guessing who is about to visit Pyrkon once again! Yes, Peter V. Brett will appear at the Fan Convention once again!","og_description":"It is with undisguised pleasure and great joy that we would like to announce the first Guest of the Literature Zone at Pyrkon 2024! It's Peter V. Brett, author of the well-known and popular demon cycle.","og_url":"https:\/\/pyrkon.pl\/en\/program-en\/try-guessing-who-is-about-to-visit-pyrkon-once-again-yes-peter-v-brett-will-appear-at-the-fan-convention-once-again\/","og_site_name":"Pyrkon Fantastyczne Miejsce Spotka\u0144","article_publisher":"https:\/\/www.facebook.com\/Pyrkon","article_published_time":"2023-10-30T15:22:53+00:00","article_modified_time":"2023-10-30T15:49:50+00:00","og_image":[{"width":743,"height":473,"url":"https:\/\/pyrkon.pl\/wp-content\/uploads\/2023\/10\/Peter-V-Brett-1.jpg","type":"image\/jpeg"}],"author":"Idris","twitter_card":"summary_large_image","twitter_creator":"@pyrkon","twitter_site":"@pyrkon","twitter_misc":{"Written by":"Idris","Est. reading time":"3 minutes"},"schema":{"@context":"https:\/\/schema.org","@graph":[{"@type":"Article","@id":"https:\/\/pyrkon.pl\/en\/program-en\/try-guessing-who-is-about-to-visit-pyrkon-once-again-yes-peter-v-brett-will-appear-at-the-fan-convention-once-again\/#article","isPartOf":{"@id":"https:\/\/pyrkon.pl\/en\/program-en\/try-guessing-who-is-about-to-visit-pyrkon-once-again-yes-peter-v-brett-will-appear-at-the-fan-convention-once-again\/"},"author":{"name":"Idris","@id":"https:\/\/pyrkon.pl\/#\/schema\/person\/8c9d5829fd1a79ecabecad081cc5fb27"},"headline":"Try guessing who is about to visit Pyrkon once again! Yes, Peter V. Brett will appear at the Fan Convention once again!","datePublished":"2023-10-30T15:22:53+00:00","dateModified":"2023-10-30T15:49:50+00:00","mainEntityOfPage":{"@id":"https:\/\/pyrkon.pl\/en\/program-en\/try-guessing-who-is-about-to-visit-pyrkon-once-again-yes-peter-v-brett-will-appear-at-the-fan-convention-once-again\/"},"wordCount":393,"publisher":{"@id":"https:\/\/pyrkon.pl\/#organization"},"image":{"@id":"https:\/\/pyrkon.pl\/en\/program-en\/try-guessing-who-is-about-to-visit-pyrkon-once-again-yes-peter-v-brett-will-appear-at-the-fan-convention-once-again\/#primaryimage"},"thumbnailUrl":"https:\/\/pyrkon.pl\/wp-content\/uploads\/2023\/10\/Peter-V-Brett-1.jpg","articleSection":["News","Program"],"inLanguage":"en-US"},{"@type":"WebPage","@id":"https:\/\/pyrkon.pl\/en\/program-en\/try-guessing-who-is-about-to-visit-pyrkon-once-again-yes-peter-v-brett-will-appear-at-the-fan-convention-once-again\/","url":"https:\/\/pyrkon.pl\/en\/program-en\/try-guessing-who-is-about-to-visit-pyrkon-once-again-yes-peter-v-brett-will-appear-at-the-fan-convention-once-again\/","name":"Try guessing who is about to visit Pyrkon once again! Yes, Peter V. Brett will appear at the Fan Convention once again! &#8902; Pyrkon Fantastyczne Miejsce Spotka\u0144","isPartOf":{"@id":"https:\/\/pyrkon.pl\/#website"},"primaryImageOfPage":{"@id":"https:\/\/pyrkon.pl\/en\/program-en\/try-guessing-who-is-about-to-visit-pyrkon-once-again-yes-peter-v-brett-will-appear-at-the-fan-convention-once-again\/#primaryimage"},"image":{"@id":"https:\/\/pyrkon.pl\/en\/program-en\/try-guessing-who-is-about-to-visit-pyrkon-once-again-yes-peter-v-brett-will-appear-at-the-fan-convention-once-again\/#primaryimage"},"thumbnailUrl":"https:\/\/pyrkon.pl\/wp-content\/uploads\/2023\/10\/Peter-V-Brett-1.jpg","datePublished":"2023-10-30T15:22:53+00:00","dateModified":"2023-10-30T15:49:50+00:00","description":"It is with undisguised pleasure and great joy that we would like to announce the first Guest of the Literature Zone at Pyrkon 2024! It's Peter V. Brett, author of the well-known and popular demon cycle.","breadcrumb":{"@id":"https:\/\/pyrkon.pl\/en\/program-en\/try-guessing-who-is-about-to-visit-pyrkon-once-again-yes-peter-v-brett-will-appear-at-the-fan-convention-once-again\/#breadcrumb"},"inLanguage":"en-US","potentialAction":[{"@type":"ReadAction","target":["https:\/\/pyrkon.pl\/en\/program-en\/try-guessing-who-is-about-to-visit-pyrkon-once-again-yes-peter-v-brett-will-appear-at-the-fan-convention-once-again\/"]}]},{"@type":"ImageObject","inLanguage":"en-US","@id":"https:\/\/pyrkon.pl\/en\/program-en\/try-guessing-who-is-about-to-visit-pyrkon-once-again-yes-peter-v-brett-will-appear-at-the-fan-convention-once-again\/#primaryimage","url":"https:\/\/pyrkon.pl\/wp-content\/uploads\/2023\/10\/Peter-V-Brett-1.jpg","contentUrl":"https:\/\/pyrkon.pl\/wp-content\/uploads\/2023\/10\/Peter-V-Brett-1.jpg","width":743,"height":473,"caption":"June 17, 2021 - New York, NY : Portrait of fantasy author Peter V. Brett, in Brooklyn, New York City on June 17, 2021. CREDIT: Karsten Moran"},{"@type":"BreadcrumbList","@id":"https:\/\/pyrkon.pl\/en\/program-en\/try-guessing-who-is-about-to-visit-pyrkon-once-again-yes-peter-v-brett-will-appear-at-the-fan-convention-once-again\/#breadcrumb","itemListElement":[{"@type":"ListItem","position":1,"name":"Strona g\u0142\u00f3wna","item":"https:\/\/pyrkon.pl\/en\/"},{"@type":"ListItem","position":2,"name":"Program","item":"https:\/\/pyrkon.pl\/en\/category\/program-en\/"},{"@type":"ListItem","position":3,"name":"Try guessing who is about to visit Pyrkon once again! Yes, Peter V. Brett will appear at the Fan Convention once again!"}]},{"@type":"WebSite","@id":"https:\/\/pyrkon.pl\/#website","url":"https:\/\/pyrkon.pl\/","name":"Pyrkon Fantastyczne Miejsce Spotka\u0144","description":"Festiwal Fantastyki","publisher":{"@id":"https:\/\/pyrkon.pl\/#organization"},"potentialAction":[{"@type":"SearchAction","target":{"@type":"EntryPoint","urlTemplate":"https:\/\/pyrkon.pl\/?s={search_term_string}"},"query-input":{"@type":"PropertyValueSpecification","valueRequired":true,"valueName":"search_term_string"}}],"inLanguage":"en-US"},{"@type":"Organization","@id":"https:\/\/pyrkon.pl\/#organization","name":"Pyrkon Fantastyczne Miejsce Spotka\u0144","url":"https:\/\/pyrkon.pl\/","logo":{"@type":"ImageObject","inLanguage":"en-US","@id":"https:\/\/pyrkon.pl\/#\/schema\/logo\/image\/","url":"https:\/\/pyrkon.pl\/wp-content\/uploads\/2018\/02\/Festiwal_Fantastyki_Pyrkon_logo_Black_CMYK.jpg","contentUrl":"https:\/\/pyrkon.pl\/wp-content\/uploads\/2018\/02\/Festiwal_Fantastyki_Pyrkon_logo_Black_CMYK.jpg","width":1300,"height":401,"caption":"Pyrkon Fantastyczne Miejsce Spotka\u0144"},"image":{"@id":"https:\/\/pyrkon.pl\/#\/schema\/logo\/image\/"},"sameAs":["https:\/\/www.facebook.com\/Pyrkon","https:\/\/x.com\/pyrkon","https:\/\/www.instagram.com\/pyrkon\/","https:\/\/www.youtube.com\/user\/FestiwalPyrkon"]},{"@type":"Person","@id":"https:\/\/pyrkon.pl\/#\/schema\/person\/8c9d5829fd1a79ecabecad081cc5fb27","name":"Idris","image":{"@type":"ImageObject","inLanguage":"en-US","@id":"https:\/\/pyrkon.pl\/#\/schema\/person\/image\/","url":"https:\/\/secure.gravatar.com\/avatar\/08e16a51ce17aea6d1317d4dca44a8987c300f02a19c9eb885a9d60500f528e7?s=96&d=mm&r=g","contentUrl":"https:\/\/secure.gravatar.com\/avatar\/08e16a51ce17aea6d1317d4dca44a8987c300f02a19c9eb885a9d60500f528e7?s=96&d=mm&r=g","caption":"Idris"},"description":"Nie sypia, bo sen uwa\u017ca za luksusowy zamiennik kawy dla ludzi, kt\u00f3rzy maj\u0105 nadmiar wolnego czasu. Z zapa\u0142em alchemika przetwarza hektolitry kofeiny w literki. Absolwentka psychokryminalistyki i psychologii, z zajawk\u0105 w stron\u0119 marketingu i popkultury. Relaks uskutecznia przy podcastach true crime, puzzlach i ksi\u0105\u017cce (niekoniecznie dobrej). Trenuje boks i z zaanga\u017cowaniem godnym lepszej sprawy przerzuca ci\u0119\u017ckie kr\u0105\u017cki na si\u0142owni. Doros\u0142o\u015b\u0107 traktuje podejrzliwie, ale czekoladzie ufa bezgranicznie - ona po prostu rozumie. Lubi rodzynki w serniczku i cynamon w jab\u0142eczniku.","url":"https:\/\/pyrkon.pl\/en\/author\/idris\/"}]}},"_links":{"self":[{"href":"https:\/\/pyrkon.pl\/en\/wp-json\/wp\/v2\/posts\/34297","targetHints":{"allow":["GET"]}}],"collection":[{"href":"https:\/\/pyrkon.pl\/en\/wp-json\/wp\/v2\/posts"}],"about":[{"href":"https:\/\/pyrkon.pl\/en\/wp-json\/wp\/v2\/types\/post"}],"author":[{"embeddable":true,"href":"https:\/\/pyrkon.pl\/en\/wp-json\/wp\/v2\/users\/2763"}],"replies":[{"embeddable":true,"href":"https:\/\/pyrkon.pl\/en\/wp-json\/wp\/v2\/comments?post=34297"}],"version-history":[{"count":1,"href":"https:\/\/pyrkon.pl\/en\/wp-json\/wp\/v2\/posts\/34297\/revisions"}],"predecessor-version":[{"id":34302,"href":"https:\/\/pyrkon.pl\/en\/wp-json\/wp\/v2\/posts\/34297\/revisions\/34302"}],"wp:featuredmedia":[{"embeddable":true,"href":"https:\/\/pyrkon.pl\/en\/wp-json\/wp\/v2\/media\/34300"}],"wp:attachment":[{"href":"https:\/\/pyrkon.pl\/en\/wp-json\/wp\/v2\/media?parent=34297"}],"wp:term":[{"taxonomy":"category","embeddable":true,"href":"https:\/\/pyrkon.pl\/en\/wp-json\/wp\/v2\/categories?post=34297"},{"taxonomy":"post_tag","embeddable":true,"href":"https:\/\/pyrkon.pl\/en\/wp-json\/wp\/v2\/tags?post=34297"},{"taxonomy":"pyr_topics","embeddable":true,"href":"https:\/\/pyrkon.pl\/en\/wp-json\/wp\/v2\/pyr_topics?post=34297"}],"curies":[{"name":"wp","href":"https:\/\/api.w.org\/{rel}","templated":true}]}}