{"id":36077,"date":"2024-03-10T14:00:00","date_gmt":"2024-03-10T13:00:00","guid":{"rendered":"https:\/\/pyrkon.pl\/?p=36077"},"modified":"2024-03-09T13:52:33","modified_gmt":"2024-03-09T12:52:33","slug":"at-the-lego-fan-zone-with-a-camera-sandra-recka-wishes-to-invite-you-to-the-photo-corner","status":"publish","type":"post","link":"https:\/\/pyrkon.pl\/en\/program-en\/at-the-lego-fan-zone-with-a-camera-sandra-recka-wishes-to-invite-you-to-the-photo-corner\/","title":{"rendered":"At the LEGO Fan Zone with a camera! Sandra Recka wishes to invite you to the photo corner"},"content":{"rendered":"\n<p>Internet a\u017c si\u0119 roi od niesamowitych zdj\u0119\u0107! A \u017ceby je zrobi\u0107, nie zawsze wymagany jest sprz\u0119t z najwy\u017cszej p\u00f3\u0142ki. Czasem wystarczy nawet telefon czy zwyk\u0142a lustrzanka, odpowiedni k\u0105t i obiekt, kt\u00f3ry mia\u0142by si\u0119 znale\u017a\u0107 na owej fotografii. W tym roku na Strefie Fan\u00f3w Klock\u00f3w Lego zar\u00f3wno amatorzy, ale tak\u017ce profesjonali\u015bci b\u0119d\u0105 mogli uwieczni\u0107 niesamowite dioramy, a to wszystko pod okiem Sandry Reckiej, osoby, kt\u00f3ra w tym temacie ma ju\u017c niema\u0142e do\u015bwiadczenie!<\/p>\n\n\n\n<!--more-->\n\n\n\n<figure class=\"wp-block-image size-large\"><img loading=\"lazy\" decoding=\"async\" width=\"1330\" height=\"1279\" src=\"https:\/\/pyrkon.pl\/wp-content\/uploads\/2024\/01\/auto-1-1-Krystian-Chapelle-1330x1279.jpg\" alt=\"\" class=\"wp-image-36072\" srcset=\"https:\/\/pyrkon.pl\/wp-content\/uploads\/2024\/01\/auto-1-1-Krystian-Chapelle-1330x1279.jpg 1330w, https:\/\/pyrkon.pl\/wp-content\/uploads\/2024\/01\/auto-1-1-Krystian-Chapelle-300x289.jpg 300w, https:\/\/pyrkon.pl\/wp-content\/uploads\/2024\/01\/auto-1-1-Krystian-Chapelle-768x739.jpg 768w, https:\/\/pyrkon.pl\/wp-content\/uploads\/2024\/01\/auto-1-1-Krystian-Chapelle-1536x1477.jpg 1536w, https:\/\/pyrkon.pl\/wp-content\/uploads\/2024\/01\/auto-1-1-Krystian-Chapelle-scaled.jpg 2048w\" sizes=\"auto, (max-width: 1330px) 100vw, 1330px\" \/><\/figure>\n\n\n\n<h2 class=\"wp-block-heading\" id=\"h-kim-jest-sandra\">Kim jest Sandra?<\/h2>\n\n\n\n<p>Sandra Recka to absolwentka dziennikarstwa Uniwersytetu Gda\u0144skiego, a jej specjalizacj\u0105 jest fotografia reklamowa i medialna. Poza tym to laureatka wielu konkurs\u00f3w fotograficznych, w tym DEBUTS 2016 &#8211; przegl\u0105du dla najlepiej zapowiadaj\u0105cych si\u0119 fotograf\u00f3w m\u0142odego pokolenia. Jej portfolio to prawdziwe dzie\u0142o sztuki, a przez wiele lat pracowa\u0142a jako fotoreporterka i fotografka w praktycznie ka\u017cdej dziedzinie &#8211; od sportu, przez \u015bluby i koncerty, a\u017c w 2023 roku mia\u0142a okazj\u0119 zrealizowa\u0107 zlecenie fotograficzne dla samego The LEGO\u00ae Group.<\/p>\n\n\n\n<h2 class=\"wp-block-heading\" id=\"h-z-kolarstwa-do-klockow\">Z kolarstwa do klock\u00f3w<\/h2>\n\n\n\n<p>Prywatnie uwielbia podr\u00f3\u017cowa\u0107 po Polsce oraz \u015bwiecie i jak sama o sobie m\u00f3wi &#8211; jest rowerowym \u015bwirem. Sandra to tak\u017ce aktywna cz\u0142onkini mi\u0119dzynarodowej spo\u0142eczno\u015bci klockowej fotograf\u00f3w Brickcentral. Jej wystawa zdj\u0119\u0107 pojawi\u0142a si\u0119 na Pyrkonie 2023 i Targach Hobby 2023, gdzie zdoby\u0142a uznanie za umiej\u0119tno\u015bci uchwycenia atmosfery i emocji. W swojej dzia\u0142alno\u015bci artystycznej \u0142\u0105czy mi\u0142o\u015b\u0107 do fotografii i klock\u00f3w LEGO\u00ae, prezentuj\u0105c autorskie scenki, kt\u00f3re sama buduje. Ka\u017cde z tych dzie\u0142 to kawa\u0142ek historii, w kt\u00f3rym dba o najmniejsze detale i stara si\u0119, by ka\u017cde zdj\u0119cie by\u0142o jak kadr wyrwany prosto z filmu! Zreszt\u0105 sami sprawd\u017acie &#8211; fotografie znajdziecie na jej <a href=\"https:\/\/www.instagram.com\/retzka.photobricks\/\" target=\"_blank\" rel=\"noreferrer noopener\">Instagramie<\/a>.<\/p>\n\n\n\n<h2 class=\"wp-block-heading\" id=\"h-codziennosc-najlepsza-inspiracja\">Codzienno\u015b\u0107 najlepsz\u0105 inspiracj\u0105<\/h2>\n\n\n\n<p>W tw\u00f3rczo\u015bci Sandry widoczne s\u0105 inspiracje z codziennego \u017cycia, aktualnych emocji i wa\u017cnych wydarze\u0144 kulturalnych czy sportowych. Jej zdj\u0119cia to nie tylko obrazy, ale opowie\u015bci, kt\u00f3re pozostawiaj\u0105 \u015blad na d\u0142ugo w pami\u0119ci. Dlatego nie odwlekajcie odwiedzin w Strefie Fan\u00f3w Klock\u00f3w LEGO i poznajcie \u015bwiat Sandry!<\/p>\n\n\n\n<p>Dowiedzcie si\u0119 jak powstaj\u0105 magiczne kompozycje i zainspirujcie si\u0119 do w\u0142asnych eksperyment\u00f3w fotograficznych. Pami\u0119tajcie, by zabra\u0107 ze sob\u0105 aparaty, telefony, a przede wszystkim swoj\u0105 kreatywno\u015b\u0107, by wr\u00f3ci\u0107 z Pyrkonu ze \u015bwietn\u0105 pami\u0105tk\u0105 i nowymi do\u015bwiadczeniami!<\/p>\n\n\n\n<h2 class=\"wp-block-heading\" id=\"h-wspolnie-tworzmy-strefe\">Wsp\u00f3lnie tw\u00f3rzmy Stref\u0119<\/h2>\n\n\n\n<p>Skoro dotarli\u015bcie do tego akapitu, to z pewno\u015bci\u0105 kr\u0119c\u0105 Was klocki LEGO! Tworzycie niesamowite dioramy, budowle lub (nie)skomplikowane mechanizmy? Albo podobnie jak Sandra, jeste\u015bcie zafiksowani na punkcie fotografii klockowej? To najwy\u017cszy czas by podj\u0105\u0107 decyzj\u0119 o do\u0142\u0105czeniu do grona fantastycznych tw\u00f3rc\u00f3w programu nadchodz\u0105cego Pyrkonu!<\/p>\n\n\n\n<p>W zestawie elegancki identyfikator, zni\u017cka na bilet oraz fame na dzielni. \ud83d\ude0e<\/p>\n\n\n\n<p class=\"has-text-align-center\"><strong>Zg\u0142o\u015bcie si\u0119 przez <\/strong><a href=\"https:\/\/pyrkon.pl\/zglos-swoj-punkt-programu-na-pyrkon-2024\/\" target=\"_blank\" rel=\"noreferrer noopener\"><strong>Formularz Programowy 2024<\/strong><\/a><\/p>\n","protected":false},"excerpt":{"rendered":"<p>Internet a\u017c si\u0119 roi od niesamowitych zdj\u0119\u0107! A \u017ceby je zrobi\u0107, nie zawsze wymagany jest sprz\u0119t z najwy\u017cszej p\u00f3\u0142ki. Czasem wystarczy nawet telefon czy zwyk\u0142a lustrzanka, odpowiedni k\u0105t i obiekt, kt\u00f3ry mia\u0142by si\u0119 znale\u017a\u0107 na owej fotografii. W tym roku na Strefie Fan\u00f3w Klock\u00f3w Lego zar\u00f3wno amatorzy, ale tak\u017ce profesjonali\u015bci b\u0119d\u0105 mogli uwieczni\u0107 niesamowite dioramy, [&hellip;]<\/p>\n","protected":false},"author":9573,"featured_media":36075,"comment_status":"closed","ping_status":"closed","sticky":false,"template":"","format":"standard","meta":{"_acf_changed":false,"footnotes":""},"categories":[14],"tags":[59,9708],"pyr_topics":[9653],"class_list":["post-36077","post","type-post","status-publish","format-standard","has-post-thumbnail","hentry","category-program-en","tag-guests","tag-pyrkon2024-2","pyr_topics-lego-fans-zone"],"acf":[],"yoast_head":"<!-- This site is optimized with the Yoast SEO Premium plugin v25.9 (Yoast SEO v25.9) - https:\/\/yoast.com\/wordpress\/plugins\/seo\/ -->\n<title>At the LEGO Fan Zone with a camera! Sandra Recka wishes to invite you to the photo corner &#8902; Pyrkon Fantastyczne Miejsce Spotka\u0144<\/title>\n<meta name=\"description\" content=\"At the Lego Fan Zone, both amateurs and professionals will be able to immortalize amazing dioramas, all under the guidance of Sandra Recka.\" \/>\n<meta name=\"robots\" content=\"index, follow, max-snippet:-1, max-image-preview:large, max-video-preview:-1\" \/>\n<link rel=\"canonical\" href=\"https:\/\/pyrkon.pl\/en\/program-en\/at-the-lego-fan-zone-with-a-camera-sandra-recka-wishes-to-invite-you-to-the-photo-corner\/\" \/>\n<meta property=\"og:locale\" content=\"en_US\" \/>\n<meta property=\"og:type\" content=\"article\" \/>\n<meta property=\"og:title\" content=\"At the LEGO Fan Zone with a camera! Sandra Recka wishes to invite you to the photo corner\" \/>\n<meta property=\"og:description\" content=\"At the Lego Fan Zone, both amateurs and professionals will be able to immortalize amazing dioramas, all under the guidance of Sandra Recka.\" \/>\n<meta property=\"og:url\" content=\"https:\/\/pyrkon.pl\/en\/program-en\/at-the-lego-fan-zone-with-a-camera-sandra-recka-wishes-to-invite-you-to-the-photo-corner\/\" \/>\n<meta property=\"og:site_name\" content=\"Pyrkon Fantastyczne Miejsce Spotka\u0144\" \/>\n<meta property=\"article:publisher\" content=\"https:\/\/www.facebook.com\/Pyrkon\" \/>\n<meta property=\"article:published_time\" content=\"2024-03-10T13:00:00+00:00\" \/>\n<meta property=\"og:image\" content=\"https:\/\/pyrkon.pl\/wp-content\/uploads\/2024\/01\/Sandra-Recka_900x505.png\" \/>\n\t<meta property=\"og:image:width\" content=\"900\" \/>\n\t<meta property=\"og:image:height\" content=\"505\" \/>\n\t<meta property=\"og:image:type\" content=\"image\/png\" \/>\n<meta name=\"author\" content=\"Agnieszka Muczke\" \/>\n<meta name=\"twitter:card\" content=\"summary_large_image\" \/>\n<meta name=\"twitter:creator\" content=\"@pyrkon\" \/>\n<meta name=\"twitter:site\" content=\"@pyrkon\" \/>\n<meta name=\"twitter:label1\" content=\"Written by\" \/>\n\t<meta name=\"twitter:data1\" content=\"Agnieszka Muczke\" \/>\n\t<meta name=\"twitter:label2\" content=\"Est. reading time\" \/>\n\t<meta name=\"twitter:data2\" content=\"3 minutes\" \/>\n<script type=\"application\/ld+json\" class=\"yoast-schema-graph\">{\"@context\":\"https:\/\/schema.org\",\"@graph\":[{\"@type\":\"Article\",\"@id\":\"https:\/\/pyrkon.pl\/en\/program-en\/at-the-lego-fan-zone-with-a-camera-sandra-recka-wishes-to-invite-you-to-the-photo-corner\/#article\",\"isPartOf\":{\"@id\":\"https:\/\/pyrkon.pl\/en\/program-en\/at-the-lego-fan-zone-with-a-camera-sandra-recka-wishes-to-invite-you-to-the-photo-corner\/\"},\"author\":{\"name\":\"Agnieszka Muczke\",\"@id\":\"https:\/\/pyrkon.pl\/#\/schema\/person\/bfe5247f993686f5f37a6f1087a45449\"},\"headline\":\"At the LEGO Fan Zone with a camera! Sandra Recka wishes to invite you to the photo corner\",\"datePublished\":\"2024-03-10T13:00:00+00:00\",\"mainEntityOfPage\":{\"@id\":\"https:\/\/pyrkon.pl\/en\/program-en\/at-the-lego-fan-zone-with-a-camera-sandra-recka-wishes-to-invite-you-to-the-photo-corner\/\"},\"wordCount\":496,\"publisher\":{\"@id\":\"https:\/\/pyrkon.pl\/#organization\"},\"image\":{\"@id\":\"https:\/\/pyrkon.pl\/en\/program-en\/at-the-lego-fan-zone-with-a-camera-sandra-recka-wishes-to-invite-you-to-the-photo-corner\/#primaryimage\"},\"thumbnailUrl\":\"https:\/\/pyrkon.pl\/wp-content\/uploads\/2024\/01\/Sandra-Recka_900x505.png\",\"keywords\":[\"guests\",\"pyrkon2024\"],\"articleSection\":[\"Program\"],\"inLanguage\":\"en-US\"},{\"@type\":\"WebPage\",\"@id\":\"https:\/\/pyrkon.pl\/en\/program-en\/at-the-lego-fan-zone-with-a-camera-sandra-recka-wishes-to-invite-you-to-the-photo-corner\/\",\"url\":\"https:\/\/pyrkon.pl\/en\/program-en\/at-the-lego-fan-zone-with-a-camera-sandra-recka-wishes-to-invite-you-to-the-photo-corner\/\",\"name\":\"At the LEGO Fan Zone with a camera! Sandra Recka wishes to invite you to the photo corner &#8902; Pyrkon Fantastyczne Miejsce Spotka\u0144\",\"isPartOf\":{\"@id\":\"https:\/\/pyrkon.pl\/#website\"},\"primaryImageOfPage\":{\"@id\":\"https:\/\/pyrkon.pl\/en\/program-en\/at-the-lego-fan-zone-with-a-camera-sandra-recka-wishes-to-invite-you-to-the-photo-corner\/#primaryimage\"},\"image\":{\"@id\":\"https:\/\/pyrkon.pl\/en\/program-en\/at-the-lego-fan-zone-with-a-camera-sandra-recka-wishes-to-invite-you-to-the-photo-corner\/#primaryimage\"},\"thumbnailUrl\":\"https:\/\/pyrkon.pl\/wp-content\/uploads\/2024\/01\/Sandra-Recka_900x505.png\",\"datePublished\":\"2024-03-10T13:00:00+00:00\",\"description\":\"At the Lego Fan Zone, both amateurs and professionals will be able to immortalize amazing dioramas, all under the guidance of Sandra Recka.\",\"breadcrumb\":{\"@id\":\"https:\/\/pyrkon.pl\/en\/program-en\/at-the-lego-fan-zone-with-a-camera-sandra-recka-wishes-to-invite-you-to-the-photo-corner\/#breadcrumb\"},\"inLanguage\":\"en-US\",\"potentialAction\":[{\"@type\":\"ReadAction\",\"target\":[\"https:\/\/pyrkon.pl\/en\/program-en\/at-the-lego-fan-zone-with-a-camera-sandra-recka-wishes-to-invite-you-to-the-photo-corner\/\"]}]},{\"@type\":\"ImageObject\",\"inLanguage\":\"en-US\",\"@id\":\"https:\/\/pyrkon.pl\/en\/program-en\/at-the-lego-fan-zone-with-a-camera-sandra-recka-wishes-to-invite-you-to-the-photo-corner\/#primaryimage\",\"url\":\"https:\/\/pyrkon.pl\/wp-content\/uploads\/2024\/01\/Sandra-Recka_900x505.png\",\"contentUrl\":\"https:\/\/pyrkon.pl\/wp-content\/uploads\/2024\/01\/Sandra-Recka_900x505.png\",\"width\":900,\"height\":505},{\"@type\":\"BreadcrumbList\",\"@id\":\"https:\/\/pyrkon.pl\/en\/program-en\/at-the-lego-fan-zone-with-a-camera-sandra-recka-wishes-to-invite-you-to-the-photo-corner\/#breadcrumb\",\"itemListElement\":[{\"@type\":\"ListItem\",\"position\":1,\"name\":\"Strona g\u0142\u00f3wna\",\"item\":\"https:\/\/pyrkon.pl\/en\/\"},{\"@type\":\"ListItem\",\"position\":2,\"name\":\"Program\",\"item\":\"https:\/\/pyrkon.pl\/category\/program\/\"},{\"@type\":\"ListItem\",\"position\":3,\"name\":\"At the LEGO Fan Zone with a camera! Sandra Recka wishes to invite you to the photo corner\"}]},{\"@type\":\"WebSite\",\"@id\":\"https:\/\/pyrkon.pl\/#website\",\"url\":\"https:\/\/pyrkon.pl\/\",\"name\":\"Pyrkon Fantastyczne Miejsce Spotka\u0144\",\"description\":\"Festiwal Fantastyki\",\"publisher\":{\"@id\":\"https:\/\/pyrkon.pl\/#organization\"},\"potentialAction\":[{\"@type\":\"SearchAction\",\"target\":{\"@type\":\"EntryPoint\",\"urlTemplate\":\"https:\/\/pyrkon.pl\/?s={search_term_string}\"},\"query-input\":{\"@type\":\"PropertyValueSpecification\",\"valueRequired\":true,\"valueName\":\"search_term_string\"}}],\"inLanguage\":\"en-US\"},{\"@type\":\"Organization\",\"@id\":\"https:\/\/pyrkon.pl\/#organization\",\"name\":\"Pyrkon Fantastyczne Miejsce Spotka\u0144\",\"url\":\"https:\/\/pyrkon.pl\/\",\"logo\":{\"@type\":\"ImageObject\",\"inLanguage\":\"en-US\",\"@id\":\"https:\/\/pyrkon.pl\/#\/schema\/logo\/image\/\",\"url\":\"https:\/\/pyrkon.pl\/wp-content\/uploads\/2018\/02\/Festiwal_Fantastyki_Pyrkon_logo_Black_CMYK.jpg\",\"contentUrl\":\"https:\/\/pyrkon.pl\/wp-content\/uploads\/2018\/02\/Festiwal_Fantastyki_Pyrkon_logo_Black_CMYK.jpg\",\"width\":1300,\"height\":401,\"caption\":\"Pyrkon Fantastyczne Miejsce Spotka\u0144\"},\"image\":{\"@id\":\"https:\/\/pyrkon.pl\/#\/schema\/logo\/image\/\"},\"sameAs\":[\"https:\/\/www.facebook.com\/Pyrkon\",\"https:\/\/x.com\/pyrkon\",\"https:\/\/www.instagram.com\/pyrkon\/\",\"https:\/\/www.youtube.com\/user\/FestiwalPyrkon\"]},{\"@type\":\"Person\",\"@id\":\"https:\/\/pyrkon.pl\/#\/schema\/person\/bfe5247f993686f5f37a6f1087a45449\",\"name\":\"Agnieszka Muczke\",\"image\":{\"@type\":\"ImageObject\",\"inLanguage\":\"en-US\",\"@id\":\"https:\/\/pyrkon.pl\/#\/schema\/person\/image\/\",\"url\":\"https:\/\/secure.gravatar.com\/avatar\/fde42f4e801b20b6b325ddb11a1fa1bcbdc16584cc6ccd39da0f3ae638be6d93?s=96&d=mm&r=g\",\"contentUrl\":\"https:\/\/secure.gravatar.com\/avatar\/fde42f4e801b20b6b325ddb11a1fa1bcbdc16584cc6ccd39da0f3ae638be6d93?s=96&d=mm&r=g\",\"caption\":\"Agnieszka Muczke\"},\"description\":\"W dzie\u0144 social media manager i organizatorka event\u00f3w fanowskich, w nocy cosplayerka. Cosplayem zajmuje si\u0119 od 2016 roku i na koncie ma ponad 100 r\u00f3\u017cnych cosplay'i oraz niewiele mniej sesji zdj\u0119ciowych. Jej ulubion\u0105 cz\u0119\u015bci\u0105 ka\u017cdego projektu jest pozowanie przed kamer\u0105 i tworzenie kontentu, kt\u00f3ry w nast\u0119pstwie udost\u0119pnia na swoich Social Mediach. Tutaj pisze i dzieli si\u0119 swoj\u0105 wiedz\u0105 na temat gier, mangi i anime.\",\"gender\":\"Kobieta\",\"knowsLanguage\":[\"Angielski\",\"Polski\"],\"url\":\"https:\/\/pyrkon.pl\/en\/author\/keicho\/\"}]}<\/script>\n<!-- \/ Yoast SEO Premium plugin. -->","yoast_head_json":{"title":"At the LEGO Fan Zone with a camera! Sandra Recka wishes to invite you to the photo corner &#8902; Pyrkon Fantastyczne Miejsce Spotka\u0144","description":"At the Lego Fan Zone, both amateurs and professionals will be able to immortalize amazing dioramas, all under the guidance of Sandra Recka.","robots":{"index":"index","follow":"follow","max-snippet":"max-snippet:-1","max-image-preview":"max-image-preview:large","max-video-preview":"max-video-preview:-1"},"canonical":"https:\/\/pyrkon.pl\/en\/program-en\/at-the-lego-fan-zone-with-a-camera-sandra-recka-wishes-to-invite-you-to-the-photo-corner\/","og_locale":"en_US","og_type":"article","og_title":"At the LEGO Fan Zone with a camera! Sandra Recka wishes to invite you to the photo corner","og_description":"At the Lego Fan Zone, both amateurs and professionals will be able to immortalize amazing dioramas, all under the guidance of Sandra Recka.","og_url":"https:\/\/pyrkon.pl\/en\/program-en\/at-the-lego-fan-zone-with-a-camera-sandra-recka-wishes-to-invite-you-to-the-photo-corner\/","og_site_name":"Pyrkon Fantastyczne Miejsce Spotka\u0144","article_publisher":"https:\/\/www.facebook.com\/Pyrkon","article_published_time":"2024-03-10T13:00:00+00:00","og_image":[{"width":900,"height":505,"url":"https:\/\/pyrkon.pl\/wp-content\/uploads\/2024\/01\/Sandra-Recka_900x505.png","type":"image\/png"}],"author":"Agnieszka Muczke","twitter_card":"summary_large_image","twitter_creator":"@pyrkon","twitter_site":"@pyrkon","twitter_misc":{"Written by":"Agnieszka Muczke","Est. reading time":"3 minutes"},"schema":{"@context":"https:\/\/schema.org","@graph":[{"@type":"Article","@id":"https:\/\/pyrkon.pl\/en\/program-en\/at-the-lego-fan-zone-with-a-camera-sandra-recka-wishes-to-invite-you-to-the-photo-corner\/#article","isPartOf":{"@id":"https:\/\/pyrkon.pl\/en\/program-en\/at-the-lego-fan-zone-with-a-camera-sandra-recka-wishes-to-invite-you-to-the-photo-corner\/"},"author":{"name":"Agnieszka Muczke","@id":"https:\/\/pyrkon.pl\/#\/schema\/person\/bfe5247f993686f5f37a6f1087a45449"},"headline":"At the LEGO Fan Zone with a camera! Sandra Recka wishes to invite you to the photo corner","datePublished":"2024-03-10T13:00:00+00:00","mainEntityOfPage":{"@id":"https:\/\/pyrkon.pl\/en\/program-en\/at-the-lego-fan-zone-with-a-camera-sandra-recka-wishes-to-invite-you-to-the-photo-corner\/"},"wordCount":496,"publisher":{"@id":"https:\/\/pyrkon.pl\/#organization"},"image":{"@id":"https:\/\/pyrkon.pl\/en\/program-en\/at-the-lego-fan-zone-with-a-camera-sandra-recka-wishes-to-invite-you-to-the-photo-corner\/#primaryimage"},"thumbnailUrl":"https:\/\/pyrkon.pl\/wp-content\/uploads\/2024\/01\/Sandra-Recka_900x505.png","keywords":["guests","pyrkon2024"],"articleSection":["Program"],"inLanguage":"en-US"},{"@type":"WebPage","@id":"https:\/\/pyrkon.pl\/en\/program-en\/at-the-lego-fan-zone-with-a-camera-sandra-recka-wishes-to-invite-you-to-the-photo-corner\/","url":"https:\/\/pyrkon.pl\/en\/program-en\/at-the-lego-fan-zone-with-a-camera-sandra-recka-wishes-to-invite-you-to-the-photo-corner\/","name":"At the LEGO Fan Zone with a camera! Sandra Recka wishes to invite you to the photo corner &#8902; Pyrkon Fantastyczne Miejsce Spotka\u0144","isPartOf":{"@id":"https:\/\/pyrkon.pl\/#website"},"primaryImageOfPage":{"@id":"https:\/\/pyrkon.pl\/en\/program-en\/at-the-lego-fan-zone-with-a-camera-sandra-recka-wishes-to-invite-you-to-the-photo-corner\/#primaryimage"},"image":{"@id":"https:\/\/pyrkon.pl\/en\/program-en\/at-the-lego-fan-zone-with-a-camera-sandra-recka-wishes-to-invite-you-to-the-photo-corner\/#primaryimage"},"thumbnailUrl":"https:\/\/pyrkon.pl\/wp-content\/uploads\/2024\/01\/Sandra-Recka_900x505.png","datePublished":"2024-03-10T13:00:00+00:00","description":"At the Lego Fan Zone, both amateurs and professionals will be able to immortalize amazing dioramas, all under the guidance of Sandra Recka.","breadcrumb":{"@id":"https:\/\/pyrkon.pl\/en\/program-en\/at-the-lego-fan-zone-with-a-camera-sandra-recka-wishes-to-invite-you-to-the-photo-corner\/#breadcrumb"},"inLanguage":"en-US","potentialAction":[{"@type":"ReadAction","target":["https:\/\/pyrkon.pl\/en\/program-en\/at-the-lego-fan-zone-with-a-camera-sandra-recka-wishes-to-invite-you-to-the-photo-corner\/"]}]},{"@type":"ImageObject","inLanguage":"en-US","@id":"https:\/\/pyrkon.pl\/en\/program-en\/at-the-lego-fan-zone-with-a-camera-sandra-recka-wishes-to-invite-you-to-the-photo-corner\/#primaryimage","url":"https:\/\/pyrkon.pl\/wp-content\/uploads\/2024\/01\/Sandra-Recka_900x505.png","contentUrl":"https:\/\/pyrkon.pl\/wp-content\/uploads\/2024\/01\/Sandra-Recka_900x505.png","width":900,"height":505},{"@type":"BreadcrumbList","@id":"https:\/\/pyrkon.pl\/en\/program-en\/at-the-lego-fan-zone-with-a-camera-sandra-recka-wishes-to-invite-you-to-the-photo-corner\/#breadcrumb","itemListElement":[{"@type":"ListItem","position":1,"name":"Strona g\u0142\u00f3wna","item":"https:\/\/pyrkon.pl\/en\/"},{"@type":"ListItem","position":2,"name":"Program","item":"https:\/\/pyrkon.pl\/category\/program\/"},{"@type":"ListItem","position":3,"name":"At the LEGO Fan Zone with a camera! Sandra Recka wishes to invite you to the photo corner"}]},{"@type":"WebSite","@id":"https:\/\/pyrkon.pl\/#website","url":"https:\/\/pyrkon.pl\/","name":"Pyrkon Fantastyczne Miejsce Spotka\u0144","description":"Festiwal Fantastyki","publisher":{"@id":"https:\/\/pyrkon.pl\/#organization"},"potentialAction":[{"@type":"SearchAction","target":{"@type":"EntryPoint","urlTemplate":"https:\/\/pyrkon.pl\/?s={search_term_string}"},"query-input":{"@type":"PropertyValueSpecification","valueRequired":true,"valueName":"search_term_string"}}],"inLanguage":"en-US"},{"@type":"Organization","@id":"https:\/\/pyrkon.pl\/#organization","name":"Pyrkon Fantastyczne Miejsce Spotka\u0144","url":"https:\/\/pyrkon.pl\/","logo":{"@type":"ImageObject","inLanguage":"en-US","@id":"https:\/\/pyrkon.pl\/#\/schema\/logo\/image\/","url":"https:\/\/pyrkon.pl\/wp-content\/uploads\/2018\/02\/Festiwal_Fantastyki_Pyrkon_logo_Black_CMYK.jpg","contentUrl":"https:\/\/pyrkon.pl\/wp-content\/uploads\/2018\/02\/Festiwal_Fantastyki_Pyrkon_logo_Black_CMYK.jpg","width":1300,"height":401,"caption":"Pyrkon Fantastyczne Miejsce Spotka\u0144"},"image":{"@id":"https:\/\/pyrkon.pl\/#\/schema\/logo\/image\/"},"sameAs":["https:\/\/www.facebook.com\/Pyrkon","https:\/\/x.com\/pyrkon","https:\/\/www.instagram.com\/pyrkon\/","https:\/\/www.youtube.com\/user\/FestiwalPyrkon"]},{"@type":"Person","@id":"https:\/\/pyrkon.pl\/#\/schema\/person\/bfe5247f993686f5f37a6f1087a45449","name":"Agnieszka Muczke","image":{"@type":"ImageObject","inLanguage":"en-US","@id":"https:\/\/pyrkon.pl\/#\/schema\/person\/image\/","url":"https:\/\/secure.gravatar.com\/avatar\/fde42f4e801b20b6b325ddb11a1fa1bcbdc16584cc6ccd39da0f3ae638be6d93?s=96&d=mm&r=g","contentUrl":"https:\/\/secure.gravatar.com\/avatar\/fde42f4e801b20b6b325ddb11a1fa1bcbdc16584cc6ccd39da0f3ae638be6d93?s=96&d=mm&r=g","caption":"Agnieszka Muczke"},"description":"W dzie\u0144 social media manager i organizatorka event\u00f3w fanowskich, w nocy cosplayerka. Cosplayem zajmuje si\u0119 od 2016 roku i na koncie ma ponad 100 r\u00f3\u017cnych cosplay'i oraz niewiele mniej sesji zdj\u0119ciowych. Jej ulubion\u0105 cz\u0119\u015bci\u0105 ka\u017cdego projektu jest pozowanie przed kamer\u0105 i tworzenie kontentu, kt\u00f3ry w nast\u0119pstwie udost\u0119pnia na swoich Social Mediach. Tutaj pisze i dzieli si\u0119 swoj\u0105 wiedz\u0105 na temat gier, mangi i anime.","gender":"Kobieta","knowsLanguage":["Angielski","Polski"],"url":"https:\/\/pyrkon.pl\/en\/author\/keicho\/"}]}},"_links":{"self":[{"href":"https:\/\/pyrkon.pl\/en\/wp-json\/wp\/v2\/posts\/36077","targetHints":{"allow":["GET"]}}],"collection":[{"href":"https:\/\/pyrkon.pl\/en\/wp-json\/wp\/v2\/posts"}],"about":[{"href":"https:\/\/pyrkon.pl\/en\/wp-json\/wp\/v2\/types\/post"}],"author":[{"embeddable":true,"href":"https:\/\/pyrkon.pl\/en\/wp-json\/wp\/v2\/users\/9573"}],"replies":[{"embeddable":true,"href":"https:\/\/pyrkon.pl\/en\/wp-json\/wp\/v2\/comments?post=36077"}],"version-history":[{"count":4,"href":"https:\/\/pyrkon.pl\/en\/wp-json\/wp\/v2\/posts\/36077\/revisions"}],"predecessor-version":[{"id":36357,"href":"https:\/\/pyrkon.pl\/en\/wp-json\/wp\/v2\/posts\/36077\/revisions\/36357"}],"wp:featuredmedia":[{"embeddable":true,"href":"https:\/\/pyrkon.pl\/en\/wp-json\/wp\/v2\/media\/36075"}],"wp:attachment":[{"href":"https:\/\/pyrkon.pl\/en\/wp-json\/wp\/v2\/media?parent=36077"}],"wp:term":[{"taxonomy":"category","embeddable":true,"href":"https:\/\/pyrkon.pl\/en\/wp-json\/wp\/v2\/categories?post=36077"},{"taxonomy":"post_tag","embeddable":true,"href":"https:\/\/pyrkon.pl\/en\/wp-json\/wp\/v2\/tags?post=36077"},{"taxonomy":"pyr_topics","embeddable":true,"href":"https:\/\/pyrkon.pl\/en\/wp-json\/wp\/v2\/pyr_topics?post=36077"}],"curies":[{"name":"wp","href":"https:\/\/api.w.org\/{rel}","templated":true}]}}