{"id":37607,"date":"2024-03-14T16:20:00","date_gmt":"2024-03-14T15:20:00","guid":{"rendered":"https:\/\/pyrkon.pl\/?p=37607"},"modified":"2024-03-14T15:53:24","modified_gmt":"2024-03-14T14:53:24","slug":"get-ready-for-a-concert-by-the-all-fine-choir-on-the-outdoor-stage","status":"publish","type":"post","link":"https:\/\/pyrkon.pl\/en\/program-en\/get-ready-for-a-concert-by-the-all-fine-choir-on-the-outdoor-stage\/","title":{"rendered":"Get ready for a concert by the All Fine choir on the Outdoor Stage"},"content":{"rendered":"\n<p>Do you remember the moments when the sounds of music speak to the heart more powerfully than words? Soon on the Outdoor Stage during Pyrkon you will have the pleasure of experiencing this wonderful feeling, where harmonies move not only the soul! Let your friends and family know, sit back and get to know another amazing group that will showcase their skills at this year&#8217;s Convention &#8211; the All Fine Choir!<\/p>\n\n\n\n<!--more-->\n\n\n\n<figure class=\"wp-block-image size-large\"><img loading=\"lazy\" decoding=\"async\" width=\"1330\" height=\"887\" src=\"https:\/\/pyrkon.pl\/wp-content\/uploads\/2024\/03\/Pedagodzy-absolwenci-i-ich-chory-fot-Bartosz-Seifert-32-1330x887.jpg\" alt=\"\" class=\"wp-image-37598\" srcset=\"https:\/\/pyrkon.pl\/wp-content\/uploads\/2024\/03\/Pedagodzy-absolwenci-i-ich-chory-fot-Bartosz-Seifert-32-1330x887.jpg 1330w, https:\/\/pyrkon.pl\/wp-content\/uploads\/2024\/03\/Pedagodzy-absolwenci-i-ich-chory-fot-Bartosz-Seifert-32-300x200.jpg 300w, https:\/\/pyrkon.pl\/wp-content\/uploads\/2024\/03\/Pedagodzy-absolwenci-i-ich-chory-fot-Bartosz-Seifert-32-768x512.jpg 768w, https:\/\/pyrkon.pl\/wp-content\/uploads\/2024\/03\/Pedagodzy-absolwenci-i-ich-chory-fot-Bartosz-Seifert-32-1536x1024.jpg 1536w, https:\/\/pyrkon.pl\/wp-content\/uploads\/2024\/03\/Pedagodzy-absolwenci-i-ich-chory-fot-Bartosz-Seifert-32.jpg 1920w\" sizes=\"auto, (max-width: 1330px) 100vw, 1330px\" \/><\/figure>\n\n\n\n<div style=\"height:50px\" aria-hidden=\"true\" class=\"wp-block-spacer\"><\/div>\n\n\n\n<h2 class=\"wp-block-heading\" id=\"h-the-flourishing-of-passion-within-the-art-of-singing-who-are-the-artists-in-the-ensemble\">The flourishing of passion within the art of singing. Who are the artists in the ensemble?<\/h2>\n\n\n\n<p>The All Fine Choir is a group of talented young people brought together by their love of choral music. The ensemble brings together graduates of various music schools in Pozna\u0144, and is led by conductor Laura Stieler. She is the one who not only directs the musical vibes, but also ensures a friendly atmosphere of support and inspiration, where passion for singing blooms like spring flowers.<\/p>\n\n\n\n<p>The ensemble\u2019s name &#8220;All Fine&#8221; is not an accidental choice &#8211; it is a wordplay from Italian, or more precisely Italian musical terms, where &#8220;al fine&#8221; means &#8220;to play to the end&#8221;.<\/p>\n\n\n\n<h2 class=\"wp-block-heading\" id=\"h-wandering-the-paths-of-success\">Wandering the paths of success<\/h2>\n\n\n\n<p>The choir has had several successes that will impress many a music lover. Winning the Gold Diploma and the Golden Angel Statue at the 11th Krakow Festival of Advent and Christmas Songs or the Gold Diploma and Medal at the 11th Gdansk International Choral Festival are just some of the awards they have won recently.<\/p>\n\n\n\n<h2 class=\"wp-block-heading\" id=\"h-not-just-the-classics\">Not just the classics<\/h2>\n\n\n\n<p>If you think that the repertoire of the All Fine Choir is only church classics, you are sorely mistaken. They also sing pop songs and perform film music and during the Pyrkon madness you will hear songs from works such as &#8220;My Neighbor Totoro,&#8221; &#8220;Spirited Away&#8221; and &#8220;Elfen Lied&#8221; performed by them.<\/p>\n\n\n\n<p>However, this is not all that the ensemble has prepared for you. There are many more surprises coming your way. In any case &#8211; come to the concert and see for yourself!<\/p>\n","protected":false},"excerpt":{"rendered":"<p>Do you remember the moments when the sounds of music speak to the heart more powerfully than words? Soon on the Outdoor Stage during Pyrkon you will have the pleasure of experiencing this wonderful feeling, where harmonies move not only the soul! Let your friends and family know, sit back and get to know another [&hellip;]<\/p>\n","protected":false},"author":9573,"featured_media":37610,"comment_status":"closed","ping_status":"closed","sticky":false,"template":"","format":"standard","meta":{"_acf_changed":false,"footnotes":""},"categories":[14],"tags":[],"pyr_topics":[9712],"class_list":["post-37607","post","type-post","status-publish","format-standard","has-post-thumbnail","hentry","category-program-en","pyr_topics-concerts"],"acf":[],"yoast_head":"<!-- This site is optimized with the Yoast SEO Premium plugin v25.9 (Yoast SEO v25.9) - https:\/\/yoast.com\/wordpress\/plugins\/seo\/ -->\n<title>Get ready for a concert by the All Fine choir on the Outdoor Stage &#8902; Pyrkon Fantastyczne Miejsce Spotka\u0144<\/title>\n<meta name=\"robots\" content=\"index, follow, max-snippet:-1, max-image-preview:large, max-video-preview:-1\" \/>\n<link rel=\"canonical\" href=\"https:\/\/pyrkon.pl\/en\/program-en\/get-ready-for-a-concert-by-the-all-fine-choir-on-the-outdoor-stage\/\" \/>\n<meta property=\"og:locale\" content=\"en_US\" \/>\n<meta property=\"og:type\" content=\"article\" \/>\n<meta property=\"og:title\" content=\"Get ready for a concert by the All Fine choir on the Outdoor Stage\" \/>\n<meta property=\"og:description\" content=\"Do you remember the moments when the sounds of music speak to the heart more powerfully than words? Soon on the Outdoor Stage during Pyrkon you will have the pleasure of experiencing this wonderful feeling, where harmonies move not only the soul! Let your friends and family know, sit back and get to know another [&hellip;]\" \/>\n<meta property=\"og:url\" content=\"https:\/\/pyrkon.pl\/en\/program-en\/get-ready-for-a-concert-by-the-all-fine-choir-on-the-outdoor-stage\/\" \/>\n<meta property=\"og:site_name\" content=\"Pyrkon Fantastyczne Miejsce Spotka\u0144\" \/>\n<meta property=\"article:publisher\" content=\"https:\/\/www.facebook.com\/Pyrkon\" \/>\n<meta property=\"article:published_time\" content=\"2024-03-14T15:20:00+00:00\" \/>\n<meta property=\"og:image\" content=\"https:\/\/pyrkon.pl\/wp-content\/uploads\/2024\/03\/Podnaglowek-1.png\" \/>\n\t<meta property=\"og:image:width\" content=\"900\" \/>\n\t<meta property=\"og:image:height\" content=\"505\" \/>\n\t<meta property=\"og:image:type\" content=\"image\/png\" \/>\n<meta name=\"author\" content=\"Agnieszka Muczke\" \/>\n<meta name=\"twitter:card\" content=\"summary_large_image\" \/>\n<meta name=\"twitter:creator\" content=\"@pyrkon\" \/>\n<meta name=\"twitter:site\" content=\"@pyrkon\" \/>\n<meta name=\"twitter:label1\" content=\"Written by\" \/>\n\t<meta name=\"twitter:data1\" content=\"Agnieszka Muczke\" \/>\n\t<meta name=\"twitter:label2\" content=\"Est. reading time\" \/>\n\t<meta name=\"twitter:data2\" content=\"3 minutes\" \/>\n<script type=\"application\/ld+json\" class=\"yoast-schema-graph\">{\"@context\":\"https:\/\/schema.org\",\"@graph\":[{\"@type\":\"Article\",\"@id\":\"https:\/\/pyrkon.pl\/en\/program-en\/get-ready-for-a-concert-by-the-all-fine-choir-on-the-outdoor-stage\/#article\",\"isPartOf\":{\"@id\":\"https:\/\/pyrkon.pl\/en\/program-en\/get-ready-for-a-concert-by-the-all-fine-choir-on-the-outdoor-stage\/\"},\"author\":{\"name\":\"Agnieszka Muczke\",\"@id\":\"https:\/\/pyrkon.pl\/#\/schema\/person\/bfe5247f993686f5f37a6f1087a45449\"},\"headline\":\"Get ready for a concert by the All Fine choir on the Outdoor Stage\",\"datePublished\":\"2024-03-14T15:20:00+00:00\",\"mainEntityOfPage\":{\"@id\":\"https:\/\/pyrkon.pl\/en\/program-en\/get-ready-for-a-concert-by-the-all-fine-choir-on-the-outdoor-stage\/\"},\"wordCount\":349,\"publisher\":{\"@id\":\"https:\/\/pyrkon.pl\/#organization\"},\"image\":{\"@id\":\"https:\/\/pyrkon.pl\/en\/program-en\/get-ready-for-a-concert-by-the-all-fine-choir-on-the-outdoor-stage\/#primaryimage\"},\"thumbnailUrl\":\"https:\/\/pyrkon.pl\/wp-content\/uploads\/2024\/03\/Podnaglowek-1.png\",\"articleSection\":[\"Program\"],\"inLanguage\":\"en-US\"},{\"@type\":\"WebPage\",\"@id\":\"https:\/\/pyrkon.pl\/en\/program-en\/get-ready-for-a-concert-by-the-all-fine-choir-on-the-outdoor-stage\/\",\"url\":\"https:\/\/pyrkon.pl\/en\/program-en\/get-ready-for-a-concert-by-the-all-fine-choir-on-the-outdoor-stage\/\",\"name\":\"Get ready for a concert by the All Fine choir on the Outdoor Stage &#8902; Pyrkon Fantastyczne Miejsce Spotka\u0144\",\"isPartOf\":{\"@id\":\"https:\/\/pyrkon.pl\/#website\"},\"primaryImageOfPage\":{\"@id\":\"https:\/\/pyrkon.pl\/en\/program-en\/get-ready-for-a-concert-by-the-all-fine-choir-on-the-outdoor-stage\/#primaryimage\"},\"image\":{\"@id\":\"https:\/\/pyrkon.pl\/en\/program-en\/get-ready-for-a-concert-by-the-all-fine-choir-on-the-outdoor-stage\/#primaryimage\"},\"thumbnailUrl\":\"https:\/\/pyrkon.pl\/wp-content\/uploads\/2024\/03\/Podnaglowek-1.png\",\"datePublished\":\"2024-03-14T15:20:00+00:00\",\"breadcrumb\":{\"@id\":\"https:\/\/pyrkon.pl\/en\/program-en\/get-ready-for-a-concert-by-the-all-fine-choir-on-the-outdoor-stage\/#breadcrumb\"},\"inLanguage\":\"en-US\",\"potentialAction\":[{\"@type\":\"ReadAction\",\"target\":[\"https:\/\/pyrkon.pl\/en\/program-en\/get-ready-for-a-concert-by-the-all-fine-choir-on-the-outdoor-stage\/\"]}]},{\"@type\":\"ImageObject\",\"inLanguage\":\"en-US\",\"@id\":\"https:\/\/pyrkon.pl\/en\/program-en\/get-ready-for-a-concert-by-the-all-fine-choir-on-the-outdoor-stage\/#primaryimage\",\"url\":\"https:\/\/pyrkon.pl\/wp-content\/uploads\/2024\/03\/Podnaglowek-1.png\",\"contentUrl\":\"https:\/\/pyrkon.pl\/wp-content\/uploads\/2024\/03\/Podnaglowek-1.png\",\"width\":900,\"height\":505},{\"@type\":\"BreadcrumbList\",\"@id\":\"https:\/\/pyrkon.pl\/en\/program-en\/get-ready-for-a-concert-by-the-all-fine-choir-on-the-outdoor-stage\/#breadcrumb\",\"itemListElement\":[{\"@type\":\"ListItem\",\"position\":1,\"name\":\"Strona g\u0142\u00f3wna\",\"item\":\"https:\/\/pyrkon.pl\/en\/\"},{\"@type\":\"ListItem\",\"position\":2,\"name\":\"Program\",\"item\":\"https:\/\/pyrkon.pl\/category\/program\/\"},{\"@type\":\"ListItem\",\"position\":3,\"name\":\"Get ready for a concert by the All Fine choir on the Outdoor Stage\"}]},{\"@type\":\"WebSite\",\"@id\":\"https:\/\/pyrkon.pl\/#website\",\"url\":\"https:\/\/pyrkon.pl\/\",\"name\":\"Pyrkon Fantastyczne Miejsce Spotka\u0144\",\"description\":\"Festiwal Fantastyki\",\"publisher\":{\"@id\":\"https:\/\/pyrkon.pl\/#organization\"},\"potentialAction\":[{\"@type\":\"SearchAction\",\"target\":{\"@type\":\"EntryPoint\",\"urlTemplate\":\"https:\/\/pyrkon.pl\/?s={search_term_string}\"},\"query-input\":{\"@type\":\"PropertyValueSpecification\",\"valueRequired\":true,\"valueName\":\"search_term_string\"}}],\"inLanguage\":\"en-US\"},{\"@type\":\"Organization\",\"@id\":\"https:\/\/pyrkon.pl\/#organization\",\"name\":\"Pyrkon Fantastyczne Miejsce Spotka\u0144\",\"url\":\"https:\/\/pyrkon.pl\/\",\"logo\":{\"@type\":\"ImageObject\",\"inLanguage\":\"en-US\",\"@id\":\"https:\/\/pyrkon.pl\/#\/schema\/logo\/image\/\",\"url\":\"https:\/\/pyrkon.pl\/wp-content\/uploads\/2018\/02\/Festiwal_Fantastyki_Pyrkon_logo_Black_CMYK.jpg\",\"contentUrl\":\"https:\/\/pyrkon.pl\/wp-content\/uploads\/2018\/02\/Festiwal_Fantastyki_Pyrkon_logo_Black_CMYK.jpg\",\"width\":1300,\"height\":401,\"caption\":\"Pyrkon Fantastyczne Miejsce Spotka\u0144\"},\"image\":{\"@id\":\"https:\/\/pyrkon.pl\/#\/schema\/logo\/image\/\"},\"sameAs\":[\"https:\/\/www.facebook.com\/Pyrkon\",\"https:\/\/x.com\/pyrkon\",\"https:\/\/www.instagram.com\/pyrkon\/\",\"https:\/\/www.youtube.com\/user\/FestiwalPyrkon\"]},{\"@type\":\"Person\",\"@id\":\"https:\/\/pyrkon.pl\/#\/schema\/person\/bfe5247f993686f5f37a6f1087a45449\",\"name\":\"Agnieszka Muczke\",\"image\":{\"@type\":\"ImageObject\",\"inLanguage\":\"en-US\",\"@id\":\"https:\/\/pyrkon.pl\/#\/schema\/person\/image\/\",\"url\":\"https:\/\/secure.gravatar.com\/avatar\/fde42f4e801b20b6b325ddb11a1fa1bcbdc16584cc6ccd39da0f3ae638be6d93?s=96&d=mm&r=g\",\"contentUrl\":\"https:\/\/secure.gravatar.com\/avatar\/fde42f4e801b20b6b325ddb11a1fa1bcbdc16584cc6ccd39da0f3ae638be6d93?s=96&d=mm&r=g\",\"caption\":\"Agnieszka Muczke\"},\"description\":\"W dzie\u0144 social media manager i organizatorka event\u00f3w fanowskich, w nocy cosplayerka. Cosplayem zajmuje si\u0119 od 2016 roku i na koncie ma ponad 100 r\u00f3\u017cnych cosplay'i oraz niewiele mniej sesji zdj\u0119ciowych. Jej ulubion\u0105 cz\u0119\u015bci\u0105 ka\u017cdego projektu jest pozowanie przed kamer\u0105 i tworzenie kontentu, kt\u00f3ry w nast\u0119pstwie udost\u0119pnia na swoich Social Mediach. Tutaj pisze i dzieli si\u0119 swoj\u0105 wiedz\u0105 na temat gier, mangi i anime.\",\"gender\":\"Kobieta\",\"knowsLanguage\":[\"Angielski\",\"Polski\"],\"url\":\"https:\/\/pyrkon.pl\/en\/author\/keicho\/\"}]}<\/script>\n<!-- \/ Yoast SEO Premium plugin. -->","yoast_head_json":{"title":"Get ready for a concert by the All Fine choir on the Outdoor Stage &#8902; Pyrkon Fantastyczne Miejsce Spotka\u0144","robots":{"index":"index","follow":"follow","max-snippet":"max-snippet:-1","max-image-preview":"max-image-preview:large","max-video-preview":"max-video-preview:-1"},"canonical":"https:\/\/pyrkon.pl\/en\/program-en\/get-ready-for-a-concert-by-the-all-fine-choir-on-the-outdoor-stage\/","og_locale":"en_US","og_type":"article","og_title":"Get ready for a concert by the All Fine choir on the Outdoor Stage","og_description":"Do you remember the moments when the sounds of music speak to the heart more powerfully than words? Soon on the Outdoor Stage during Pyrkon you will have the pleasure of experiencing this wonderful feeling, where harmonies move not only the soul! Let your friends and family know, sit back and get to know another [&hellip;]","og_url":"https:\/\/pyrkon.pl\/en\/program-en\/get-ready-for-a-concert-by-the-all-fine-choir-on-the-outdoor-stage\/","og_site_name":"Pyrkon Fantastyczne Miejsce Spotka\u0144","article_publisher":"https:\/\/www.facebook.com\/Pyrkon","article_published_time":"2024-03-14T15:20:00+00:00","og_image":[{"width":900,"height":505,"url":"https:\/\/pyrkon.pl\/wp-content\/uploads\/2024\/03\/Podnaglowek-1.png","type":"image\/png"}],"author":"Agnieszka Muczke","twitter_card":"summary_large_image","twitter_creator":"@pyrkon","twitter_site":"@pyrkon","twitter_misc":{"Written by":"Agnieszka Muczke","Est. reading time":"3 minutes"},"schema":{"@context":"https:\/\/schema.org","@graph":[{"@type":"Article","@id":"https:\/\/pyrkon.pl\/en\/program-en\/get-ready-for-a-concert-by-the-all-fine-choir-on-the-outdoor-stage\/#article","isPartOf":{"@id":"https:\/\/pyrkon.pl\/en\/program-en\/get-ready-for-a-concert-by-the-all-fine-choir-on-the-outdoor-stage\/"},"author":{"name":"Agnieszka Muczke","@id":"https:\/\/pyrkon.pl\/#\/schema\/person\/bfe5247f993686f5f37a6f1087a45449"},"headline":"Get ready for a concert by the All Fine choir on the Outdoor Stage","datePublished":"2024-03-14T15:20:00+00:00","mainEntityOfPage":{"@id":"https:\/\/pyrkon.pl\/en\/program-en\/get-ready-for-a-concert-by-the-all-fine-choir-on-the-outdoor-stage\/"},"wordCount":349,"publisher":{"@id":"https:\/\/pyrkon.pl\/#organization"},"image":{"@id":"https:\/\/pyrkon.pl\/en\/program-en\/get-ready-for-a-concert-by-the-all-fine-choir-on-the-outdoor-stage\/#primaryimage"},"thumbnailUrl":"https:\/\/pyrkon.pl\/wp-content\/uploads\/2024\/03\/Podnaglowek-1.png","articleSection":["Program"],"inLanguage":"en-US"},{"@type":"WebPage","@id":"https:\/\/pyrkon.pl\/en\/program-en\/get-ready-for-a-concert-by-the-all-fine-choir-on-the-outdoor-stage\/","url":"https:\/\/pyrkon.pl\/en\/program-en\/get-ready-for-a-concert-by-the-all-fine-choir-on-the-outdoor-stage\/","name":"Get ready for a concert by the All Fine choir on the Outdoor Stage &#8902; Pyrkon Fantastyczne Miejsce Spotka\u0144","isPartOf":{"@id":"https:\/\/pyrkon.pl\/#website"},"primaryImageOfPage":{"@id":"https:\/\/pyrkon.pl\/en\/program-en\/get-ready-for-a-concert-by-the-all-fine-choir-on-the-outdoor-stage\/#primaryimage"},"image":{"@id":"https:\/\/pyrkon.pl\/en\/program-en\/get-ready-for-a-concert-by-the-all-fine-choir-on-the-outdoor-stage\/#primaryimage"},"thumbnailUrl":"https:\/\/pyrkon.pl\/wp-content\/uploads\/2024\/03\/Podnaglowek-1.png","datePublished":"2024-03-14T15:20:00+00:00","breadcrumb":{"@id":"https:\/\/pyrkon.pl\/en\/program-en\/get-ready-for-a-concert-by-the-all-fine-choir-on-the-outdoor-stage\/#breadcrumb"},"inLanguage":"en-US","potentialAction":[{"@type":"ReadAction","target":["https:\/\/pyrkon.pl\/en\/program-en\/get-ready-for-a-concert-by-the-all-fine-choir-on-the-outdoor-stage\/"]}]},{"@type":"ImageObject","inLanguage":"en-US","@id":"https:\/\/pyrkon.pl\/en\/program-en\/get-ready-for-a-concert-by-the-all-fine-choir-on-the-outdoor-stage\/#primaryimage","url":"https:\/\/pyrkon.pl\/wp-content\/uploads\/2024\/03\/Podnaglowek-1.png","contentUrl":"https:\/\/pyrkon.pl\/wp-content\/uploads\/2024\/03\/Podnaglowek-1.png","width":900,"height":505},{"@type":"BreadcrumbList","@id":"https:\/\/pyrkon.pl\/en\/program-en\/get-ready-for-a-concert-by-the-all-fine-choir-on-the-outdoor-stage\/#breadcrumb","itemListElement":[{"@type":"ListItem","position":1,"name":"Strona g\u0142\u00f3wna","item":"https:\/\/pyrkon.pl\/en\/"},{"@type":"ListItem","position":2,"name":"Program","item":"https:\/\/pyrkon.pl\/category\/program\/"},{"@type":"ListItem","position":3,"name":"Get ready for a concert by the All Fine choir on the Outdoor Stage"}]},{"@type":"WebSite","@id":"https:\/\/pyrkon.pl\/#website","url":"https:\/\/pyrkon.pl\/","name":"Pyrkon Fantastyczne Miejsce Spotka\u0144","description":"Festiwal Fantastyki","publisher":{"@id":"https:\/\/pyrkon.pl\/#organization"},"potentialAction":[{"@type":"SearchAction","target":{"@type":"EntryPoint","urlTemplate":"https:\/\/pyrkon.pl\/?s={search_term_string}"},"query-input":{"@type":"PropertyValueSpecification","valueRequired":true,"valueName":"search_term_string"}}],"inLanguage":"en-US"},{"@type":"Organization","@id":"https:\/\/pyrkon.pl\/#organization","name":"Pyrkon Fantastyczne Miejsce Spotka\u0144","url":"https:\/\/pyrkon.pl\/","logo":{"@type":"ImageObject","inLanguage":"en-US","@id":"https:\/\/pyrkon.pl\/#\/schema\/logo\/image\/","url":"https:\/\/pyrkon.pl\/wp-content\/uploads\/2018\/02\/Festiwal_Fantastyki_Pyrkon_logo_Black_CMYK.jpg","contentUrl":"https:\/\/pyrkon.pl\/wp-content\/uploads\/2018\/02\/Festiwal_Fantastyki_Pyrkon_logo_Black_CMYK.jpg","width":1300,"height":401,"caption":"Pyrkon Fantastyczne Miejsce Spotka\u0144"},"image":{"@id":"https:\/\/pyrkon.pl\/#\/schema\/logo\/image\/"},"sameAs":["https:\/\/www.facebook.com\/Pyrkon","https:\/\/x.com\/pyrkon","https:\/\/www.instagram.com\/pyrkon\/","https:\/\/www.youtube.com\/user\/FestiwalPyrkon"]},{"@type":"Person","@id":"https:\/\/pyrkon.pl\/#\/schema\/person\/bfe5247f993686f5f37a6f1087a45449","name":"Agnieszka Muczke","image":{"@type":"ImageObject","inLanguage":"en-US","@id":"https:\/\/pyrkon.pl\/#\/schema\/person\/image\/","url":"https:\/\/secure.gravatar.com\/avatar\/fde42f4e801b20b6b325ddb11a1fa1bcbdc16584cc6ccd39da0f3ae638be6d93?s=96&d=mm&r=g","contentUrl":"https:\/\/secure.gravatar.com\/avatar\/fde42f4e801b20b6b325ddb11a1fa1bcbdc16584cc6ccd39da0f3ae638be6d93?s=96&d=mm&r=g","caption":"Agnieszka Muczke"},"description":"W dzie\u0144 social media manager i organizatorka event\u00f3w fanowskich, w nocy cosplayerka. Cosplayem zajmuje si\u0119 od 2016 roku i na koncie ma ponad 100 r\u00f3\u017cnych cosplay'i oraz niewiele mniej sesji zdj\u0119ciowych. Jej ulubion\u0105 cz\u0119\u015bci\u0105 ka\u017cdego projektu jest pozowanie przed kamer\u0105 i tworzenie kontentu, kt\u00f3ry w nast\u0119pstwie udost\u0119pnia na swoich Social Mediach. Tutaj pisze i dzieli si\u0119 swoj\u0105 wiedz\u0105 na temat gier, mangi i anime.","gender":"Kobieta","knowsLanguage":["Angielski","Polski"],"url":"https:\/\/pyrkon.pl\/en\/author\/keicho\/"}]}},"_links":{"self":[{"href":"https:\/\/pyrkon.pl\/en\/wp-json\/wp\/v2\/posts\/37607","targetHints":{"allow":["GET"]}}],"collection":[{"href":"https:\/\/pyrkon.pl\/en\/wp-json\/wp\/v2\/posts"}],"about":[{"href":"https:\/\/pyrkon.pl\/en\/wp-json\/wp\/v2\/types\/post"}],"author":[{"embeddable":true,"href":"https:\/\/pyrkon.pl\/en\/wp-json\/wp\/v2\/users\/9573"}],"replies":[{"embeddable":true,"href":"https:\/\/pyrkon.pl\/en\/wp-json\/wp\/v2\/comments?post=37607"}],"version-history":[{"count":1,"href":"https:\/\/pyrkon.pl\/en\/wp-json\/wp\/v2\/posts\/37607\/revisions"}],"predecessor-version":[{"id":37612,"href":"https:\/\/pyrkon.pl\/en\/wp-json\/wp\/v2\/posts\/37607\/revisions\/37612"}],"wp:featuredmedia":[{"embeddable":true,"href":"https:\/\/pyrkon.pl\/en\/wp-json\/wp\/v2\/media\/37610"}],"wp:attachment":[{"href":"https:\/\/pyrkon.pl\/en\/wp-json\/wp\/v2\/media?parent=37607"}],"wp:term":[{"taxonomy":"category","embeddable":true,"href":"https:\/\/pyrkon.pl\/en\/wp-json\/wp\/v2\/categories?post=37607"},{"taxonomy":"post_tag","embeddable":true,"href":"https:\/\/pyrkon.pl\/en\/wp-json\/wp\/v2\/tags?post=37607"},{"taxonomy":"pyr_topics","embeddable":true,"href":"https:\/\/pyrkon.pl\/en\/wp-json\/wp\/v2\/pyr_topics?post=37607"}],"curies":[{"name":"wp","href":"https:\/\/api.w.org\/{rel}","templated":true}]}}