{"id":38810,"date":"2024-05-05T13:00:00","date_gmt":"2024-05-05T11:00:00","guid":{"rendered":"https:\/\/pyrkon.pl\/?p=38810"},"modified":"2024-05-02T12:03:21","modified_gmt":"2024-05-02T10:03:21","slug":"urodziny-percivala-na-pyrkonie","status":"publish","type":"post","link":"https:\/\/pyrkon.pl\/en\/program-en\/urodziny-percivala-na-pyrkonie\/","title":{"rendered":"Percival&#8217;s birthday at Pyrkon"},"content":{"rendered":"\n<p><strong>Is there anyone in the room who has not yet heard of Percival Schuttenbach? Because we have great news for you. To keep up with tradition\u00a0 &#8211; Percival will perform at Pyrkon! And it will be no small performance, as it will mark the band&#8217;s 25th anniversary.<\/strong><\/p>\n\n\n\n<!--more-->\n\n\n\n<h2 class=\"wp-block-heading\" id=\"h-not-just-a-band\">Not just a band<\/h2>\n\n\n\n<div class=\"wp-block-media-text alignwide is-stacked-on-mobile is-image-fill\" style=\"grid-template-columns:44% auto\"><figure class=\"wp-block-media-text__media\" style=\"background-image:url(https:\/\/pyrkon.pl\/wp-content\/uploads\/2024\/05\/Oficjalne_-Zdjecie_Promo_Percival_Fot_Marcin_Somerlik002-Joanna-Dziedzic-1330x887.jpg);background-position:41% 35%\"><img loading=\"lazy\" decoding=\"async\" width=\"1330\" height=\"887\" src=\"https:\/\/pyrkon.pl\/wp-content\/uploads\/2024\/05\/Oficjalne_-Zdjecie_Promo_Percival_Fot_Marcin_Somerlik002-Joanna-Dziedzic-1330x887.jpg\" alt=\"\" class=\"wp-image-38805 size-full\" srcset=\"https:\/\/pyrkon.pl\/wp-content\/uploads\/2024\/05\/Oficjalne_-Zdjecie_Promo_Percival_Fot_Marcin_Somerlik002-Joanna-Dziedzic-1330x887.jpg 1330w, https:\/\/pyrkon.pl\/wp-content\/uploads\/2024\/05\/Oficjalne_-Zdjecie_Promo_Percival_Fot_Marcin_Somerlik002-Joanna-Dziedzic-300x200.jpg 300w, https:\/\/pyrkon.pl\/wp-content\/uploads\/2024\/05\/Oficjalne_-Zdjecie_Promo_Percival_Fot_Marcin_Somerlik002-Joanna-Dziedzic-768x512.jpg 768w, https:\/\/pyrkon.pl\/wp-content\/uploads\/2024\/05\/Oficjalne_-Zdjecie_Promo_Percival_Fot_Marcin_Somerlik002-Joanna-Dziedzic-1536x1024.jpg 1536w, https:\/\/pyrkon.pl\/wp-content\/uploads\/2024\/05\/Oficjalne_-Zdjecie_Promo_Percival_Fot_Marcin_Somerlik002-Joanna-Dziedzic-scaled.jpg 2048w\" sizes=\"auto, (max-width: 1330px) 100vw, 1330px\" \/><\/figure><div class=\"wp-block-media-text__content\">\n<p>However, if you haven&#8217;t actually heard of them, we are here to explain. Percival Schuttenbach is not just a folk-metal band, combining several musical sub-projects, but it is primarily a music business enterprise. Do you need concerts or music workshops organized and realized? You have come to the right place! Or is it about publishing and online sales? Also good!<\/p>\n<\/div><\/div>\n\n\n\n<div style=\"height:40px\" aria-hidden=\"true\" class=\"wp-block-spacer\"><\/div>\n\n\n\n<p>The bosses &#8211; the founders &#8211; are Miko\u0142aj Rybacki and Katarzyna Bromirska, a composer-producer duo that for more than 20 years has been realizing the vision of the Percival Schuttenbach group as a constantly evolving brand.<\/p>\n\n\n\n<p>And this year they are celebrating the 25th anniversary of the band\u2019s existence.<\/p>\n\n\n\n<h2 class=\"wp-block-heading\" id=\"h-25-years-in-business\">25 years in business<\/h2>\n\n\n\n<p>Where else to celebrate such an anniversary if not at Pyrkon? Percival says it&#8217;s the perfect time and place, and we agree! And of course, we have a gift for you on this occasion. This year you will have the opportunity to listen to Percival not once, but twice!<\/p>\n\n\n\n<p>The first concert will take place as early as on Friday, on the Outdoor Stage and will be open to everyone! You will hear all of Percival Schuttenbach&#8217;s hits in their best rendition then.<\/p>\n\n\n\n<p>On the other hand, on Sunday at the Earth Hall, you will hear a whole cross-section of their work, which has been featured in games, movies, TV series and even audiobooks! You will also be able to see all the band&#8217;s dimensions on one stage. And all this prepared especially for the participants of Pyrkon! A booth at the Vendors\u2019 Hall will also be at your disposal, where you can stock up on CDs or T-shirts and find a solid chunk of the band&#8217;s history.<\/p>\n\n\n\n<p>See you soon!<\/p>\n","protected":false},"excerpt":{"rendered":"<p>Is there anyone in the room who has not yet heard of Percival Schuttenbach? Because we have great news for you. To keep up with tradition\u00a0 &#8211; Percival will perform at Pyrkon! And it will be no small performance, as it will mark the band&#8217;s 25th anniversary.<\/p>\n","protected":false},"author":9595,"featured_media":38809,"comment_status":"closed","ping_status":"closed","sticky":false,"template":"","format":"standard","meta":{"_acf_changed":false,"footnotes":""},"categories":[14],"tags":[9834,57,9708],"pyr_topics":[9712],"class_list":["post-38810","post","type-post","status-publish","format-standard","has-post-thumbnail","hentry","category-program-en","tag-concert","tag-program-en-2","tag-pyrkon2024-2","pyr_topics-concerts"],"acf":[],"yoast_head":"<!-- This site is optimized with the Yoast SEO Premium plugin v25.9 (Yoast SEO v25.9) - https:\/\/yoast.com\/wordpress\/plugins\/seo\/ -->\n<title>Percival&#039;s birthday at Pyrkon &#8902; Pyrkon Fantastyczne Miejsce Spotka\u0144<\/title>\n<meta name=\"description\" content=\"\u017beby tradycji sta\u0142o si\u0119 zado\u015b\u0107 \u2013 Percival wyst\u0105pi na Pyrkonie! I b\u0119dzie to nie byle jaki wyst\u0119p, bo z okazji 25-lecia istnienia zespo\u0142u.\" \/>\n<meta name=\"robots\" content=\"index, follow, max-snippet:-1, max-image-preview:large, max-video-preview:-1\" \/>\n<link rel=\"canonical\" href=\"https:\/\/pyrkon.pl\/en\/program-en\/urodziny-percivala-na-pyrkonie\/\" \/>\n<meta property=\"og:locale\" content=\"en_US\" \/>\n<meta property=\"og:type\" content=\"article\" \/>\n<meta property=\"og:title\" content=\"Percival&#039;s birthday at Pyrkon\" \/>\n<meta property=\"og:description\" content=\"\u017beby tradycji sta\u0142o si\u0119 zado\u015b\u0107 \u2013 Percival wyst\u0105pi na Pyrkonie! I b\u0119dzie to nie byle jaki wyst\u0119p, bo z okazji 25-lecia istnienia zespo\u0142u.\" \/>\n<meta property=\"og:url\" content=\"https:\/\/pyrkon.pl\/en\/program-en\/urodziny-percivala-na-pyrkonie\/\" \/>\n<meta property=\"og:site_name\" content=\"Pyrkon Fantastyczne Miejsce Spotka\u0144\" \/>\n<meta property=\"article:publisher\" content=\"https:\/\/www.facebook.com\/Pyrkon\" \/>\n<meta property=\"article:published_time\" content=\"2024-05-05T11:00:00+00:00\" \/>\n<meta property=\"og:image\" content=\"https:\/\/pyrkon.pl\/wp-content\/uploads\/2024\/05\/Percival-miniaturka.png\" \/>\n\t<meta property=\"og:image:width\" content=\"900\" \/>\n\t<meta property=\"og:image:height\" content=\"505\" \/>\n\t<meta property=\"og:image:type\" content=\"image\/png\" \/>\n<meta name=\"author\" content=\"Natalia Wieczorek\" \/>\n<meta name=\"twitter:card\" content=\"summary_large_image\" \/>\n<meta name=\"twitter:creator\" content=\"@pyrkon\" \/>\n<meta name=\"twitter:site\" content=\"@pyrkon\" \/>\n<meta name=\"twitter:label1\" content=\"Written by\" \/>\n\t<meta name=\"twitter:data1\" content=\"Natalia Wieczorek\" \/>\n\t<meta name=\"twitter:label2\" content=\"Est. reading time\" \/>\n\t<meta name=\"twitter:data2\" content=\"3 minutes\" \/>\n<script type=\"application\/ld+json\" class=\"yoast-schema-graph\">{\"@context\":\"https:\/\/schema.org\",\"@graph\":[{\"@type\":\"Article\",\"@id\":\"https:\/\/pyrkon.pl\/en\/program-en\/urodziny-percivala-na-pyrkonie\/#article\",\"isPartOf\":{\"@id\":\"https:\/\/pyrkon.pl\/en\/program-en\/urodziny-percivala-na-pyrkonie\/\"},\"author\":{\"name\":\"Natalia Wieczorek\",\"@id\":\"https:\/\/pyrkon.pl\/#\/schema\/person\/48ffd2c9811b343280fe4fcbeceb185c\"},\"headline\":\"Percival&#8217;s birthday at Pyrkon\",\"datePublished\":\"2024-05-05T11:00:00+00:00\",\"mainEntityOfPage\":{\"@id\":\"https:\/\/pyrkon.pl\/en\/program-en\/urodziny-percivala-na-pyrkonie\/\"},\"wordCount\":346,\"publisher\":{\"@id\":\"https:\/\/pyrkon.pl\/#organization\"},\"image\":{\"@id\":\"https:\/\/pyrkon.pl\/en\/program-en\/urodziny-percivala-na-pyrkonie\/#primaryimage\"},\"thumbnailUrl\":\"https:\/\/pyrkon.pl\/wp-content\/uploads\/2024\/05\/Percival-miniaturka.png\",\"keywords\":[\"concert\",\"program\",\"pyrkon2024\"],\"articleSection\":[\"Program\"],\"inLanguage\":\"en-US\"},{\"@type\":\"WebPage\",\"@id\":\"https:\/\/pyrkon.pl\/en\/program-en\/urodziny-percivala-na-pyrkonie\/\",\"url\":\"https:\/\/pyrkon.pl\/en\/program-en\/urodziny-percivala-na-pyrkonie\/\",\"name\":\"Percival's birthday at Pyrkon &#8902; Pyrkon Fantastyczne Miejsce Spotka\u0144\",\"isPartOf\":{\"@id\":\"https:\/\/pyrkon.pl\/#website\"},\"primaryImageOfPage\":{\"@id\":\"https:\/\/pyrkon.pl\/en\/program-en\/urodziny-percivala-na-pyrkonie\/#primaryimage\"},\"image\":{\"@id\":\"https:\/\/pyrkon.pl\/en\/program-en\/urodziny-percivala-na-pyrkonie\/#primaryimage\"},\"thumbnailUrl\":\"https:\/\/pyrkon.pl\/wp-content\/uploads\/2024\/05\/Percival-miniaturka.png\",\"datePublished\":\"2024-05-05T11:00:00+00:00\",\"description\":\"\u017beby tradycji sta\u0142o si\u0119 zado\u015b\u0107 \u2013 Percival wyst\u0105pi na Pyrkonie! I b\u0119dzie to nie byle jaki wyst\u0119p, bo z okazji 25-lecia istnienia zespo\u0142u.\",\"breadcrumb\":{\"@id\":\"https:\/\/pyrkon.pl\/en\/program-en\/urodziny-percivala-na-pyrkonie\/#breadcrumb\"},\"inLanguage\":\"en-US\",\"potentialAction\":[{\"@type\":\"ReadAction\",\"target\":[\"https:\/\/pyrkon.pl\/en\/program-en\/urodziny-percivala-na-pyrkonie\/\"]}]},{\"@type\":\"ImageObject\",\"inLanguage\":\"en-US\",\"@id\":\"https:\/\/pyrkon.pl\/en\/program-en\/urodziny-percivala-na-pyrkonie\/#primaryimage\",\"url\":\"https:\/\/pyrkon.pl\/wp-content\/uploads\/2024\/05\/Percival-miniaturka.png\",\"contentUrl\":\"https:\/\/pyrkon.pl\/wp-content\/uploads\/2024\/05\/Percival-miniaturka.png\",\"width\":900,\"height\":505},{\"@type\":\"BreadcrumbList\",\"@id\":\"https:\/\/pyrkon.pl\/en\/program-en\/urodziny-percivala-na-pyrkonie\/#breadcrumb\",\"itemListElement\":[{\"@type\":\"ListItem\",\"position\":1,\"name\":\"Strona g\u0142\u00f3wna\",\"item\":\"https:\/\/pyrkon.pl\/en\/\"},{\"@type\":\"ListItem\",\"position\":2,\"name\":\"Program\",\"item\":\"https:\/\/pyrkon.pl\/category\/program\/\"},{\"@type\":\"ListItem\",\"position\":3,\"name\":\"Percival&#8217;s birthday at Pyrkon\"}]},{\"@type\":\"WebSite\",\"@id\":\"https:\/\/pyrkon.pl\/#website\",\"url\":\"https:\/\/pyrkon.pl\/\",\"name\":\"Pyrkon Fantastyczne Miejsce Spotka\u0144\",\"description\":\"Festiwal Fantastyki\",\"publisher\":{\"@id\":\"https:\/\/pyrkon.pl\/#organization\"},\"potentialAction\":[{\"@type\":\"SearchAction\",\"target\":{\"@type\":\"EntryPoint\",\"urlTemplate\":\"https:\/\/pyrkon.pl\/?s={search_term_string}\"},\"query-input\":{\"@type\":\"PropertyValueSpecification\",\"valueRequired\":true,\"valueName\":\"search_term_string\"}}],\"inLanguage\":\"en-US\"},{\"@type\":\"Organization\",\"@id\":\"https:\/\/pyrkon.pl\/#organization\",\"name\":\"Pyrkon Fantastyczne Miejsce Spotka\u0144\",\"url\":\"https:\/\/pyrkon.pl\/\",\"logo\":{\"@type\":\"ImageObject\",\"inLanguage\":\"en-US\",\"@id\":\"https:\/\/pyrkon.pl\/#\/schema\/logo\/image\/\",\"url\":\"https:\/\/pyrkon.pl\/wp-content\/uploads\/2018\/02\/Festiwal_Fantastyki_Pyrkon_logo_Black_CMYK.jpg\",\"contentUrl\":\"https:\/\/pyrkon.pl\/wp-content\/uploads\/2018\/02\/Festiwal_Fantastyki_Pyrkon_logo_Black_CMYK.jpg\",\"width\":1300,\"height\":401,\"caption\":\"Pyrkon Fantastyczne Miejsce Spotka\u0144\"},\"image\":{\"@id\":\"https:\/\/pyrkon.pl\/#\/schema\/logo\/image\/\"},\"sameAs\":[\"https:\/\/www.facebook.com\/Pyrkon\",\"https:\/\/x.com\/pyrkon\",\"https:\/\/www.instagram.com\/pyrkon\/\",\"https:\/\/www.youtube.com\/user\/FestiwalPyrkon\"]},{\"@type\":\"Person\",\"@id\":\"https:\/\/pyrkon.pl\/#\/schema\/person\/48ffd2c9811b343280fe4fcbeceb185c\",\"name\":\"Natalia Wieczorek\",\"image\":{\"@type\":\"ImageObject\",\"inLanguage\":\"en-US\",\"@id\":\"https:\/\/pyrkon.pl\/#\/schema\/person\/image\/\",\"url\":\"https:\/\/secure.gravatar.com\/avatar\/4abe3502d3f470077b22bc2f4e51b2a2662a001a48d489f8abe7fe1d62a0d729?s=96&d=mm&r=g\",\"contentUrl\":\"https:\/\/secure.gravatar.com\/avatar\/4abe3502d3f470077b22bc2f4e51b2a2662a001a48d489f8abe7fe1d62a0d729?s=96&d=mm&r=g\",\"caption\":\"Natalia Wieczorek\"},\"description\":\"Czy pr\u00f3bowali\u015bcie kiedy\u015b studiowa\u0107 j\u0119zyk, o kt\u00f3rym nikt nie ma poj\u0119cia, jecha\u0107 na poci\u0105gu d\u0142ugim na 2 km albo czyta\u0107 o bromansie Puszkina? Nie? Oh boy, let me tell you a story...\",\"url\":\"https:\/\/pyrkon.pl\/en\/author\/natalia-wieczorek\/\"}]}<\/script>\n<!-- \/ Yoast SEO Premium plugin. -->","yoast_head_json":{"title":"Percival's birthday at Pyrkon &#8902; Pyrkon Fantastyczne Miejsce Spotka\u0144","description":"\u017beby tradycji sta\u0142o si\u0119 zado\u015b\u0107 \u2013 Percival wyst\u0105pi na Pyrkonie! I b\u0119dzie to nie byle jaki wyst\u0119p, bo z okazji 25-lecia istnienia zespo\u0142u.","robots":{"index":"index","follow":"follow","max-snippet":"max-snippet:-1","max-image-preview":"max-image-preview:large","max-video-preview":"max-video-preview:-1"},"canonical":"https:\/\/pyrkon.pl\/en\/program-en\/urodziny-percivala-na-pyrkonie\/","og_locale":"en_US","og_type":"article","og_title":"Percival's birthday at Pyrkon","og_description":"\u017beby tradycji sta\u0142o si\u0119 zado\u015b\u0107 \u2013 Percival wyst\u0105pi na Pyrkonie! I b\u0119dzie to nie byle jaki wyst\u0119p, bo z okazji 25-lecia istnienia zespo\u0142u.","og_url":"https:\/\/pyrkon.pl\/en\/program-en\/urodziny-percivala-na-pyrkonie\/","og_site_name":"Pyrkon Fantastyczne Miejsce Spotka\u0144","article_publisher":"https:\/\/www.facebook.com\/Pyrkon","article_published_time":"2024-05-05T11:00:00+00:00","og_image":[{"width":900,"height":505,"url":"https:\/\/pyrkon.pl\/wp-content\/uploads\/2024\/05\/Percival-miniaturka.png","type":"image\/png"}],"author":"Natalia Wieczorek","twitter_card":"summary_large_image","twitter_creator":"@pyrkon","twitter_site":"@pyrkon","twitter_misc":{"Written by":"Natalia Wieczorek","Est. reading time":"3 minutes"},"schema":{"@context":"https:\/\/schema.org","@graph":[{"@type":"Article","@id":"https:\/\/pyrkon.pl\/en\/program-en\/urodziny-percivala-na-pyrkonie\/#article","isPartOf":{"@id":"https:\/\/pyrkon.pl\/en\/program-en\/urodziny-percivala-na-pyrkonie\/"},"author":{"name":"Natalia Wieczorek","@id":"https:\/\/pyrkon.pl\/#\/schema\/person\/48ffd2c9811b343280fe4fcbeceb185c"},"headline":"Percival&#8217;s birthday at Pyrkon","datePublished":"2024-05-05T11:00:00+00:00","mainEntityOfPage":{"@id":"https:\/\/pyrkon.pl\/en\/program-en\/urodziny-percivala-na-pyrkonie\/"},"wordCount":346,"publisher":{"@id":"https:\/\/pyrkon.pl\/#organization"},"image":{"@id":"https:\/\/pyrkon.pl\/en\/program-en\/urodziny-percivala-na-pyrkonie\/#primaryimage"},"thumbnailUrl":"https:\/\/pyrkon.pl\/wp-content\/uploads\/2024\/05\/Percival-miniaturka.png","keywords":["concert","program","pyrkon2024"],"articleSection":["Program"],"inLanguage":"en-US"},{"@type":"WebPage","@id":"https:\/\/pyrkon.pl\/en\/program-en\/urodziny-percivala-na-pyrkonie\/","url":"https:\/\/pyrkon.pl\/en\/program-en\/urodziny-percivala-na-pyrkonie\/","name":"Percival's birthday at Pyrkon &#8902; Pyrkon Fantastyczne Miejsce Spotka\u0144","isPartOf":{"@id":"https:\/\/pyrkon.pl\/#website"},"primaryImageOfPage":{"@id":"https:\/\/pyrkon.pl\/en\/program-en\/urodziny-percivala-na-pyrkonie\/#primaryimage"},"image":{"@id":"https:\/\/pyrkon.pl\/en\/program-en\/urodziny-percivala-na-pyrkonie\/#primaryimage"},"thumbnailUrl":"https:\/\/pyrkon.pl\/wp-content\/uploads\/2024\/05\/Percival-miniaturka.png","datePublished":"2024-05-05T11:00:00+00:00","description":"\u017beby tradycji sta\u0142o si\u0119 zado\u015b\u0107 \u2013 Percival wyst\u0105pi na Pyrkonie! I b\u0119dzie to nie byle jaki wyst\u0119p, bo z okazji 25-lecia istnienia zespo\u0142u.","breadcrumb":{"@id":"https:\/\/pyrkon.pl\/en\/program-en\/urodziny-percivala-na-pyrkonie\/#breadcrumb"},"inLanguage":"en-US","potentialAction":[{"@type":"ReadAction","target":["https:\/\/pyrkon.pl\/en\/program-en\/urodziny-percivala-na-pyrkonie\/"]}]},{"@type":"ImageObject","inLanguage":"en-US","@id":"https:\/\/pyrkon.pl\/en\/program-en\/urodziny-percivala-na-pyrkonie\/#primaryimage","url":"https:\/\/pyrkon.pl\/wp-content\/uploads\/2024\/05\/Percival-miniaturka.png","contentUrl":"https:\/\/pyrkon.pl\/wp-content\/uploads\/2024\/05\/Percival-miniaturka.png","width":900,"height":505},{"@type":"BreadcrumbList","@id":"https:\/\/pyrkon.pl\/en\/program-en\/urodziny-percivala-na-pyrkonie\/#breadcrumb","itemListElement":[{"@type":"ListItem","position":1,"name":"Strona g\u0142\u00f3wna","item":"https:\/\/pyrkon.pl\/en\/"},{"@type":"ListItem","position":2,"name":"Program","item":"https:\/\/pyrkon.pl\/category\/program\/"},{"@type":"ListItem","position":3,"name":"Percival&#8217;s birthday at Pyrkon"}]},{"@type":"WebSite","@id":"https:\/\/pyrkon.pl\/#website","url":"https:\/\/pyrkon.pl\/","name":"Pyrkon Fantastyczne Miejsce Spotka\u0144","description":"Festiwal Fantastyki","publisher":{"@id":"https:\/\/pyrkon.pl\/#organization"},"potentialAction":[{"@type":"SearchAction","target":{"@type":"EntryPoint","urlTemplate":"https:\/\/pyrkon.pl\/?s={search_term_string}"},"query-input":{"@type":"PropertyValueSpecification","valueRequired":true,"valueName":"search_term_string"}}],"inLanguage":"en-US"},{"@type":"Organization","@id":"https:\/\/pyrkon.pl\/#organization","name":"Pyrkon Fantastyczne Miejsce Spotka\u0144","url":"https:\/\/pyrkon.pl\/","logo":{"@type":"ImageObject","inLanguage":"en-US","@id":"https:\/\/pyrkon.pl\/#\/schema\/logo\/image\/","url":"https:\/\/pyrkon.pl\/wp-content\/uploads\/2018\/02\/Festiwal_Fantastyki_Pyrkon_logo_Black_CMYK.jpg","contentUrl":"https:\/\/pyrkon.pl\/wp-content\/uploads\/2018\/02\/Festiwal_Fantastyki_Pyrkon_logo_Black_CMYK.jpg","width":1300,"height":401,"caption":"Pyrkon Fantastyczne Miejsce Spotka\u0144"},"image":{"@id":"https:\/\/pyrkon.pl\/#\/schema\/logo\/image\/"},"sameAs":["https:\/\/www.facebook.com\/Pyrkon","https:\/\/x.com\/pyrkon","https:\/\/www.instagram.com\/pyrkon\/","https:\/\/www.youtube.com\/user\/FestiwalPyrkon"]},{"@type":"Person","@id":"https:\/\/pyrkon.pl\/#\/schema\/person\/48ffd2c9811b343280fe4fcbeceb185c","name":"Natalia Wieczorek","image":{"@type":"ImageObject","inLanguage":"en-US","@id":"https:\/\/pyrkon.pl\/#\/schema\/person\/image\/","url":"https:\/\/secure.gravatar.com\/avatar\/4abe3502d3f470077b22bc2f4e51b2a2662a001a48d489f8abe7fe1d62a0d729?s=96&d=mm&r=g","contentUrl":"https:\/\/secure.gravatar.com\/avatar\/4abe3502d3f470077b22bc2f4e51b2a2662a001a48d489f8abe7fe1d62a0d729?s=96&d=mm&r=g","caption":"Natalia Wieczorek"},"description":"Czy pr\u00f3bowali\u015bcie kiedy\u015b studiowa\u0107 j\u0119zyk, o kt\u00f3rym nikt nie ma poj\u0119cia, jecha\u0107 na poci\u0105gu d\u0142ugim na 2 km albo czyta\u0107 o bromansie Puszkina? Nie? Oh boy, let me tell you a story...","url":"https:\/\/pyrkon.pl\/en\/author\/natalia-wieczorek\/"}]}},"_links":{"self":[{"href":"https:\/\/pyrkon.pl\/en\/wp-json\/wp\/v2\/posts\/38810","targetHints":{"allow":["GET"]}}],"collection":[{"href":"https:\/\/pyrkon.pl\/en\/wp-json\/wp\/v2\/posts"}],"about":[{"href":"https:\/\/pyrkon.pl\/en\/wp-json\/wp\/v2\/types\/post"}],"author":[{"embeddable":true,"href":"https:\/\/pyrkon.pl\/en\/wp-json\/wp\/v2\/users\/9595"}],"replies":[{"embeddable":true,"href":"https:\/\/pyrkon.pl\/en\/wp-json\/wp\/v2\/comments?post=38810"}],"version-history":[{"count":4,"href":"https:\/\/pyrkon.pl\/en\/wp-json\/wp\/v2\/posts\/38810\/revisions"}],"predecessor-version":[{"id":38815,"href":"https:\/\/pyrkon.pl\/en\/wp-json\/wp\/v2\/posts\/38810\/revisions\/38815"}],"wp:featuredmedia":[{"embeddable":true,"href":"https:\/\/pyrkon.pl\/en\/wp-json\/wp\/v2\/media\/38809"}],"wp:attachment":[{"href":"https:\/\/pyrkon.pl\/en\/wp-json\/wp\/v2\/media?parent=38810"}],"wp:term":[{"taxonomy":"category","embeddable":true,"href":"https:\/\/pyrkon.pl\/en\/wp-json\/wp\/v2\/categories?post=38810"},{"taxonomy":"post_tag","embeddable":true,"href":"https:\/\/pyrkon.pl\/en\/wp-json\/wp\/v2\/tags?post=38810"},{"taxonomy":"pyr_topics","embeddable":true,"href":"https:\/\/pyrkon.pl\/en\/wp-json\/wp\/v2\/pyr_topics?post=38810"}],"curies":[{"name":"wp","href":"https:\/\/api.w.org\/{rel}","templated":true}]}}