{"id":38949,"date":"2024-05-10T12:00:00","date_gmt":"2024-05-10T10:00:00","guid":{"rendered":"https:\/\/pyrkon.pl\/?p=38949"},"modified":"2024-05-13T18:42:14","modified_gmt":"2024-05-13T16:42:14","slug":"kiedy-te-zapisy-czyli-otwieramy-rejestracje-na-program","status":"publish","type":"post","link":"https:\/\/pyrkon.pl\/en\/uncategorized\/kiedy-te-zapisy-czyli-otwieramy-rejestracje-na-program\/","title":{"rendered":"When can we start signing up? Otherwise known us we are opening registration for program events!"},"content":{"rendered":"\n<p><strong>Pyrkon is getting closer and closer, and that means it&#8217;s high time to sign up for program events. If this is what you&#8217;ve been waiting for, fantastic. Because we are about to open registration!<\/strong><\/p>\n\n\n\n<!--more-->\n\n\n\n<p>Have you already perused the program? Selected the most interesting program events? Then get your calendars and set your reminders. We hereby present the registration opening dates!<\/p>\n\n\n\n<h2 class=\"wp-block-heading\" id=\"h-special-packages\">Special Packages<\/h2>\n\n\n\n<p>Registration begins on <strong>May 13, 2024<\/strong> at <strong>5:00 pm <\/strong>and includes 5 tokens.<\/p>\n\n\n\n<h2 class=\"wp-block-heading\" id=\"h-3-day-passes-and-early-birds\">3-Day Passes and Early Birds<\/h2>\n\n\n\n<p>Registration begins on <strong>May 16, 2024<\/strong> at <strong>5:00 pm <\/strong>and includes:<\/p>\n\n\n\n<ul class=\"wp-block-list\">\n<li>early Birds passes &#8211; 3 tokens<\/li>\n\n\n\n<li>passes purchased between 07.11.2023-14.02.2024 &#8211; 2 tokens<\/li>\n\n\n\n<li>passes purchased between 15.02.2024-13.05.2024 &#8211; 1 token (while supplies last)<\/li>\n\n\n\n<li>children&#8217;s passes purchased between 07.11.2023-14.02.2024 &#8211; 1 token<\/li>\n\n\n\n<li>children&#8217;s passes purchased between 15.02.2024-13.05.2024 &#8211; 1 token (while supplies last)<\/li>\n<\/ul>\n\n\n\n<h2 class=\"wp-block-heading\" id=\"h-i-for-one-have-a-few-more-questions\">I, for one, have a few more questions!<\/h2>\n\n\n\n<p>Now that you know the answer to the most pressing question, it&#8217;s time to move on to the others.<\/p>\n\n\n\n<p class=\"has-text-align-left\"><strong><strong>Why do I need all this registration?<\/strong><\/strong><\/p>\n\n\n\n<p>The program&#8217;s events are really popular. So if you want to make sure there&#8217;s a spot there for you, it&#8217;s worth booking! This is what the tokens assigned to the ticket are for. Each token allows for one reservation.<\/p>\n\n\n\n<p>Remember, however, booking your spot does not mean you can come late! If you show up later than 10 minutes before the lecture and the room is already full, you may lose the opportunity to participate in the selected program event!<\/p>\n\n\n\n<p>But, but! Have you run out of tokens, but really want to participate in a program event? No worries! Only half of the seats are reserved. So if you come a little early and wait in line &#8211; you&#8217;ll have a chance to get in too!<\/p>\n\n\n\n<p><strong>How to properly register?<\/strong><\/p>\n\n\n\n<p>In addition to the barcode on your ticket, you will also find a 16-digit code that entitles you to reserve seats. Registration is done via <a href=\"https:\/\/www.ebilet.pl\/en\/lp\/pyrkon-prelekcje-2024\" target=\"_blank\" rel=\"noreferrer noopener\">eBilet.pl.<\/a> \u00a0 \u00a0 \u00a0 \u00a0 \u00a0 \u00a0 \u00a0 \u00a0 \u00a0 \u00a0 <em><br><\/em> Just choose the right lecture and add it to the basket. Then you enter the code and finish &#8220;shopping.&#8221;\u00a0<\/p>\n\n\n\n<p>You will find tickets for the program events of your choice in your email. Remember to bring them with you (in paper or electronic form) and show them before entering the lecture!<\/p>\n\n\n\n<p>Attention! Once made, a reservation can no longer be undone!<\/p>\n\n\n\n<p><strong><strong>Until when can I make a reservation?<\/strong><\/strong><\/p>\n\n\n\n<p>Seat reservations close the day before. So, you can register for Friday&#8217;s lectures until 24:00 on Thursday, for Saturday&#8217;s lectures until 24:00 on Friday, and for Sunday&#8217;s lectures until the end of Saturday.<\/p>\n\n\n\n<p><strong><strong>Which rooms are included in the reservation?\u00a0<\/strong><\/strong><\/p>\n\n\n\n<ul class=\"wp-block-list\">\n<li>Earth Hall<\/li>\n\n\n\n<li>Large Auditorium<\/li>\n\n\n\n<li>Small Auditorium<\/li>\n\n\n\n<li>Science Room<\/li>\n\n\n\n<li>Small Literature Room<\/li>\n\n\n\n<li>Large Literature Room<\/li>\n\n\n\n<li>Gaming Room<\/li>\n\n\n\n<li>Manga and Anime Room 1<\/li>\n\n\n\n<li>Manga and Anime Room 2<\/li>\n\n\n\n<li>Manga and Anime Room 3<\/li>\n\n\n\n<li>RPG Room 1<\/li>\n\n\n\n<li>RPG Room 2<\/li>\n\n\n\n<li>Film and TV Series Room 1<\/li>\n\n\n\n<li>Film and TV Series Room 2<\/li>\n\n\n\n<li>The Spire<\/li>\n<\/ul>\n\n\n\n<p>The Masterclass Room and the Workshop Room are not rooms where you have to book spots, but separate registrations may apply for the program events taking place there!<\/p>\n\n\n\n<p>Do you have any more questions? If so, be sure to take a look at <a href=\"https:\/\/pyrkon.pl\/en\/booking-places-lectures\/\" target=\"_blank\" rel=\"noreferrer noopener\">BOOKING PLACES FOR LECTURES<\/a> and our <a href=\"https:\/\/pyrkon.pl\/en\/faq-participants\/\" target=\"_blank\" rel=\"noreferrer noopener\">FAQ.<\/a><\/p>\n\n\n\n<p>And if we answered all of them, see you there!<\/p>\n","protected":false},"excerpt":{"rendered":"<p>Pyrkon is getting closer and closer, and that means it&#8217;s high time to sign up for program events. If this is what you&#8217;ve been waiting for, fantastic. Because we are about to open registration!<\/p>\n","protected":false},"author":9595,"featured_media":38977,"comment_status":"closed","ping_status":"closed","sticky":false,"template":"","format":"standard","meta":{"_acf_changed":false,"footnotes":""},"categories":[3884,13],"tags":[9708],"pyr_topics":[],"class_list":["post-38949","post","type-post","status-publish","format-standard","has-post-thumbnail","hentry","category-coraz-blizej-pyrkon-en","category-uncategorized","tag-pyrkon2024-2"],"acf":[],"yoast_head":"<!-- This site is optimized with the Yoast SEO Premium plugin v25.9 (Yoast SEO v25.9) - https:\/\/yoast.com\/wordpress\/plugins\/seo\/ -->\n<title>When can we start signing up? Otherwise known us we are opening registration for program events! &#8902; Pyrkon Fantastyczne Miejsce Spotka\u0144<\/title>\n<meta name=\"description\" content=\"Pyrkon coraz bli\u017cej, a to oznacza, \u017ce czas zapisa\u0107 si\u0119 na punkty programu. Bo ju\u017c nied\u0142ugo otwieramy rejestracj\u0119!\" \/>\n<meta name=\"robots\" content=\"index, follow, max-snippet:-1, max-image-preview:large, max-video-preview:-1\" \/>\n<link rel=\"canonical\" href=\"https:\/\/pyrkon.pl\/en\/uncategorized\/kiedy-te-zapisy-czyli-otwieramy-rejestracje-na-program\/\" \/>\n<meta property=\"og:locale\" content=\"en_US\" \/>\n<meta property=\"og:type\" content=\"article\" \/>\n<meta property=\"og:title\" content=\"When can we start signing up? Otherwise known us we are opening registration for program events!\" \/>\n<meta property=\"og:description\" content=\"Pyrkon coraz bli\u017cej, a to oznacza, \u017ce czas zapisa\u0107 si\u0119 na punkty programu. Bo ju\u017c nied\u0142ugo otwieramy rejestracj\u0119!\" \/>\n<meta property=\"og:url\" content=\"https:\/\/pyrkon.pl\/en\/uncategorized\/kiedy-te-zapisy-czyli-otwieramy-rejestracje-na-program\/\" \/>\n<meta property=\"og:site_name\" content=\"Pyrkon Fantastyczne Miejsce Spotka\u0144\" \/>\n<meta property=\"article:publisher\" content=\"https:\/\/www.facebook.com\/Pyrkon\" \/>\n<meta property=\"article:published_time\" content=\"2024-05-10T10:00:00+00:00\" \/>\n<meta property=\"article:modified_time\" content=\"2024-05-13T16:42:14+00:00\" \/>\n<meta property=\"og:image\" content=\"https:\/\/pyrkon.pl\/wp-content\/uploads\/2024\/05\/p2024_Rejestracja_na_program_900x505.png\" \/>\n\t<meta property=\"og:image:width\" content=\"900\" \/>\n\t<meta property=\"og:image:height\" content=\"505\" \/>\n\t<meta property=\"og:image:type\" content=\"image\/png\" \/>\n<meta name=\"author\" content=\"Natalia Wieczorek\" \/>\n<meta name=\"twitter:card\" content=\"summary_large_image\" \/>\n<meta name=\"twitter:creator\" content=\"@pyrkon\" \/>\n<meta name=\"twitter:site\" content=\"@pyrkon\" \/>\n<meta name=\"twitter:label1\" content=\"Written by\" \/>\n\t<meta name=\"twitter:data1\" content=\"Natalia Wieczorek\" \/>\n\t<meta name=\"twitter:label2\" content=\"Est. reading time\" \/>\n\t<meta name=\"twitter:data2\" content=\"4 minutes\" \/>\n<script type=\"application\/ld+json\" class=\"yoast-schema-graph\">{\"@context\":\"https:\/\/schema.org\",\"@graph\":[{\"@type\":\"Article\",\"@id\":\"https:\/\/pyrkon.pl\/en\/uncategorized\/kiedy-te-zapisy-czyli-otwieramy-rejestracje-na-program\/#article\",\"isPartOf\":{\"@id\":\"https:\/\/pyrkon.pl\/en\/uncategorized\/kiedy-te-zapisy-czyli-otwieramy-rejestracje-na-program\/\"},\"author\":{\"name\":\"Natalia Wieczorek\",\"@id\":\"https:\/\/pyrkon.pl\/#\/schema\/person\/48ffd2c9811b343280fe4fcbeceb185c\"},\"headline\":\"When can we start signing up? Otherwise known us we are opening registration for program events!\",\"datePublished\":\"2024-05-10T10:00:00+00:00\",\"dateModified\":\"2024-05-13T16:42:14+00:00\",\"mainEntityOfPage\":{\"@id\":\"https:\/\/pyrkon.pl\/en\/uncategorized\/kiedy-te-zapisy-czyli-otwieramy-rejestracje-na-program\/\"},\"wordCount\":550,\"publisher\":{\"@id\":\"https:\/\/pyrkon.pl\/#organization\"},\"image\":{\"@id\":\"https:\/\/pyrkon.pl\/en\/uncategorized\/kiedy-te-zapisy-czyli-otwieramy-rejestracje-na-program\/#primaryimage\"},\"thumbnailUrl\":\"https:\/\/pyrkon.pl\/wp-content\/uploads\/2024\/05\/p2024_Rejestracja_na_program_900x505.png\",\"keywords\":[\"pyrkon2024\"],\"articleSection\":[\"Coraz bli\u017cej Pyrkon\"],\"inLanguage\":\"en-US\"},{\"@type\":\"WebPage\",\"@id\":\"https:\/\/pyrkon.pl\/en\/uncategorized\/kiedy-te-zapisy-czyli-otwieramy-rejestracje-na-program\/\",\"url\":\"https:\/\/pyrkon.pl\/en\/uncategorized\/kiedy-te-zapisy-czyli-otwieramy-rejestracje-na-program\/\",\"name\":\"When can we start signing up? Otherwise known us we are opening registration for program events! &#8902; Pyrkon Fantastyczne Miejsce Spotka\u0144\",\"isPartOf\":{\"@id\":\"https:\/\/pyrkon.pl\/#website\"},\"primaryImageOfPage\":{\"@id\":\"https:\/\/pyrkon.pl\/en\/uncategorized\/kiedy-te-zapisy-czyli-otwieramy-rejestracje-na-program\/#primaryimage\"},\"image\":{\"@id\":\"https:\/\/pyrkon.pl\/en\/uncategorized\/kiedy-te-zapisy-czyli-otwieramy-rejestracje-na-program\/#primaryimage\"},\"thumbnailUrl\":\"https:\/\/pyrkon.pl\/wp-content\/uploads\/2024\/05\/p2024_Rejestracja_na_program_900x505.png\",\"datePublished\":\"2024-05-10T10:00:00+00:00\",\"dateModified\":\"2024-05-13T16:42:14+00:00\",\"description\":\"Pyrkon coraz bli\u017cej, a to oznacza, \u017ce czas zapisa\u0107 si\u0119 na punkty programu. Bo ju\u017c nied\u0142ugo otwieramy rejestracj\u0119!\",\"breadcrumb\":{\"@id\":\"https:\/\/pyrkon.pl\/en\/uncategorized\/kiedy-te-zapisy-czyli-otwieramy-rejestracje-na-program\/#breadcrumb\"},\"inLanguage\":\"en-US\",\"potentialAction\":[{\"@type\":\"ReadAction\",\"target\":[\"https:\/\/pyrkon.pl\/en\/uncategorized\/kiedy-te-zapisy-czyli-otwieramy-rejestracje-na-program\/\"]}]},{\"@type\":\"ImageObject\",\"inLanguage\":\"en-US\",\"@id\":\"https:\/\/pyrkon.pl\/en\/uncategorized\/kiedy-te-zapisy-czyli-otwieramy-rejestracje-na-program\/#primaryimage\",\"url\":\"https:\/\/pyrkon.pl\/wp-content\/uploads\/2024\/05\/p2024_Rejestracja_na_program_900x505.png\",\"contentUrl\":\"https:\/\/pyrkon.pl\/wp-content\/uploads\/2024\/05\/p2024_Rejestracja_na_program_900x505.png\",\"width\":900,\"height\":505},{\"@type\":\"BreadcrumbList\",\"@id\":\"https:\/\/pyrkon.pl\/en\/uncategorized\/kiedy-te-zapisy-czyli-otwieramy-rejestracje-na-program\/#breadcrumb\",\"itemListElement\":[{\"@type\":\"ListItem\",\"position\":1,\"name\":\"Strona g\u0142\u00f3wna\",\"item\":\"https:\/\/pyrkon.pl\/en\/\"},{\"@type\":\"ListItem\",\"position\":2,\"name\":\"Uncategorized\",\"item\":\"https:\/\/pyrkon.pl\/en\/category\/uncategorized\/\"},{\"@type\":\"ListItem\",\"position\":3,\"name\":\"When can we start signing up? Otherwise known us we are opening registration for program events!\"}]},{\"@type\":\"WebSite\",\"@id\":\"https:\/\/pyrkon.pl\/#website\",\"url\":\"https:\/\/pyrkon.pl\/\",\"name\":\"Pyrkon Fantastyczne Miejsce Spotka\u0144\",\"description\":\"Festiwal Fantastyki\",\"publisher\":{\"@id\":\"https:\/\/pyrkon.pl\/#organization\"},\"potentialAction\":[{\"@type\":\"SearchAction\",\"target\":{\"@type\":\"EntryPoint\",\"urlTemplate\":\"https:\/\/pyrkon.pl\/?s={search_term_string}\"},\"query-input\":{\"@type\":\"PropertyValueSpecification\",\"valueRequired\":true,\"valueName\":\"search_term_string\"}}],\"inLanguage\":\"en-US\"},{\"@type\":\"Organization\",\"@id\":\"https:\/\/pyrkon.pl\/#organization\",\"name\":\"Pyrkon Fantastyczne Miejsce Spotka\u0144\",\"url\":\"https:\/\/pyrkon.pl\/\",\"logo\":{\"@type\":\"ImageObject\",\"inLanguage\":\"en-US\",\"@id\":\"https:\/\/pyrkon.pl\/#\/schema\/logo\/image\/\",\"url\":\"https:\/\/pyrkon.pl\/wp-content\/uploads\/2018\/02\/Festiwal_Fantastyki_Pyrkon_logo_Black_CMYK.jpg\",\"contentUrl\":\"https:\/\/pyrkon.pl\/wp-content\/uploads\/2018\/02\/Festiwal_Fantastyki_Pyrkon_logo_Black_CMYK.jpg\",\"width\":1300,\"height\":401,\"caption\":\"Pyrkon Fantastyczne Miejsce Spotka\u0144\"},\"image\":{\"@id\":\"https:\/\/pyrkon.pl\/#\/schema\/logo\/image\/\"},\"sameAs\":[\"https:\/\/www.facebook.com\/Pyrkon\",\"https:\/\/x.com\/pyrkon\",\"https:\/\/www.instagram.com\/pyrkon\/\",\"https:\/\/www.youtube.com\/user\/FestiwalPyrkon\"]},{\"@type\":\"Person\",\"@id\":\"https:\/\/pyrkon.pl\/#\/schema\/person\/48ffd2c9811b343280fe4fcbeceb185c\",\"name\":\"Natalia Wieczorek\",\"image\":{\"@type\":\"ImageObject\",\"inLanguage\":\"en-US\",\"@id\":\"https:\/\/pyrkon.pl\/#\/schema\/person\/image\/\",\"url\":\"https:\/\/secure.gravatar.com\/avatar\/4abe3502d3f470077b22bc2f4e51b2a2662a001a48d489f8abe7fe1d62a0d729?s=96&d=mm&r=g\",\"contentUrl\":\"https:\/\/secure.gravatar.com\/avatar\/4abe3502d3f470077b22bc2f4e51b2a2662a001a48d489f8abe7fe1d62a0d729?s=96&d=mm&r=g\",\"caption\":\"Natalia Wieczorek\"},\"description\":\"Czy pr\u00f3bowali\u015bcie kiedy\u015b studiowa\u0107 j\u0119zyk, o kt\u00f3rym nikt nie ma poj\u0119cia, jecha\u0107 na poci\u0105gu d\u0142ugim na 2 km albo czyta\u0107 o bromansie Puszkina? Nie? Oh boy, let me tell you a story...\",\"url\":\"https:\/\/pyrkon.pl\/en\/author\/natalia-wieczorek\/\"}]}<\/script>\n<!-- \/ Yoast SEO Premium plugin. -->","yoast_head_json":{"title":"When can we start signing up? Otherwise known us we are opening registration for program events! &#8902; Pyrkon Fantastyczne Miejsce Spotka\u0144","description":"Pyrkon coraz bli\u017cej, a to oznacza, \u017ce czas zapisa\u0107 si\u0119 na punkty programu. Bo ju\u017c nied\u0142ugo otwieramy rejestracj\u0119!","robots":{"index":"index","follow":"follow","max-snippet":"max-snippet:-1","max-image-preview":"max-image-preview:large","max-video-preview":"max-video-preview:-1"},"canonical":"https:\/\/pyrkon.pl\/en\/uncategorized\/kiedy-te-zapisy-czyli-otwieramy-rejestracje-na-program\/","og_locale":"en_US","og_type":"article","og_title":"When can we start signing up? Otherwise known us we are opening registration for program events!","og_description":"Pyrkon coraz bli\u017cej, a to oznacza, \u017ce czas zapisa\u0107 si\u0119 na punkty programu. Bo ju\u017c nied\u0142ugo otwieramy rejestracj\u0119!","og_url":"https:\/\/pyrkon.pl\/en\/uncategorized\/kiedy-te-zapisy-czyli-otwieramy-rejestracje-na-program\/","og_site_name":"Pyrkon Fantastyczne Miejsce Spotka\u0144","article_publisher":"https:\/\/www.facebook.com\/Pyrkon","article_published_time":"2024-05-10T10:00:00+00:00","article_modified_time":"2024-05-13T16:42:14+00:00","og_image":[{"width":900,"height":505,"url":"https:\/\/pyrkon.pl\/wp-content\/uploads\/2024\/05\/p2024_Rejestracja_na_program_900x505.png","type":"image\/png"}],"author":"Natalia Wieczorek","twitter_card":"summary_large_image","twitter_creator":"@pyrkon","twitter_site":"@pyrkon","twitter_misc":{"Written by":"Natalia Wieczorek","Est. reading time":"4 minutes"},"schema":{"@context":"https:\/\/schema.org","@graph":[{"@type":"Article","@id":"https:\/\/pyrkon.pl\/en\/uncategorized\/kiedy-te-zapisy-czyli-otwieramy-rejestracje-na-program\/#article","isPartOf":{"@id":"https:\/\/pyrkon.pl\/en\/uncategorized\/kiedy-te-zapisy-czyli-otwieramy-rejestracje-na-program\/"},"author":{"name":"Natalia Wieczorek","@id":"https:\/\/pyrkon.pl\/#\/schema\/person\/48ffd2c9811b343280fe4fcbeceb185c"},"headline":"When can we start signing up? Otherwise known us we are opening registration for program events!","datePublished":"2024-05-10T10:00:00+00:00","dateModified":"2024-05-13T16:42:14+00:00","mainEntityOfPage":{"@id":"https:\/\/pyrkon.pl\/en\/uncategorized\/kiedy-te-zapisy-czyli-otwieramy-rejestracje-na-program\/"},"wordCount":550,"publisher":{"@id":"https:\/\/pyrkon.pl\/#organization"},"image":{"@id":"https:\/\/pyrkon.pl\/en\/uncategorized\/kiedy-te-zapisy-czyli-otwieramy-rejestracje-na-program\/#primaryimage"},"thumbnailUrl":"https:\/\/pyrkon.pl\/wp-content\/uploads\/2024\/05\/p2024_Rejestracja_na_program_900x505.png","keywords":["pyrkon2024"],"articleSection":["Coraz bli\u017cej Pyrkon"],"inLanguage":"en-US"},{"@type":"WebPage","@id":"https:\/\/pyrkon.pl\/en\/uncategorized\/kiedy-te-zapisy-czyli-otwieramy-rejestracje-na-program\/","url":"https:\/\/pyrkon.pl\/en\/uncategorized\/kiedy-te-zapisy-czyli-otwieramy-rejestracje-na-program\/","name":"When can we start signing up? Otherwise known us we are opening registration for program events! &#8902; Pyrkon Fantastyczne Miejsce Spotka\u0144","isPartOf":{"@id":"https:\/\/pyrkon.pl\/#website"},"primaryImageOfPage":{"@id":"https:\/\/pyrkon.pl\/en\/uncategorized\/kiedy-te-zapisy-czyli-otwieramy-rejestracje-na-program\/#primaryimage"},"image":{"@id":"https:\/\/pyrkon.pl\/en\/uncategorized\/kiedy-te-zapisy-czyli-otwieramy-rejestracje-na-program\/#primaryimage"},"thumbnailUrl":"https:\/\/pyrkon.pl\/wp-content\/uploads\/2024\/05\/p2024_Rejestracja_na_program_900x505.png","datePublished":"2024-05-10T10:00:00+00:00","dateModified":"2024-05-13T16:42:14+00:00","description":"Pyrkon coraz bli\u017cej, a to oznacza, \u017ce czas zapisa\u0107 si\u0119 na punkty programu. Bo ju\u017c nied\u0142ugo otwieramy rejestracj\u0119!","breadcrumb":{"@id":"https:\/\/pyrkon.pl\/en\/uncategorized\/kiedy-te-zapisy-czyli-otwieramy-rejestracje-na-program\/#breadcrumb"},"inLanguage":"en-US","potentialAction":[{"@type":"ReadAction","target":["https:\/\/pyrkon.pl\/en\/uncategorized\/kiedy-te-zapisy-czyli-otwieramy-rejestracje-na-program\/"]}]},{"@type":"ImageObject","inLanguage":"en-US","@id":"https:\/\/pyrkon.pl\/en\/uncategorized\/kiedy-te-zapisy-czyli-otwieramy-rejestracje-na-program\/#primaryimage","url":"https:\/\/pyrkon.pl\/wp-content\/uploads\/2024\/05\/p2024_Rejestracja_na_program_900x505.png","contentUrl":"https:\/\/pyrkon.pl\/wp-content\/uploads\/2024\/05\/p2024_Rejestracja_na_program_900x505.png","width":900,"height":505},{"@type":"BreadcrumbList","@id":"https:\/\/pyrkon.pl\/en\/uncategorized\/kiedy-te-zapisy-czyli-otwieramy-rejestracje-na-program\/#breadcrumb","itemListElement":[{"@type":"ListItem","position":1,"name":"Strona g\u0142\u00f3wna","item":"https:\/\/pyrkon.pl\/en\/"},{"@type":"ListItem","position":2,"name":"Uncategorized","item":"https:\/\/pyrkon.pl\/en\/category\/uncategorized\/"},{"@type":"ListItem","position":3,"name":"When can we start signing up? Otherwise known us we are opening registration for program events!"}]},{"@type":"WebSite","@id":"https:\/\/pyrkon.pl\/#website","url":"https:\/\/pyrkon.pl\/","name":"Pyrkon Fantastyczne Miejsce Spotka\u0144","description":"Festiwal Fantastyki","publisher":{"@id":"https:\/\/pyrkon.pl\/#organization"},"potentialAction":[{"@type":"SearchAction","target":{"@type":"EntryPoint","urlTemplate":"https:\/\/pyrkon.pl\/?s={search_term_string}"},"query-input":{"@type":"PropertyValueSpecification","valueRequired":true,"valueName":"search_term_string"}}],"inLanguage":"en-US"},{"@type":"Organization","@id":"https:\/\/pyrkon.pl\/#organization","name":"Pyrkon Fantastyczne Miejsce Spotka\u0144","url":"https:\/\/pyrkon.pl\/","logo":{"@type":"ImageObject","inLanguage":"en-US","@id":"https:\/\/pyrkon.pl\/#\/schema\/logo\/image\/","url":"https:\/\/pyrkon.pl\/wp-content\/uploads\/2018\/02\/Festiwal_Fantastyki_Pyrkon_logo_Black_CMYK.jpg","contentUrl":"https:\/\/pyrkon.pl\/wp-content\/uploads\/2018\/02\/Festiwal_Fantastyki_Pyrkon_logo_Black_CMYK.jpg","width":1300,"height":401,"caption":"Pyrkon Fantastyczne Miejsce Spotka\u0144"},"image":{"@id":"https:\/\/pyrkon.pl\/#\/schema\/logo\/image\/"},"sameAs":["https:\/\/www.facebook.com\/Pyrkon","https:\/\/x.com\/pyrkon","https:\/\/www.instagram.com\/pyrkon\/","https:\/\/www.youtube.com\/user\/FestiwalPyrkon"]},{"@type":"Person","@id":"https:\/\/pyrkon.pl\/#\/schema\/person\/48ffd2c9811b343280fe4fcbeceb185c","name":"Natalia Wieczorek","image":{"@type":"ImageObject","inLanguage":"en-US","@id":"https:\/\/pyrkon.pl\/#\/schema\/person\/image\/","url":"https:\/\/secure.gravatar.com\/avatar\/4abe3502d3f470077b22bc2f4e51b2a2662a001a48d489f8abe7fe1d62a0d729?s=96&d=mm&r=g","contentUrl":"https:\/\/secure.gravatar.com\/avatar\/4abe3502d3f470077b22bc2f4e51b2a2662a001a48d489f8abe7fe1d62a0d729?s=96&d=mm&r=g","caption":"Natalia Wieczorek"},"description":"Czy pr\u00f3bowali\u015bcie kiedy\u015b studiowa\u0107 j\u0119zyk, o kt\u00f3rym nikt nie ma poj\u0119cia, jecha\u0107 na poci\u0105gu d\u0142ugim na 2 km albo czyta\u0107 o bromansie Puszkina? Nie? Oh boy, let me tell you a story...","url":"https:\/\/pyrkon.pl\/en\/author\/natalia-wieczorek\/"}]}},"_links":{"self":[{"href":"https:\/\/pyrkon.pl\/en\/wp-json\/wp\/v2\/posts\/38949","targetHints":{"allow":["GET"]}}],"collection":[{"href":"https:\/\/pyrkon.pl\/en\/wp-json\/wp\/v2\/posts"}],"about":[{"href":"https:\/\/pyrkon.pl\/en\/wp-json\/wp\/v2\/types\/post"}],"author":[{"embeddable":true,"href":"https:\/\/pyrkon.pl\/en\/wp-json\/wp\/v2\/users\/9595"}],"replies":[{"embeddable":true,"href":"https:\/\/pyrkon.pl\/en\/wp-json\/wp\/v2\/comments?post=38949"}],"version-history":[{"count":6,"href":"https:\/\/pyrkon.pl\/en\/wp-json\/wp\/v2\/posts\/38949\/revisions"}],"predecessor-version":[{"id":39133,"href":"https:\/\/pyrkon.pl\/en\/wp-json\/wp\/v2\/posts\/38949\/revisions\/39133"}],"wp:featuredmedia":[{"embeddable":true,"href":"https:\/\/pyrkon.pl\/en\/wp-json\/wp\/v2\/media\/38977"}],"wp:attachment":[{"href":"https:\/\/pyrkon.pl\/en\/wp-json\/wp\/v2\/media?parent=38949"}],"wp:term":[{"taxonomy":"category","embeddable":true,"href":"https:\/\/pyrkon.pl\/en\/wp-json\/wp\/v2\/categories?post=38949"},{"taxonomy":"post_tag","embeddable":true,"href":"https:\/\/pyrkon.pl\/en\/wp-json\/wp\/v2\/tags?post=38949"},{"taxonomy":"pyr_topics","embeddable":true,"href":"https:\/\/pyrkon.pl\/en\/wp-json\/wp\/v2\/pyr_topics?post=38949"}],"curies":[{"name":"wp","href":"https:\/\/api.w.org\/{rel}","templated":true}]}}