{"id":41986,"date":"2024-11-13T15:27:54","date_gmt":"2024-11-13T14:27:54","guid":{"rendered":"https:\/\/pyrkon.pl\/?p=41986"},"modified":"2024-11-13T15:27:58","modified_gmt":"2024-11-13T14:27:58","slug":"pyrkon-fan-convention-announces-a-mural-design-contest","status":"publish","type":"post","link":"https:\/\/pyrkon.pl\/en\/coraz-blizej-pyrkon-en\/pyrkon-fan-convention-announces-a-mural-design-contest\/","title":{"rendered":"Pyrkon Fan Convention announces a mural design contest!"},"content":{"rendered":"\n<p>The Pyrkon Fan Convention is about to celebrate its 25th birthday, and a mural design contest will be held to mark the occasion. Anyone can take part, and the rules are simple! The design should refer to Pyrkon, to the values it brings, to the passion, lightness and to the community of Pyrkon-goers around the convention. We want it to showcase our convention as a magical event filled with joy and wonderful people, as an event connected to numerous fantastic characters and places.<\/p>\n\n\n\n<!--more-->\n\n\n\n<p>At the same time, the design should show Pyrkon as embedded in the space of the Pozna\u0144 International Fair! You can do it, for example, by weaving in all the familiar elements or characteristic buildings of the PIF (MTP).<\/p>\n\n\n\n<h2 class=\"wp-block-heading\" id=\"h-what-about-the-prizes\">What about the prizes?<\/h2>\n\n\n\n<p>Of course, there will be a prize for the author of the winning design! You wanna know what it will be? Here\u2019s the answer &#8211; you can win the grand prize of PLN 11,000 (including tax!) or receive an honorable mention and get PLN 2,000.&nbsp;<\/p>\n\n\n\n<p>In addition, the winning mural will be painted on the exterior wall of Hall 6 on the side of Bukowska St., opposite the outlet of Zeylanda St. So that everyone can see it!<\/p>\n\n\n\n<h2 class=\"wp-block-heading\" id=\"h-so-how-to-apply\">So, how to apply?<\/h2>\n\n\n\n<p>Interested? That&#8217;s great! The contest begins on 23\/10\/2024, and we will be accepting entries until the end of the year, i.e. until 31\/12\/2024. You can apply by emailing us at mural@pyrkon.pl!<\/p>\n\n\n\n<p>However, remember not to leave anything out! To be sure you don&#8217;t, you will certainly need the rules and regulations of the competition, which you can find here:<\/p>\n\n\n\n<p class=\"has-text-align-center\"><a href=\"https:\/\/pyrkon.pl\/regulamin-konkursu-mural-pyrkonu\/\">Rules and Regulations of the Competiti<\/a><a href=\"https:\/\/pyrkon.pl\/en\/rules-and-regulations-of-the-contest-called-the-pyrkon-mural\/\">on<\/a><\/p>\n\n\n\n<p>We look forward to receiving your submissions!<\/p>\n","protected":false},"excerpt":{"rendered":"<p>The Pyrkon Fan Convention is about to celebrate its 25th birthday, and a mural design contest will be held to mark the occasion. Anyone can take part, and the rules are simple! The design should refer to Pyrkon, to the values it brings, to the passion, lightness and to the community of Pyrkon-goers around the [&hellip;]<\/p>\n","protected":false},"author":7,"featured_media":41960,"comment_status":"closed","ping_status":"closed","sticky":false,"template":"","format":"standard","meta":{"_acf_changed":false,"footnotes":""},"categories":[3884],"tags":[],"pyr_topics":[],"class_list":["post-41986","post","type-post","status-publish","format-standard","has-post-thumbnail","hentry","category-coraz-blizej-pyrkon-en"],"acf":[],"yoast_head":"<!-- This site is optimized with the Yoast SEO Premium plugin v25.9 (Yoast SEO v25.9) - https:\/\/yoast.com\/wordpress\/plugins\/seo\/ -->\n<title>Pyrkon Fan Convention announces a mural design contest! &#8902; Pyrkon Fantastyczne Miejsce Spotka\u0144<\/title>\n<meta name=\"robots\" content=\"index, follow, max-snippet:-1, max-image-preview:large, max-video-preview:-1\" \/>\n<link rel=\"canonical\" href=\"https:\/\/pyrkon.pl\/en\/coraz-blizej-pyrkon-en\/pyrkon-fan-convention-announces-a-mural-design-contest\/\" \/>\n<meta property=\"og:locale\" content=\"en_US\" \/>\n<meta property=\"og:type\" content=\"article\" \/>\n<meta property=\"og:title\" content=\"Pyrkon Fan Convention announces a mural design contest!\" \/>\n<meta property=\"og:description\" content=\"The Pyrkon Fan Convention is about to celebrate its 25th birthday, and a mural design contest will be held to mark the occasion. Anyone can take part, and the rules are simple! The design should refer to Pyrkon, to the values it brings, to the passion, lightness and to the community of Pyrkon-goers around the [&hellip;]\" \/>\n<meta property=\"og:url\" content=\"https:\/\/pyrkon.pl\/en\/coraz-blizej-pyrkon-en\/pyrkon-fan-convention-announces-a-mural-design-contest\/\" \/>\n<meta property=\"og:site_name\" content=\"Pyrkon Fantastyczne Miejsce Spotka\u0144\" \/>\n<meta property=\"article:publisher\" content=\"https:\/\/www.facebook.com\/Pyrkon\" \/>\n<meta property=\"article:published_time\" content=\"2024-11-13T14:27:54+00:00\" \/>\n<meta property=\"article:modified_time\" content=\"2024-11-13T14:27:58+00:00\" \/>\n<meta property=\"og:image\" content=\"https:\/\/pyrkon.pl\/wp-content\/uploads\/2024\/11\/mural.png\" \/>\n\t<meta property=\"og:image:width\" content=\"1200\" \/>\n\t<meta property=\"og:image:height\" content=\"675\" \/>\n\t<meta property=\"og:image:type\" content=\"image\/png\" \/>\n<meta name=\"author\" content=\"Magda Walczak\" \/>\n<meta name=\"twitter:card\" content=\"summary_large_image\" \/>\n<meta name=\"twitter:creator\" content=\"@pyrkon\" \/>\n<meta name=\"twitter:site\" content=\"@pyrkon\" \/>\n<meta name=\"twitter:label1\" content=\"Written by\" \/>\n\t<meta name=\"twitter:data1\" content=\"Magda Walczak\" \/>\n\t<meta name=\"twitter:label2\" content=\"Est. reading time\" \/>\n\t<meta name=\"twitter:data2\" content=\"2 minutes\" \/>\n<script type=\"application\/ld+json\" class=\"yoast-schema-graph\">{\"@context\":\"https:\/\/schema.org\",\"@graph\":[{\"@type\":\"Article\",\"@id\":\"https:\/\/pyrkon.pl\/en\/coraz-blizej-pyrkon-en\/pyrkon-fan-convention-announces-a-mural-design-contest\/#article\",\"isPartOf\":{\"@id\":\"https:\/\/pyrkon.pl\/en\/coraz-blizej-pyrkon-en\/pyrkon-fan-convention-announces-a-mural-design-contest\/\"},\"author\":{\"name\":\"Magda Walczak\",\"@id\":\"https:\/\/pyrkon.pl\/#\/schema\/person\/b41d088bb31f0c5766fcac7eaf6dfb98\"},\"headline\":\"Pyrkon Fan Convention announces a mural design contest!\",\"datePublished\":\"2024-11-13T14:27:54+00:00\",\"dateModified\":\"2024-11-13T14:27:58+00:00\",\"mainEntityOfPage\":{\"@id\":\"https:\/\/pyrkon.pl\/en\/coraz-blizej-pyrkon-en\/pyrkon-fan-convention-announces-a-mural-design-contest\/\"},\"wordCount\":291,\"publisher\":{\"@id\":\"https:\/\/pyrkon.pl\/#organization\"},\"image\":{\"@id\":\"https:\/\/pyrkon.pl\/en\/coraz-blizej-pyrkon-en\/pyrkon-fan-convention-announces-a-mural-design-contest\/#primaryimage\"},\"thumbnailUrl\":\"https:\/\/pyrkon.pl\/wp-content\/uploads\/2024\/11\/mural.png\",\"articleSection\":[\"Coraz bli\u017cej Pyrkon\"],\"inLanguage\":\"en-US\"},{\"@type\":\"WebPage\",\"@id\":\"https:\/\/pyrkon.pl\/en\/coraz-blizej-pyrkon-en\/pyrkon-fan-convention-announces-a-mural-design-contest\/\",\"url\":\"https:\/\/pyrkon.pl\/en\/coraz-blizej-pyrkon-en\/pyrkon-fan-convention-announces-a-mural-design-contest\/\",\"name\":\"Pyrkon Fan Convention announces a mural design contest! &#8902; Pyrkon Fantastyczne Miejsce Spotka\u0144\",\"isPartOf\":{\"@id\":\"https:\/\/pyrkon.pl\/#website\"},\"primaryImageOfPage\":{\"@id\":\"https:\/\/pyrkon.pl\/en\/coraz-blizej-pyrkon-en\/pyrkon-fan-convention-announces-a-mural-design-contest\/#primaryimage\"},\"image\":{\"@id\":\"https:\/\/pyrkon.pl\/en\/coraz-blizej-pyrkon-en\/pyrkon-fan-convention-announces-a-mural-design-contest\/#primaryimage\"},\"thumbnailUrl\":\"https:\/\/pyrkon.pl\/wp-content\/uploads\/2024\/11\/mural.png\",\"datePublished\":\"2024-11-13T14:27:54+00:00\",\"dateModified\":\"2024-11-13T14:27:58+00:00\",\"breadcrumb\":{\"@id\":\"https:\/\/pyrkon.pl\/en\/coraz-blizej-pyrkon-en\/pyrkon-fan-convention-announces-a-mural-design-contest\/#breadcrumb\"},\"inLanguage\":\"en-US\",\"potentialAction\":[{\"@type\":\"ReadAction\",\"target\":[\"https:\/\/pyrkon.pl\/en\/coraz-blizej-pyrkon-en\/pyrkon-fan-convention-announces-a-mural-design-contest\/\"]}]},{\"@type\":\"ImageObject\",\"inLanguage\":\"en-US\",\"@id\":\"https:\/\/pyrkon.pl\/en\/coraz-blizej-pyrkon-en\/pyrkon-fan-convention-announces-a-mural-design-contest\/#primaryimage\",\"url\":\"https:\/\/pyrkon.pl\/wp-content\/uploads\/2024\/11\/mural.png\",\"contentUrl\":\"https:\/\/pyrkon.pl\/wp-content\/uploads\/2024\/11\/mural.png\",\"width\":1200,\"height\":675},{\"@type\":\"BreadcrumbList\",\"@id\":\"https:\/\/pyrkon.pl\/en\/coraz-blizej-pyrkon-en\/pyrkon-fan-convention-announces-a-mural-design-contest\/#breadcrumb\",\"itemListElement\":[{\"@type\":\"ListItem\",\"position\":1,\"name\":\"Strona g\u0142\u00f3wna\",\"item\":\"https:\/\/pyrkon.pl\/en\/\"},{\"@type\":\"ListItem\",\"position\":2,\"name\":\"Coraz bli\u017cej Pyrkon\",\"item\":\"https:\/\/pyrkon.pl\/en\/category\/coraz-blizej-pyrkon-en\/\"},{\"@type\":\"ListItem\",\"position\":3,\"name\":\"Pyrkon Fan Convention announces a mural design contest!\"}]},{\"@type\":\"WebSite\",\"@id\":\"https:\/\/pyrkon.pl\/#website\",\"url\":\"https:\/\/pyrkon.pl\/\",\"name\":\"Pyrkon Fantastyczne Miejsce Spotka\u0144\",\"description\":\"Festiwal Fantastyki\",\"publisher\":{\"@id\":\"https:\/\/pyrkon.pl\/#organization\"},\"potentialAction\":[{\"@type\":\"SearchAction\",\"target\":{\"@type\":\"EntryPoint\",\"urlTemplate\":\"https:\/\/pyrkon.pl\/?s={search_term_string}\"},\"query-input\":{\"@type\":\"PropertyValueSpecification\",\"valueRequired\":true,\"valueName\":\"search_term_string\"}}],\"inLanguage\":\"en-US\"},{\"@type\":\"Organization\",\"@id\":\"https:\/\/pyrkon.pl\/#organization\",\"name\":\"Pyrkon Fantastyczne Miejsce Spotka\u0144\",\"url\":\"https:\/\/pyrkon.pl\/\",\"logo\":{\"@type\":\"ImageObject\",\"inLanguage\":\"en-US\",\"@id\":\"https:\/\/pyrkon.pl\/#\/schema\/logo\/image\/\",\"url\":\"https:\/\/pyrkon.pl\/wp-content\/uploads\/2018\/02\/Festiwal_Fantastyki_Pyrkon_logo_Black_CMYK.jpg\",\"contentUrl\":\"https:\/\/pyrkon.pl\/wp-content\/uploads\/2018\/02\/Festiwal_Fantastyki_Pyrkon_logo_Black_CMYK.jpg\",\"width\":1300,\"height\":401,\"caption\":\"Pyrkon Fantastyczne Miejsce Spotka\u0144\"},\"image\":{\"@id\":\"https:\/\/pyrkon.pl\/#\/schema\/logo\/image\/\"},\"sameAs\":[\"https:\/\/www.facebook.com\/Pyrkon\",\"https:\/\/x.com\/pyrkon\",\"https:\/\/www.instagram.com\/pyrkon\/\",\"https:\/\/www.youtube.com\/user\/FestiwalPyrkon\"]},{\"@type\":\"Person\",\"@id\":\"https:\/\/pyrkon.pl\/#\/schema\/person\/b41d088bb31f0c5766fcac7eaf6dfb98\",\"name\":\"Magda Walczak\",\"image\":{\"@type\":\"ImageObject\",\"inLanguage\":\"en-US\",\"@id\":\"https:\/\/pyrkon.pl\/#\/schema\/person\/image\/\",\"url\":\"https:\/\/secure.gravatar.com\/avatar\/259c35aeb4be1acf6d01d693bccf368d16967c5a90e3bc27450cd5d9f7ec85d4?s=96&d=mm&r=g\",\"contentUrl\":\"https:\/\/secure.gravatar.com\/avatar\/259c35aeb4be1acf6d01d693bccf368d16967c5a90e3bc27450cd5d9f7ec85d4?s=96&d=mm&r=g\",\"caption\":\"Magda Walczak\"},\"description\":\"Filolog z przypadku, le\u0144 z natury. Je\u015bli nie musi, to piechot\u0105 nie chodzi, ale ujdzie w t\u0142oku. Zdarza si\u0119, \u017ce co\u015b jej chodzi po g\u0142owie, chocia\u017c nigdy przed 9 rano. Za to jej mi\u0142o\u015b\u0107 do seriali przechodzi ludzkie poj\u0119cie. Lubi chadza\u0107 swoimi \u015bcie\u017ckami, mimo \u017ce radz\u0105 jej raczej p\u00f3j\u015b\u0107 po rozum do g\u0142owy.\",\"url\":\"https:\/\/pyrkon.pl\/en\/author\/magda\/\"}]}<\/script>\n<!-- \/ Yoast SEO Premium plugin. -->","yoast_head_json":{"title":"Pyrkon Fan Convention announces a mural design contest! &#8902; Pyrkon Fantastyczne Miejsce Spotka\u0144","robots":{"index":"index","follow":"follow","max-snippet":"max-snippet:-1","max-image-preview":"max-image-preview:large","max-video-preview":"max-video-preview:-1"},"canonical":"https:\/\/pyrkon.pl\/en\/coraz-blizej-pyrkon-en\/pyrkon-fan-convention-announces-a-mural-design-contest\/","og_locale":"en_US","og_type":"article","og_title":"Pyrkon Fan Convention announces a mural design contest!","og_description":"The Pyrkon Fan Convention is about to celebrate its 25th birthday, and a mural design contest will be held to mark the occasion. Anyone can take part, and the rules are simple! The design should refer to Pyrkon, to the values it brings, to the passion, lightness and to the community of Pyrkon-goers around the [&hellip;]","og_url":"https:\/\/pyrkon.pl\/en\/coraz-blizej-pyrkon-en\/pyrkon-fan-convention-announces-a-mural-design-contest\/","og_site_name":"Pyrkon Fantastyczne Miejsce Spotka\u0144","article_publisher":"https:\/\/www.facebook.com\/Pyrkon","article_published_time":"2024-11-13T14:27:54+00:00","article_modified_time":"2024-11-13T14:27:58+00:00","og_image":[{"width":1200,"height":675,"url":"https:\/\/pyrkon.pl\/wp-content\/uploads\/2024\/11\/mural.png","type":"image\/png"}],"author":"Magda Walczak","twitter_card":"summary_large_image","twitter_creator":"@pyrkon","twitter_site":"@pyrkon","twitter_misc":{"Written by":"Magda Walczak","Est. reading time":"2 minutes"},"schema":{"@context":"https:\/\/schema.org","@graph":[{"@type":"Article","@id":"https:\/\/pyrkon.pl\/en\/coraz-blizej-pyrkon-en\/pyrkon-fan-convention-announces-a-mural-design-contest\/#article","isPartOf":{"@id":"https:\/\/pyrkon.pl\/en\/coraz-blizej-pyrkon-en\/pyrkon-fan-convention-announces-a-mural-design-contest\/"},"author":{"name":"Magda Walczak","@id":"https:\/\/pyrkon.pl\/#\/schema\/person\/b41d088bb31f0c5766fcac7eaf6dfb98"},"headline":"Pyrkon Fan Convention announces a mural design contest!","datePublished":"2024-11-13T14:27:54+00:00","dateModified":"2024-11-13T14:27:58+00:00","mainEntityOfPage":{"@id":"https:\/\/pyrkon.pl\/en\/coraz-blizej-pyrkon-en\/pyrkon-fan-convention-announces-a-mural-design-contest\/"},"wordCount":291,"publisher":{"@id":"https:\/\/pyrkon.pl\/#organization"},"image":{"@id":"https:\/\/pyrkon.pl\/en\/coraz-blizej-pyrkon-en\/pyrkon-fan-convention-announces-a-mural-design-contest\/#primaryimage"},"thumbnailUrl":"https:\/\/pyrkon.pl\/wp-content\/uploads\/2024\/11\/mural.png","articleSection":["Coraz bli\u017cej Pyrkon"],"inLanguage":"en-US"},{"@type":"WebPage","@id":"https:\/\/pyrkon.pl\/en\/coraz-blizej-pyrkon-en\/pyrkon-fan-convention-announces-a-mural-design-contest\/","url":"https:\/\/pyrkon.pl\/en\/coraz-blizej-pyrkon-en\/pyrkon-fan-convention-announces-a-mural-design-contest\/","name":"Pyrkon Fan Convention announces a mural design contest! &#8902; Pyrkon Fantastyczne Miejsce Spotka\u0144","isPartOf":{"@id":"https:\/\/pyrkon.pl\/#website"},"primaryImageOfPage":{"@id":"https:\/\/pyrkon.pl\/en\/coraz-blizej-pyrkon-en\/pyrkon-fan-convention-announces-a-mural-design-contest\/#primaryimage"},"image":{"@id":"https:\/\/pyrkon.pl\/en\/coraz-blizej-pyrkon-en\/pyrkon-fan-convention-announces-a-mural-design-contest\/#primaryimage"},"thumbnailUrl":"https:\/\/pyrkon.pl\/wp-content\/uploads\/2024\/11\/mural.png","datePublished":"2024-11-13T14:27:54+00:00","dateModified":"2024-11-13T14:27:58+00:00","breadcrumb":{"@id":"https:\/\/pyrkon.pl\/en\/coraz-blizej-pyrkon-en\/pyrkon-fan-convention-announces-a-mural-design-contest\/#breadcrumb"},"inLanguage":"en-US","potentialAction":[{"@type":"ReadAction","target":["https:\/\/pyrkon.pl\/en\/coraz-blizej-pyrkon-en\/pyrkon-fan-convention-announces-a-mural-design-contest\/"]}]},{"@type":"ImageObject","inLanguage":"en-US","@id":"https:\/\/pyrkon.pl\/en\/coraz-blizej-pyrkon-en\/pyrkon-fan-convention-announces-a-mural-design-contest\/#primaryimage","url":"https:\/\/pyrkon.pl\/wp-content\/uploads\/2024\/11\/mural.png","contentUrl":"https:\/\/pyrkon.pl\/wp-content\/uploads\/2024\/11\/mural.png","width":1200,"height":675},{"@type":"BreadcrumbList","@id":"https:\/\/pyrkon.pl\/en\/coraz-blizej-pyrkon-en\/pyrkon-fan-convention-announces-a-mural-design-contest\/#breadcrumb","itemListElement":[{"@type":"ListItem","position":1,"name":"Strona g\u0142\u00f3wna","item":"https:\/\/pyrkon.pl\/en\/"},{"@type":"ListItem","position":2,"name":"Coraz bli\u017cej Pyrkon","item":"https:\/\/pyrkon.pl\/en\/category\/coraz-blizej-pyrkon-en\/"},{"@type":"ListItem","position":3,"name":"Pyrkon Fan Convention announces a mural design contest!"}]},{"@type":"WebSite","@id":"https:\/\/pyrkon.pl\/#website","url":"https:\/\/pyrkon.pl\/","name":"Pyrkon Fantastyczne Miejsce Spotka\u0144","description":"Festiwal Fantastyki","publisher":{"@id":"https:\/\/pyrkon.pl\/#organization"},"potentialAction":[{"@type":"SearchAction","target":{"@type":"EntryPoint","urlTemplate":"https:\/\/pyrkon.pl\/?s={search_term_string}"},"query-input":{"@type":"PropertyValueSpecification","valueRequired":true,"valueName":"search_term_string"}}],"inLanguage":"en-US"},{"@type":"Organization","@id":"https:\/\/pyrkon.pl\/#organization","name":"Pyrkon Fantastyczne Miejsce Spotka\u0144","url":"https:\/\/pyrkon.pl\/","logo":{"@type":"ImageObject","inLanguage":"en-US","@id":"https:\/\/pyrkon.pl\/#\/schema\/logo\/image\/","url":"https:\/\/pyrkon.pl\/wp-content\/uploads\/2018\/02\/Festiwal_Fantastyki_Pyrkon_logo_Black_CMYK.jpg","contentUrl":"https:\/\/pyrkon.pl\/wp-content\/uploads\/2018\/02\/Festiwal_Fantastyki_Pyrkon_logo_Black_CMYK.jpg","width":1300,"height":401,"caption":"Pyrkon Fantastyczne Miejsce Spotka\u0144"},"image":{"@id":"https:\/\/pyrkon.pl\/#\/schema\/logo\/image\/"},"sameAs":["https:\/\/www.facebook.com\/Pyrkon","https:\/\/x.com\/pyrkon","https:\/\/www.instagram.com\/pyrkon\/","https:\/\/www.youtube.com\/user\/FestiwalPyrkon"]},{"@type":"Person","@id":"https:\/\/pyrkon.pl\/#\/schema\/person\/b41d088bb31f0c5766fcac7eaf6dfb98","name":"Magda Walczak","image":{"@type":"ImageObject","inLanguage":"en-US","@id":"https:\/\/pyrkon.pl\/#\/schema\/person\/image\/","url":"https:\/\/secure.gravatar.com\/avatar\/259c35aeb4be1acf6d01d693bccf368d16967c5a90e3bc27450cd5d9f7ec85d4?s=96&d=mm&r=g","contentUrl":"https:\/\/secure.gravatar.com\/avatar\/259c35aeb4be1acf6d01d693bccf368d16967c5a90e3bc27450cd5d9f7ec85d4?s=96&d=mm&r=g","caption":"Magda Walczak"},"description":"Filolog z przypadku, le\u0144 z natury. Je\u015bli nie musi, to piechot\u0105 nie chodzi, ale ujdzie w t\u0142oku. Zdarza si\u0119, \u017ce co\u015b jej chodzi po g\u0142owie, chocia\u017c nigdy przed 9 rano. Za to jej mi\u0142o\u015b\u0107 do seriali przechodzi ludzkie poj\u0119cie. Lubi chadza\u0107 swoimi \u015bcie\u017ckami, mimo \u017ce radz\u0105 jej raczej p\u00f3j\u015b\u0107 po rozum do g\u0142owy.","url":"https:\/\/pyrkon.pl\/en\/author\/magda\/"}]}},"_links":{"self":[{"href":"https:\/\/pyrkon.pl\/en\/wp-json\/wp\/v2\/posts\/41986","targetHints":{"allow":["GET"]}}],"collection":[{"href":"https:\/\/pyrkon.pl\/en\/wp-json\/wp\/v2\/posts"}],"about":[{"href":"https:\/\/pyrkon.pl\/en\/wp-json\/wp\/v2\/types\/post"}],"author":[{"embeddable":true,"href":"https:\/\/pyrkon.pl\/en\/wp-json\/wp\/v2\/users\/7"}],"replies":[{"embeddable":true,"href":"https:\/\/pyrkon.pl\/en\/wp-json\/wp\/v2\/comments?post=41986"}],"version-history":[{"count":1,"href":"https:\/\/pyrkon.pl\/en\/wp-json\/wp\/v2\/posts\/41986\/revisions"}],"predecessor-version":[{"id":41987,"href":"https:\/\/pyrkon.pl\/en\/wp-json\/wp\/v2\/posts\/41986\/revisions\/41987"}],"wp:featuredmedia":[{"embeddable":true,"href":"https:\/\/pyrkon.pl\/en\/wp-json\/wp\/v2\/media\/41960"}],"wp:attachment":[{"href":"https:\/\/pyrkon.pl\/en\/wp-json\/wp\/v2\/media?parent=41986"}],"wp:term":[{"taxonomy":"category","embeddable":true,"href":"https:\/\/pyrkon.pl\/en\/wp-json\/wp\/v2\/categories?post=41986"},{"taxonomy":"post_tag","embeddable":true,"href":"https:\/\/pyrkon.pl\/en\/wp-json\/wp\/v2\/tags?post=41986"},{"taxonomy":"pyr_topics","embeddable":true,"href":"https:\/\/pyrkon.pl\/en\/wp-json\/wp\/v2\/pyr_topics?post=41986"}],"curies":[{"name":"wp","href":"https:\/\/api.w.org\/{rel}","templated":true}]}}