{"id":42974,"date":"2025-01-20T12:00:24","date_gmt":"2025-01-20T11:00:24","guid":{"rendered":"https:\/\/pyrkon.pl\/?p=42974"},"modified":"2025-02-15T12:06:12","modified_gmt":"2025-02-15T11:06:12","slug":"sara-pichelli-will-visit-pyrkon-2025","status":"publish","type":"post","link":"https:\/\/pyrkon.pl\/en\/program-en\/sara-pichelli-will-visit-pyrkon-2025\/","title":{"rendered":"Sara Pichelli will visit Pyrkon 2025!"},"content":{"rendered":"\n<p><strong>The experienced creator of the graphic side of comics will visit Poznan in June 2025.<\/strong><\/p>\n\n\n\n<!--more-->\n\n\n\n<p>Sara started her career in animation, but soon discovered that it was drawing comics that was her true passion. She made her debut in the comics industry with Italian publisher Cut-Up, creating her first comic book <em>Sesso col coltello<\/em>. The next step was a collaboration with IDW Comics, where she illustrated series such as <em>Star Trek<\/em>. In 2008, after winning a worldwide art competition organized by Marvel Comics, she began working for the publisher.At Marvel, Sara has worked on a number of popular series, including <em>NYX<\/em>, <em>X-Men<\/em>, <em>Namora<\/em>, <em>Runaways<\/em> or <em>Ultimate Comics:<\/em>.<em> Spider-Man vol. 2<\/em>, where she became the lead artist.<\/p>\n\n\n\n<p><strong>Her Awards<\/strong><\/p>\n\n\n\n<p>She is the winner of the Eagle Award and Harvey Award in 2011, and two-time winner of the Stan Lee Awards. In 2014, she was among the new Marvel Young Guns, which is a program that recognizes the best emerging artists in the comics industry.<\/p>\n\n\n\n<p><strong>Further work<\/strong><\/p>\n\n\n\n<p>After 2014, Sara worked on refreshing <em>Guardians of the Galaxy<\/em> and <em>All-New X-Men<\/em>. She also created the first chapter of a special Spider-Man story, and in 2017 she returned to work on the character, drawing the second chapter.<\/p>\n\n\n\n<p>Shortly thereafter, she collaborated with Dan Slott on the revival of the <em>Fantastic Four<\/em>series, and teamed up with J.J. and Henry Abrams to create a new Spider-Man mini-series.In 2023, she began work on her solo series <em>Scarlet Witch<\/em>, which immediately gained immense popularity.<\/p>\n\n\n\n<p><\/p>\n\n\n\n<figure class=\"wp-block-image alignleft size-large is-resized\"><img loading=\"lazy\" decoding=\"async\" src=\"https:\/\/pyrkon.pl\/wp-content\/uploads\/2025\/01\/1200px-Sara_Pichelli_9318976147-867x1300.jpg\" alt=\"\" class=\"wp-image-42583\" width=\"344\" height=\"516\" srcset=\"https:\/\/pyrkon.pl\/wp-content\/uploads\/2025\/01\/1200px-Sara_Pichelli_9318976147-867x1300.jpg 867w, https:\/\/pyrkon.pl\/wp-content\/uploads\/2025\/01\/1200px-Sara_Pichelli_9318976147-200x300.jpg 200w, https:\/\/pyrkon.pl\/wp-content\/uploads\/2025\/01\/1200px-Sara_Pichelli_9318976147-768x1152.jpg 768w, https:\/\/pyrkon.pl\/wp-content\/uploads\/2025\/01\/1200px-Sara_Pichelli_9318976147-1024x1536.jpg 1024w, https:\/\/pyrkon.pl\/wp-content\/uploads\/2025\/01\/1200px-Sara_Pichelli_9318976147.jpg 1200w\" sizes=\"auto, (max-width: 344px) 100vw, 344px\" \/><\/figure>\n\n\n\n<p><strong>What to expect at Pyrkon?<\/strong><\/p>\n\n\n\n<p>During Pyrkon, there will certainly be no shortage of opportunities to get an autograph, a small drawing in your favorite comic book, and maybe even ask a few nagging questions. Whether you are an avid comic book fan or just starting out, meeting Sara Pichelli is an event not to be missed!<\/p>\n","protected":false},"excerpt":{"rendered":"<p>The experienced creator of the graphic side of comics will visit Poznan in June 2025.<\/p>\n","protected":false},"author":9605,"featured_media":42586,"comment_status":"closed","ping_status":"closed","sticky":false,"template":"","format":"standard","meta":{"_acf_changed":false,"footnotes":""},"categories":[14],"tags":[7786,7785,59,57,9863],"pyr_topics":[9645],"class_list":["post-42974","post","type-post","status-publish","format-standard","has-post-thumbnail","hentry","category-program-en","tag-comic-section","tag-comics-section","tag-guests","tag-program-en-2","tag-pyrkon2025-2","pyr_topics-comic-books-zone"],"acf":[],"yoast_head":"<!-- This site is optimized with the Yoast SEO Premium plugin v25.9 (Yoast SEO v25.9) - https:\/\/yoast.com\/wordpress\/plugins\/seo\/ -->\n<title>Sara Pichelli will visit Pyrkon 2025! &#8902; Pyrkon Fantastyczne Miejsce Spotka\u0144<\/title>\n<meta name=\"robots\" content=\"index, follow, max-snippet:-1, max-image-preview:large, max-video-preview:-1\" \/>\n<link rel=\"canonical\" href=\"https:\/\/pyrkon.pl\/en\/program-en\/sara-pichelli-will-visit-pyrkon-2025\/\" \/>\n<meta property=\"og:locale\" content=\"en_US\" \/>\n<meta property=\"og:type\" content=\"article\" \/>\n<meta property=\"og:title\" content=\"Sara Pichelli will visit Pyrkon 2025!\" \/>\n<meta property=\"og:description\" content=\"The experienced creator of the graphic side of comics will visit Poznan in June 2025.\" \/>\n<meta property=\"og:url\" content=\"https:\/\/pyrkon.pl\/en\/program-en\/sara-pichelli-will-visit-pyrkon-2025\/\" \/>\n<meta property=\"og:site_name\" content=\"Pyrkon Fantastyczne Miejsce Spotka\u0144\" \/>\n<meta property=\"article:publisher\" content=\"https:\/\/www.facebook.com\/Pyrkon\" \/>\n<meta property=\"article:published_time\" content=\"2025-01-20T11:00:24+00:00\" \/>\n<meta property=\"article:modified_time\" content=\"2025-02-15T11:06:12+00:00\" \/>\n<meta property=\"og:image\" content=\"https:\/\/pyrkon.pl\/wp-content\/uploads\/2025\/01\/Projekt-bez-nazwy-5.png\" \/>\n\t<meta property=\"og:image:width\" content=\"900\" \/>\n\t<meta property=\"og:image:height\" content=\"505\" \/>\n\t<meta property=\"og:image:type\" content=\"image\/png\" \/>\n<meta name=\"author\" content=\"Anna Pajchrowska\" \/>\n<meta name=\"twitter:card\" content=\"summary_large_image\" \/>\n<meta name=\"twitter:creator\" content=\"@pyrkon\" \/>\n<meta name=\"twitter:site\" content=\"@pyrkon\" \/>\n<meta name=\"twitter:label1\" content=\"Written by\" \/>\n\t<meta name=\"twitter:data1\" content=\"Anna Pajchrowska\" \/>\n\t<meta name=\"twitter:label2\" content=\"Est. reading time\" \/>\n\t<meta name=\"twitter:data2\" content=\"3 minutes\" \/>\n<script type=\"application\/ld+json\" class=\"yoast-schema-graph\">{\"@context\":\"https:\/\/schema.org\",\"@graph\":[{\"@type\":\"Article\",\"@id\":\"https:\/\/pyrkon.pl\/en\/program-en\/sara-pichelli-will-visit-pyrkon-2025\/#article\",\"isPartOf\":{\"@id\":\"https:\/\/pyrkon.pl\/en\/program-en\/sara-pichelli-will-visit-pyrkon-2025\/\"},\"author\":{\"name\":\"Anna Pajchrowska\",\"@id\":\"https:\/\/pyrkon.pl\/#\/schema\/person\/f8b8736bd2befed122fa73c5cb63ebbb\"},\"headline\":\"Sara Pichelli will visit Pyrkon 2025!\",\"datePublished\":\"2025-01-20T11:00:24+00:00\",\"dateModified\":\"2025-02-15T11:06:12+00:00\",\"mainEntityOfPage\":{\"@id\":\"https:\/\/pyrkon.pl\/en\/program-en\/sara-pichelli-will-visit-pyrkon-2025\/\"},\"wordCount\":303,\"publisher\":{\"@id\":\"https:\/\/pyrkon.pl\/#organization\"},\"image\":{\"@id\":\"https:\/\/pyrkon.pl\/en\/program-en\/sara-pichelli-will-visit-pyrkon-2025\/#primaryimage\"},\"thumbnailUrl\":\"https:\/\/pyrkon.pl\/wp-content\/uploads\/2025\/01\/Projekt-bez-nazwy-6.png\",\"keywords\":[\"comic section\",\"comics section\",\"guests\",\"program\",\"pyrkon2025\"],\"articleSection\":[\"Program\"],\"inLanguage\":\"en-US\"},{\"@type\":\"WebPage\",\"@id\":\"https:\/\/pyrkon.pl\/en\/program-en\/sara-pichelli-will-visit-pyrkon-2025\/\",\"url\":\"https:\/\/pyrkon.pl\/en\/program-en\/sara-pichelli-will-visit-pyrkon-2025\/\",\"name\":\"Sara Pichelli will visit Pyrkon 2025! &#8902; Pyrkon Fantastyczne Miejsce Spotka\u0144\",\"isPartOf\":{\"@id\":\"https:\/\/pyrkon.pl\/#website\"},\"primaryImageOfPage\":{\"@id\":\"https:\/\/pyrkon.pl\/en\/program-en\/sara-pichelli-will-visit-pyrkon-2025\/#primaryimage\"},\"image\":{\"@id\":\"https:\/\/pyrkon.pl\/en\/program-en\/sara-pichelli-will-visit-pyrkon-2025\/#primaryimage\"},\"thumbnailUrl\":\"https:\/\/pyrkon.pl\/wp-content\/uploads\/2025\/01\/Projekt-bez-nazwy-6.png\",\"datePublished\":\"2025-01-20T11:00:24+00:00\",\"dateModified\":\"2025-02-15T11:06:12+00:00\",\"breadcrumb\":{\"@id\":\"https:\/\/pyrkon.pl\/en\/program-en\/sara-pichelli-will-visit-pyrkon-2025\/#breadcrumb\"},\"inLanguage\":\"en-US\",\"potentialAction\":[{\"@type\":\"ReadAction\",\"target\":[\"https:\/\/pyrkon.pl\/en\/program-en\/sara-pichelli-will-visit-pyrkon-2025\/\"]}]},{\"@type\":\"ImageObject\",\"inLanguage\":\"en-US\",\"@id\":\"https:\/\/pyrkon.pl\/en\/program-en\/sara-pichelli-will-visit-pyrkon-2025\/#primaryimage\",\"url\":\"https:\/\/pyrkon.pl\/wp-content\/uploads\/2025\/01\/Projekt-bez-nazwy-6.png\",\"contentUrl\":\"https:\/\/pyrkon.pl\/wp-content\/uploads\/2025\/01\/Projekt-bez-nazwy-6.png\",\"width\":1200,\"height\":630},{\"@type\":\"BreadcrumbList\",\"@id\":\"https:\/\/pyrkon.pl\/en\/program-en\/sara-pichelli-will-visit-pyrkon-2025\/#breadcrumb\",\"itemListElement\":[{\"@type\":\"ListItem\",\"position\":1,\"name\":\"Strona g\u0142\u00f3wna\",\"item\":\"https:\/\/pyrkon.pl\/en\/\"},{\"@type\":\"ListItem\",\"position\":2,\"name\":\"Program\",\"item\":\"https:\/\/pyrkon.pl\/en\/category\/program-en\/\"},{\"@type\":\"ListItem\",\"position\":3,\"name\":\"Sara Pichelli will visit Pyrkon 2025!\"}]},{\"@type\":\"WebSite\",\"@id\":\"https:\/\/pyrkon.pl\/#website\",\"url\":\"https:\/\/pyrkon.pl\/\",\"name\":\"Pyrkon Fantastyczne Miejsce Spotka\u0144\",\"description\":\"Festiwal Fantastyki\",\"publisher\":{\"@id\":\"https:\/\/pyrkon.pl\/#organization\"},\"potentialAction\":[{\"@type\":\"SearchAction\",\"target\":{\"@type\":\"EntryPoint\",\"urlTemplate\":\"https:\/\/pyrkon.pl\/?s={search_term_string}\"},\"query-input\":{\"@type\":\"PropertyValueSpecification\",\"valueRequired\":true,\"valueName\":\"search_term_string\"}}],\"inLanguage\":\"en-US\"},{\"@type\":\"Organization\",\"@id\":\"https:\/\/pyrkon.pl\/#organization\",\"name\":\"Pyrkon Fantastyczne Miejsce Spotka\u0144\",\"url\":\"https:\/\/pyrkon.pl\/\",\"logo\":{\"@type\":\"ImageObject\",\"inLanguage\":\"en-US\",\"@id\":\"https:\/\/pyrkon.pl\/#\/schema\/logo\/image\/\",\"url\":\"https:\/\/pyrkon.pl\/wp-content\/uploads\/2018\/02\/Festiwal_Fantastyki_Pyrkon_logo_Black_CMYK.jpg\",\"contentUrl\":\"https:\/\/pyrkon.pl\/wp-content\/uploads\/2018\/02\/Festiwal_Fantastyki_Pyrkon_logo_Black_CMYK.jpg\",\"width\":1300,\"height\":401,\"caption\":\"Pyrkon Fantastyczne Miejsce Spotka\u0144\"},\"image\":{\"@id\":\"https:\/\/pyrkon.pl\/#\/schema\/logo\/image\/\"},\"sameAs\":[\"https:\/\/www.facebook.com\/Pyrkon\",\"https:\/\/x.com\/pyrkon\",\"https:\/\/www.instagram.com\/pyrkon\/\",\"https:\/\/www.youtube.com\/user\/FestiwalPyrkon\"]},{\"@type\":\"Person\",\"@id\":\"https:\/\/pyrkon.pl\/#\/schema\/person\/f8b8736bd2befed122fa73c5cb63ebbb\",\"name\":\"Anna Pajchrowska\",\"image\":{\"@type\":\"ImageObject\",\"inLanguage\":\"en-US\",\"@id\":\"https:\/\/pyrkon.pl\/#\/schema\/person\/image\/\",\"url\":\"https:\/\/secure.gravatar.com\/avatar\/f9b26a376a71813e43d951de2a08ca979bc20838cee3483152d9655270bbb81c?s=96&d=mm&r=g\",\"contentUrl\":\"https:\/\/secure.gravatar.com\/avatar\/f9b26a376a71813e43d951de2a08ca979bc20838cee3483152d9655270bbb81c?s=96&d=mm&r=g\",\"caption\":\"Anna Pajchrowska\"},\"description\":\"Za dnia - studentka dziennikarstwa i komunikacji spo\u0142ecznej. Wieczorami i w weekendy - wielka fanka fantastyki, mi\u0142o\u015bniczka czytania ksi\u0105\u017cek i ogl\u0105dania seriali.\",\"url\":\"https:\/\/pyrkon.pl\/en\/author\/anna-pajchrowska\/\"}]}<\/script>\n<!-- \/ Yoast SEO Premium plugin. -->","yoast_head_json":{"title":"Sara Pichelli will visit Pyrkon 2025! &#8902; Pyrkon Fantastyczne Miejsce Spotka\u0144","robots":{"index":"index","follow":"follow","max-snippet":"max-snippet:-1","max-image-preview":"max-image-preview:large","max-video-preview":"max-video-preview:-1"},"canonical":"https:\/\/pyrkon.pl\/en\/program-en\/sara-pichelli-will-visit-pyrkon-2025\/","og_locale":"en_US","og_type":"article","og_title":"Sara Pichelli will visit Pyrkon 2025!","og_description":"The experienced creator of the graphic side of comics will visit Poznan in June 2025.","og_url":"https:\/\/pyrkon.pl\/en\/program-en\/sara-pichelli-will-visit-pyrkon-2025\/","og_site_name":"Pyrkon Fantastyczne Miejsce Spotka\u0144","article_publisher":"https:\/\/www.facebook.com\/Pyrkon","article_published_time":"2025-01-20T11:00:24+00:00","article_modified_time":"2025-02-15T11:06:12+00:00","og_image":[{"width":900,"height":505,"url":"https:\/\/pyrkon.pl\/wp-content\/uploads\/2025\/01\/Projekt-bez-nazwy-5.png","type":"image\/png"}],"author":"Anna Pajchrowska","twitter_card":"summary_large_image","twitter_creator":"@pyrkon","twitter_site":"@pyrkon","twitter_misc":{"Written by":"Anna Pajchrowska","Est. reading time":"3 minutes"},"schema":{"@context":"https:\/\/schema.org","@graph":[{"@type":"Article","@id":"https:\/\/pyrkon.pl\/en\/program-en\/sara-pichelli-will-visit-pyrkon-2025\/#article","isPartOf":{"@id":"https:\/\/pyrkon.pl\/en\/program-en\/sara-pichelli-will-visit-pyrkon-2025\/"},"author":{"name":"Anna Pajchrowska","@id":"https:\/\/pyrkon.pl\/#\/schema\/person\/f8b8736bd2befed122fa73c5cb63ebbb"},"headline":"Sara Pichelli will visit Pyrkon 2025!","datePublished":"2025-01-20T11:00:24+00:00","dateModified":"2025-02-15T11:06:12+00:00","mainEntityOfPage":{"@id":"https:\/\/pyrkon.pl\/en\/program-en\/sara-pichelli-will-visit-pyrkon-2025\/"},"wordCount":303,"publisher":{"@id":"https:\/\/pyrkon.pl\/#organization"},"image":{"@id":"https:\/\/pyrkon.pl\/en\/program-en\/sara-pichelli-will-visit-pyrkon-2025\/#primaryimage"},"thumbnailUrl":"https:\/\/pyrkon.pl\/wp-content\/uploads\/2025\/01\/Projekt-bez-nazwy-6.png","keywords":["comic section","comics section","guests","program","pyrkon2025"],"articleSection":["Program"],"inLanguage":"en-US"},{"@type":"WebPage","@id":"https:\/\/pyrkon.pl\/en\/program-en\/sara-pichelli-will-visit-pyrkon-2025\/","url":"https:\/\/pyrkon.pl\/en\/program-en\/sara-pichelli-will-visit-pyrkon-2025\/","name":"Sara Pichelli will visit Pyrkon 2025! &#8902; Pyrkon Fantastyczne Miejsce Spotka\u0144","isPartOf":{"@id":"https:\/\/pyrkon.pl\/#website"},"primaryImageOfPage":{"@id":"https:\/\/pyrkon.pl\/en\/program-en\/sara-pichelli-will-visit-pyrkon-2025\/#primaryimage"},"image":{"@id":"https:\/\/pyrkon.pl\/en\/program-en\/sara-pichelli-will-visit-pyrkon-2025\/#primaryimage"},"thumbnailUrl":"https:\/\/pyrkon.pl\/wp-content\/uploads\/2025\/01\/Projekt-bez-nazwy-6.png","datePublished":"2025-01-20T11:00:24+00:00","dateModified":"2025-02-15T11:06:12+00:00","breadcrumb":{"@id":"https:\/\/pyrkon.pl\/en\/program-en\/sara-pichelli-will-visit-pyrkon-2025\/#breadcrumb"},"inLanguage":"en-US","potentialAction":[{"@type":"ReadAction","target":["https:\/\/pyrkon.pl\/en\/program-en\/sara-pichelli-will-visit-pyrkon-2025\/"]}]},{"@type":"ImageObject","inLanguage":"en-US","@id":"https:\/\/pyrkon.pl\/en\/program-en\/sara-pichelli-will-visit-pyrkon-2025\/#primaryimage","url":"https:\/\/pyrkon.pl\/wp-content\/uploads\/2025\/01\/Projekt-bez-nazwy-6.png","contentUrl":"https:\/\/pyrkon.pl\/wp-content\/uploads\/2025\/01\/Projekt-bez-nazwy-6.png","width":1200,"height":630},{"@type":"BreadcrumbList","@id":"https:\/\/pyrkon.pl\/en\/program-en\/sara-pichelli-will-visit-pyrkon-2025\/#breadcrumb","itemListElement":[{"@type":"ListItem","position":1,"name":"Strona g\u0142\u00f3wna","item":"https:\/\/pyrkon.pl\/en\/"},{"@type":"ListItem","position":2,"name":"Program","item":"https:\/\/pyrkon.pl\/en\/category\/program-en\/"},{"@type":"ListItem","position":3,"name":"Sara Pichelli will visit Pyrkon 2025!"}]},{"@type":"WebSite","@id":"https:\/\/pyrkon.pl\/#website","url":"https:\/\/pyrkon.pl\/","name":"Pyrkon Fantastyczne Miejsce Spotka\u0144","description":"Festiwal Fantastyki","publisher":{"@id":"https:\/\/pyrkon.pl\/#organization"},"potentialAction":[{"@type":"SearchAction","target":{"@type":"EntryPoint","urlTemplate":"https:\/\/pyrkon.pl\/?s={search_term_string}"},"query-input":{"@type":"PropertyValueSpecification","valueRequired":true,"valueName":"search_term_string"}}],"inLanguage":"en-US"},{"@type":"Organization","@id":"https:\/\/pyrkon.pl\/#organization","name":"Pyrkon Fantastyczne Miejsce Spotka\u0144","url":"https:\/\/pyrkon.pl\/","logo":{"@type":"ImageObject","inLanguage":"en-US","@id":"https:\/\/pyrkon.pl\/#\/schema\/logo\/image\/","url":"https:\/\/pyrkon.pl\/wp-content\/uploads\/2018\/02\/Festiwal_Fantastyki_Pyrkon_logo_Black_CMYK.jpg","contentUrl":"https:\/\/pyrkon.pl\/wp-content\/uploads\/2018\/02\/Festiwal_Fantastyki_Pyrkon_logo_Black_CMYK.jpg","width":1300,"height":401,"caption":"Pyrkon Fantastyczne Miejsce Spotka\u0144"},"image":{"@id":"https:\/\/pyrkon.pl\/#\/schema\/logo\/image\/"},"sameAs":["https:\/\/www.facebook.com\/Pyrkon","https:\/\/x.com\/pyrkon","https:\/\/www.instagram.com\/pyrkon\/","https:\/\/www.youtube.com\/user\/FestiwalPyrkon"]},{"@type":"Person","@id":"https:\/\/pyrkon.pl\/#\/schema\/person\/f8b8736bd2befed122fa73c5cb63ebbb","name":"Anna Pajchrowska","image":{"@type":"ImageObject","inLanguage":"en-US","@id":"https:\/\/pyrkon.pl\/#\/schema\/person\/image\/","url":"https:\/\/secure.gravatar.com\/avatar\/f9b26a376a71813e43d951de2a08ca979bc20838cee3483152d9655270bbb81c?s=96&d=mm&r=g","contentUrl":"https:\/\/secure.gravatar.com\/avatar\/f9b26a376a71813e43d951de2a08ca979bc20838cee3483152d9655270bbb81c?s=96&d=mm&r=g","caption":"Anna Pajchrowska"},"description":"Za dnia - studentka dziennikarstwa i komunikacji spo\u0142ecznej. Wieczorami i w weekendy - wielka fanka fantastyki, mi\u0142o\u015bniczka czytania ksi\u0105\u017cek i ogl\u0105dania seriali.","url":"https:\/\/pyrkon.pl\/en\/author\/anna-pajchrowska\/"}]}},"_links":{"self":[{"href":"https:\/\/pyrkon.pl\/en\/wp-json\/wp\/v2\/posts\/42974","targetHints":{"allow":["GET"]}}],"collection":[{"href":"https:\/\/pyrkon.pl\/en\/wp-json\/wp\/v2\/posts"}],"about":[{"href":"https:\/\/pyrkon.pl\/en\/wp-json\/wp\/v2\/types\/post"}],"author":[{"embeddable":true,"href":"https:\/\/pyrkon.pl\/en\/wp-json\/wp\/v2\/users\/9605"}],"replies":[{"embeddable":true,"href":"https:\/\/pyrkon.pl\/en\/wp-json\/wp\/v2\/comments?post=42974"}],"version-history":[{"count":1,"href":"https:\/\/pyrkon.pl\/en\/wp-json\/wp\/v2\/posts\/42974\/revisions"}],"predecessor-version":[{"id":42975,"href":"https:\/\/pyrkon.pl\/en\/wp-json\/wp\/v2\/posts\/42974\/revisions\/42975"}],"wp:featuredmedia":[{"embeddable":true,"href":"https:\/\/pyrkon.pl\/en\/wp-json\/wp\/v2\/media\/42586"}],"wp:attachment":[{"href":"https:\/\/pyrkon.pl\/en\/wp-json\/wp\/v2\/media?parent=42974"}],"wp:term":[{"taxonomy":"category","embeddable":true,"href":"https:\/\/pyrkon.pl\/en\/wp-json\/wp\/v2\/categories?post=42974"},{"taxonomy":"post_tag","embeddable":true,"href":"https:\/\/pyrkon.pl\/en\/wp-json\/wp\/v2\/tags?post=42974"},{"taxonomy":"pyr_topics","embeddable":true,"href":"https:\/\/pyrkon.pl\/en\/wp-json\/wp\/v2\/pyr_topics?post=42974"}],"curies":[{"name":"wp","href":"https:\/\/api.w.org\/{rel}","templated":true}]}}