{"id":43642,"date":"2025-03-17T16:00:00","date_gmt":"2025-03-17T15:00:00","guid":{"rendered":"https:\/\/pyrkon.pl\/?p=43642"},"modified":"2025-03-18T23:26:58","modified_gmt":"2025-03-18T22:26:58","slug":"echo-rodu-wandal-and-cronica-to-perform-at-pyrkon","status":"publish","type":"post","link":"https:\/\/pyrkon.pl\/en\/program-en\/echo-rodu-wandal-and-cronica-to-perform-at-pyrkon\/","title":{"rendered":"Echo Rodu, WANDAL, and Cronica to Perform at Pyrkon"},"content":{"rendered":"\n<p>Przygotujcie si\u0119 na muzyczn\u0105 podr\u00f3\u017c przez pradawne rytua\u0142y, mity i dzik\u0105 natur\u0119! Na Pyrkonie 2025 us\u0142yszycie pot\u0119\u017cne d\u017awi\u0119ki folk metalu, etnicznych instrument\u00f3w i elektronicznych brzmie\u0144 inspirowanych pierwotnymi kulturami Europy. Na scenie pojawi\u0105 si\u0119 zespo\u0142y Echo Rodu, WANDAL i Cronica, kt\u00f3re przenios\u0105 was w \u015bwiat legend, magii i czaruj\u0105cych melodii.<\/p>\n\n<!--more-->\n\n<h2 class=\"wp-block-heading\">Muzyka pop\u0142ynie z puszczy &#8211; przyzwie j\u0105 Echo Rodu!<\/h2>\n\n<p>Mi\u0142o\u015bnicy skocznej, inspirowanej natur\u0105 oraz pierwotn\u0105 s\u0142owia\u0144szczyzn\u0105 melodii poczuj\u0105 si\u0119 na Pyrkonie jak w rajskim ogrodzie. Poznajcie zesp\u00f3\u0142, kt\u00f3ry, interpretuj\u0105c tradycj\u0119 przez pryzmat nowoczesno\u015bci, zabierze was w podr\u00f3\u017c po pradawnych gajach i dzikich ost\u0119pach.<\/p>\n\n<h4 class=\"wp-block-heading\">Dajcie si\u0119 porwa\u0107 naturze<\/h4>\n\n<p>Echo Rodu powsta\u0142o w ost\u0119pach g\u00f3rskiej przyrody, kt\u00f3rej harmonijne wibracje nios\u0105 brzmienia organicznych d\u017awi\u0119k\u00f3w. To po\u0142\u0105czenie tradycyjnego s\u0142owia\u0144skiego folkloru i plemiennych rytm\u00f3w ze wsp\u00f3\u0142czesno\u015bci\u0105 &#8211; r\u00f3\u017cnorodnymi d\u017awi\u0119kami elektroniki, inspirowanej odg\u0142osami z dzikich las\u00f3w. Towarzysz\u0105 temu klimatyczne wokale oraz niecodzienne instrumenty z dawno minionej epoki, takie jak s\u0142owia\u0144ska harfa (gusli), lira korbowa i wiele innych.<\/p>\n\n<div style=\"height:25px\" aria-hidden=\"true\" class=\"wp-block-spacer\"><\/div>\n\n<figure class=\"wp-block-image size-large\"><img loading=\"lazy\" decoding=\"async\" width=\"1330\" height=\"1115\" src=\"https:\/\/pyrkon.pl\/wp-content\/uploads\/2025\/03\/0.-Echo-Rodu-Main1-1330x1115.png\" alt=\"\" class=\"wp-image-43632\" srcset=\"https:\/\/pyrkon.pl\/wp-content\/uploads\/2025\/03\/0.-Echo-Rodu-Main1-1330x1115.png 1330w, https:\/\/pyrkon.pl\/wp-content\/uploads\/2025\/03\/0.-Echo-Rodu-Main1-300x252.png 300w, https:\/\/pyrkon.pl\/wp-content\/uploads\/2025\/03\/0.-Echo-Rodu-Main1-768x644.png 768w, https:\/\/pyrkon.pl\/wp-content\/uploads\/2025\/03\/0.-Echo-Rodu-Main1-1536x1288.png 1536w, https:\/\/pyrkon.pl\/wp-content\/uploads\/2025\/03\/0.-Echo-Rodu-Main1.png 1998w\" sizes=\"auto, (max-width: 1330px) 100vw, 1330px\" \/><\/figure>\n\n<p class=\"has-text-align-center\"><a href=\"https:\/\/linktr.ee\/echorodu\"><strong>&gt;Linktr.ee&lt;<\/strong><\/a><\/p>\n\n<p>Muzyka zespo\u0142u, czerpi\u0105c z nurt\u00f3w takich jak organic downtempo, neotribal, psytrance i folktronica, jednocze\u015bnie wci\u0105ga s\u0142uchaczy w sam \u015brodek prastarych rytua\u0142\u00f3w i porywa do transowych ta\u0144c\u00f3w.<\/p>\n\n<p>Formacja w 2023 roku wyda\u0142a sw\u00f3j debiutancki album zatytu\u0142owany \u201cGorej\u201d. Obecnie jej cz\u0142onkowie nagrywaj\u0105 now\u0105 p\u0142yt\u0119, wsp\u00f3\u0142pracuj\u0105c z Paprodziadem. Niedawno ukaza\u0142 si\u0119 singiel \u201cRodu Root\u201d zwiastuj\u0105cy nowy kr\u0105\u017cek.<\/p>\n\n<h2 class=\"wp-block-heading\" id=\"h-niech-sama-ziemia-zadrzy-zespol-wandal-zagra-na-pyrkonie\">Niech sama ziemia zadr\u017cy \u2013 zesp\u00f3\u0142 WANDAL zagra na Pyrkonie!<\/h2>\n\n<p>W tym roku na Pyrkonie rozbrzmiewa\u0107 b\u0119d\u0105 g\u0142\u0119bokie, pierwotne melodie, wydobywaj\u0105ce si\u0119 z otch\u0142ani minionych wiek\u00f3w. Towarzyszy\u0107 im b\u0119dzie metalowa stylistyka po\u0142\u0105czona z brzmieniem instrument\u00f3w etnicznych. Pot\u0119\u017cne b\u0119bny, \u017cywe fidele, gitary oraz unikalne g\u0142osy przebudz\u0105 muzyk\u0119, kt\u00f3ra niczym krew p\u0142ynie w pradawnych \u017cy\u0142ach Starego Kontynentu.<\/p>\n\n<h4 class=\"wp-block-heading\">Us\u0142yszcie pierwotny zew<\/h4>\n\n<p>WANDAL to polsko-norweska grupa muzyczna graj\u0105ca heavy\/dark\/acoustic\/folk metal.<br\/>Pierwsze plany stworzenia zespo\u0142u zacz\u0119\u0142y si\u0119 kszta\u0142towa\u0107 siedem lat temu, kiedy Marcin Dzi\u0119cio\u0142, jego za\u0142o\u017cyciel, sta\u0142 si\u0119 kolekcjonerem dawnych instrument\u00f3w.<br\/>\u0141\u0105cz\u0105c si\u0142y ze swoim bratem Adrianem, tw\u00f3rc\u0105 zespo\u0142u LIVERUM, Marcin rozpocz\u0105\u0142 poszukiwania unikalnego brzmienia. W oparciu o do\u015bwiadczenie z muzyk\u0105 metalow\u0105, bracia dodali do swoich utwor\u00f3w akustyczny akcent, tworz\u0105c obecne oblicze projektu \u2013 zesp\u00f3\u0142 WANDAL.<\/p>\n\n<div style=\"height:25px\" aria-hidden=\"true\" class=\"wp-block-spacer\"><\/div>\n\n<figure class=\"wp-block-image size-large\"><img loading=\"lazy\" decoding=\"async\" width=\"1330\" height=\"887\" src=\"https:\/\/pyrkon.pl\/wp-content\/uploads\/2025\/03\/Bez-n222azwy-1330x887.jpg\" alt=\"\" class=\"wp-image-43630\" srcset=\"https:\/\/pyrkon.pl\/wp-content\/uploads\/2025\/03\/Bez-n222azwy-1330x887.jpg 1330w, https:\/\/pyrkon.pl\/wp-content\/uploads\/2025\/03\/Bez-n222azwy-300x200.jpg 300w, https:\/\/pyrkon.pl\/wp-content\/uploads\/2025\/03\/Bez-n222azwy-768x512.jpg 768w, https:\/\/pyrkon.pl\/wp-content\/uploads\/2025\/03\/Bez-n222azwy-1536x1024.jpg 1536w, https:\/\/pyrkon.pl\/wp-content\/uploads\/2025\/03\/Bez-n222azwy.jpg 1600w\" sizes=\"auto, (max-width: 1330px) 100vw, 1330px\" \/><\/figure>\n\n<p class=\"has-text-align-center\"><a href=\"https:\/\/linktr.ee\/WANDALIA\" target=\"_blank\" rel=\"noreferrer noopener\"><strong>&gt;Linktr.ee&lt;<\/strong><\/a><\/p>\n\n<p>Teksty i nastr\u00f3j ich utwor\u00f3w o\u017cywiaj\u0105 duchy pradawnej i dzikiej p\u00f3\u0142nocy oraz S\u0142owia\u0144szczyzny.\u00a0<br\/>Jak opisuje to sam za\u0142o\u017cyciel zespo\u0142u:<br\/>\u201eDorastali\u015bmy w Norwegii, gdzie wyjechali\u015bmy w nastoletnim wieku z ca\u0142\u0105 rodzin\u0105. Inspiracj\u0105 sta\u0142y si\u0119 monumentalna natura oraz staro\u017cytna kultura europejska, skandynawska i jej dziedzictwo.\u201d<\/p>\n\n<p>Debiutancki album zespo\u0142u mia\u0142 swoj\u0105 premier\u0119 latem 2024 roku. Obrazuje on styl WANDALA oraz ich wizj\u0119 muzyczn\u0105. Prawie ka\u017cdy utw\u00f3r z p\u0142yty zosta\u0142 zilustrowany wideoklipem, stworzonym we wsp\u00f3\u0142pracy z grup\u0105 AceOfArt.<\/p>\n\n<h2 class=\"wp-block-heading\">Ryk, w kt\u00f3rego echu odbijaj\u0105 si\u0119 pradawne melodie &#8211; poznajcie zesp\u00f3\u0142 Cronica<\/h2>\n\n<p>Dajcie si\u0119 porwa\u0107 w podr\u00f3\u017c przez mitologiczne opowie\u015bci, mistyczne wierzenia i surow\u0105 si\u0142\u0119 natury, zamkni\u0119t\u0105 w pot\u0119\u017cnym brzmieniu folk metalu. Za spraw\u0105 naszych go\u015bci pod Scen\u0105 Plenerow\u0105 otworz\u0105 si\u0119 wrota do \u015bwiata pradawnych legend, gdzie duchy przesz\u0142o\u015bci splataj\u0105 si\u0119 z niejasnym widmem wsp\u00f3\u0142czesno\u015bci.<\/p>\n\n<h4 class=\"wp-block-heading\">Wezwijcie pradawne moce<\/h4>\n\n<p>Cronica powsta\u0142a w 2014 roku w Jaworznie, a jej styl mo\u017cna okre\u015bli\u0107 jako po\u0142\u0105czenie tradycyjnych melodii z ci\u0119\u017ckim, metalowym brzmieniem, kt\u00f3remu towarzyszy szeroki wachlarz technik wokalnych &#8211; pocz\u0105wszy od stylu klasycznego i operowego, a sko\u0144czywszy na growlu i screamie. Utwory wykonywane przez cz\u0142onk\u00f3w zespo\u0142u poruszaj\u0105 si\u0119 w obszarze mitologii s\u0142owia\u0144skiej, ale czerpi\u0105 r\u00f3wnie\u017c inspiracje z legend greckich, nordyckich czy \u017cydowskich. Opr\u00f3cz mit\u00f3w i dawnych wierze\u0144 Cronica eksploruje r\u00f3wnie\u017c filozofi\u0119, kondycj\u0119 cz\u0142owieka i wsp\u00f3\u0142czesne problemy, nadaj\u0105c cz\u0119\u015bci swoich utwor\u00f3w bardziej refleksyjny charakter.<\/p>\n\n<div style=\"height:25px\" aria-hidden=\"true\" class=\"wp-block-spacer\"><\/div>\n\n<figure class=\"wp-block-image size-large\"><img loading=\"lazy\" decoding=\"async\" width=\"1330\" height=\"887\" src=\"https:\/\/pyrkon.pl\/wp-content\/uploads\/2025\/03\/image00002-1330x887.jpg\" alt=\"\" class=\"wp-image-43649\" srcset=\"https:\/\/pyrkon.pl\/wp-content\/uploads\/2025\/03\/image00002-1330x887.jpg 1330w, https:\/\/pyrkon.pl\/wp-content\/uploads\/2025\/03\/image00002-300x200.jpg 300w, https:\/\/pyrkon.pl\/wp-content\/uploads\/2025\/03\/image00002-768x512.jpg 768w, https:\/\/pyrkon.pl\/wp-content\/uploads\/2025\/03\/image00002-1536x1024.jpg 1536w, https:\/\/pyrkon.pl\/wp-content\/uploads\/2025\/03\/image00002-scaled.jpg 2048w\" sizes=\"auto, (max-width: 1330px) 100vw, 1330px\" \/><\/figure>\n\n<p class=\"has-text-align-center\"><a href=\"https:\/\/www.youtube.com\/c\/CronicaOfficial\" target=\"_blank\" rel=\"noreferrer noopener\"><strong>&gt;YouTube&lt;<\/strong><\/a><\/p>\n\n<p>Dyskografia zespo\u0142u obejmuje trzy wydawnictwa: debiutancki album <em>\u015awit historii<\/em> (2015), <em>Na tej ziemi<\/em> (2016) oraz najnowszy kr\u0105\u017cek &#8211; <em>Ukony<\/em> (2022), ukazuj\u0105cy ci\u0119\u017csze i bli\u017csze heavy metalowi oblicze zespo\u0142u.\u00a0<\/p>\n\n<p>Cronica to tak\u017ce energia sceniczna i pasja do koncertowania. Zesp\u00f3\u0142 regularnie wyst\u0119puje w ca\u0142ej Polsce i poza jej granicami, dziel\u0105c scen\u0119 z czo\u0142owymi grupami folk-metalowymi Europy. W\u015br\u00f3d festiwali, na kt\u00f3rych mo\u017cna by\u0142o ich zobaczy\u0107, znajduj\u0105 si\u0119 takie wydarzenia jak Pol&#8217;and&#8217;Rock Festival czy S\u0142owia\u0144ska Noc Folk Metalowa. Teraz ich pot\u0119\u017cne, folk-metalowe brzmienie zaw\u0142adnie Pyrkonem \u2013 gotowi na d\u017awi\u0119kowy rytua\u0142?<\/p>\n","protected":false},"excerpt":{"rendered":"<p>At Pyrkon 2025, you will hear the powerful sounds of folk metal, ethnic instruments, and electronic tones inspired by Europe\u2019s primal cultures.<\/p>\n","protected":false},"author":9583,"featured_media":43638,"comment_status":"closed","ping_status":"closed","sticky":false,"template":"","format":"standard","meta":{"_acf_changed":false,"footnotes":""},"categories":[14],"tags":[9755,59],"pyr_topics":[9672],"class_list":["post-43642","post","type-post","status-publish","format-standard","has-post-thumbnail","hentry","category-program-en","tag-concerts","tag-guests","pyr_topics-outdoor-stage"],"acf":[],"yoast_head":"<!-- This site is optimized with the Yoast SEO Premium plugin v25.9 (Yoast SEO v25.9) - https:\/\/yoast.com\/wordpress\/plugins\/seo\/ -->\n<title>Echo Rodu, WANDAL, and Cronica to Perform at Pyrkon &#8902; Pyrkon Fantastyczne Miejsce Spotka\u0144<\/title>\n<meta name=\"description\" content=\"At Pyrkon 2025, you will hear the powerful sounds of folk metal, ethnic instruments, and tones inspired by Europe\u2019s primal cultures.\" \/>\n<meta name=\"robots\" content=\"index, follow, max-snippet:-1, max-image-preview:large, max-video-preview:-1\" \/>\n<link rel=\"canonical\" href=\"https:\/\/pyrkon.pl\/en\/program-en\/echo-rodu-wandal-and-cronica-to-perform-at-pyrkon\/\" \/>\n<meta property=\"og:locale\" content=\"en_US\" \/>\n<meta property=\"og:type\" content=\"article\" \/>\n<meta property=\"og:title\" content=\"Echo Rodu, WANDAL, and Cronica to Perform at Pyrkon\" \/>\n<meta property=\"og:description\" content=\"At Pyrkon 2025, you will hear the powerful sounds of folk metal, ethnic instruments, and tones inspired by Europe\u2019s primal cultures.\" \/>\n<meta property=\"og:url\" content=\"https:\/\/pyrkon.pl\/en\/program-en\/echo-rodu-wandal-and-cronica-to-perform-at-pyrkon\/\" \/>\n<meta property=\"og:site_name\" content=\"Pyrkon Fantastyczne Miejsce Spotka\u0144\" \/>\n<meta property=\"article:publisher\" content=\"https:\/\/www.facebook.com\/Pyrkon\" \/>\n<meta property=\"article:published_time\" content=\"2025-03-17T15:00:00+00:00\" \/>\n<meta property=\"article:modified_time\" content=\"2025-03-18T22:26:58+00:00\" \/>\n<meta property=\"og:image\" content=\"https:\/\/pyrkon.pl\/wp-content\/uploads\/2025\/03\/Projekt-bez-nazwy-3.png\" \/>\n\t<meta property=\"og:image:width\" content=\"1200\" \/>\n\t<meta property=\"og:image:height\" content=\"630\" \/>\n\t<meta property=\"og:image:type\" content=\"image\/png\" \/>\n<meta name=\"author\" content=\"Szymon Nowaczyk\" \/>\n<meta name=\"twitter:card\" content=\"summary_large_image\" \/>\n<meta name=\"twitter:description\" content=\"At Pyrkon 2025, you will hear the powerful sounds of folk metal, ethnic instruments, and tones inspired by Europe\u2019s primal cultures.\" \/>\n<meta name=\"twitter:image\" content=\"https:\/\/pyrkon.pl\/wp-content\/uploads\/2025\/03\/Projekt-bez-nazwy-3.png\" \/>\n<meta name=\"twitter:creator\" content=\"@pyrkon\" \/>\n<meta name=\"twitter:site\" content=\"@pyrkon\" \/>\n<meta name=\"twitter:label1\" content=\"Written by\" \/>\n\t<meta name=\"twitter:data1\" content=\"Szymon Nowaczyk\" \/>\n\t<meta name=\"twitter:label2\" content=\"Est. reading time\" \/>\n\t<meta name=\"twitter:data2\" content=\"5 minutes\" \/>\n<script type=\"application\/ld+json\" class=\"yoast-schema-graph\">{\"@context\":\"https:\/\/schema.org\",\"@graph\":[{\"@type\":\"Article\",\"@id\":\"https:\/\/pyrkon.pl\/en\/program-en\/echo-rodu-wandal-and-cronica-to-perform-at-pyrkon\/#article\",\"isPartOf\":{\"@id\":\"https:\/\/pyrkon.pl\/en\/program-en\/echo-rodu-wandal-and-cronica-to-perform-at-pyrkon\/\"},\"author\":{\"name\":\"Szymon Nowaczyk\",\"@id\":\"https:\/\/pyrkon.pl\/#\/schema\/person\/c030e2bb0e1ed3e9d3c895247d3f3164\"},\"headline\":\"Echo Rodu, WANDAL, and Cronica to Perform at Pyrkon\",\"datePublished\":\"2025-03-17T15:00:00+00:00\",\"dateModified\":\"2025-03-18T22:26:58+00:00\",\"mainEntityOfPage\":{\"@id\":\"https:\/\/pyrkon.pl\/en\/program-en\/echo-rodu-wandal-and-cronica-to-perform-at-pyrkon\/\"},\"wordCount\":797,\"publisher\":{\"@id\":\"https:\/\/pyrkon.pl\/#organization\"},\"image\":{\"@id\":\"https:\/\/pyrkon.pl\/en\/program-en\/echo-rodu-wandal-and-cronica-to-perform-at-pyrkon\/#primaryimage\"},\"thumbnailUrl\":\"https:\/\/pyrkon.pl\/wp-content\/uploads\/2025\/03\/Projekt-bez-nazwy-5.png\",\"keywords\":[\"concerts\",\"guests\"],\"articleSection\":[\"Program\"],\"inLanguage\":\"en-US\"},{\"@type\":\"WebPage\",\"@id\":\"https:\/\/pyrkon.pl\/en\/program-en\/echo-rodu-wandal-and-cronica-to-perform-at-pyrkon\/\",\"url\":\"https:\/\/pyrkon.pl\/en\/program-en\/echo-rodu-wandal-and-cronica-to-perform-at-pyrkon\/\",\"name\":\"Echo Rodu, WANDAL, and Cronica to Perform at Pyrkon &#8902; Pyrkon Fantastyczne Miejsce Spotka\u0144\",\"isPartOf\":{\"@id\":\"https:\/\/pyrkon.pl\/#website\"},\"primaryImageOfPage\":{\"@id\":\"https:\/\/pyrkon.pl\/en\/program-en\/echo-rodu-wandal-and-cronica-to-perform-at-pyrkon\/#primaryimage\"},\"image\":{\"@id\":\"https:\/\/pyrkon.pl\/en\/program-en\/echo-rodu-wandal-and-cronica-to-perform-at-pyrkon\/#primaryimage\"},\"thumbnailUrl\":\"https:\/\/pyrkon.pl\/wp-content\/uploads\/2025\/03\/Projekt-bez-nazwy-5.png\",\"datePublished\":\"2025-03-17T15:00:00+00:00\",\"dateModified\":\"2025-03-18T22:26:58+00:00\",\"description\":\"At Pyrkon 2025, you will hear the powerful sounds of folk metal, ethnic instruments, and tones inspired by Europe\u2019s primal cultures.\",\"breadcrumb\":{\"@id\":\"https:\/\/pyrkon.pl\/en\/program-en\/echo-rodu-wandal-and-cronica-to-perform-at-pyrkon\/#breadcrumb\"},\"inLanguage\":\"en-US\",\"potentialAction\":[{\"@type\":\"ReadAction\",\"target\":[\"https:\/\/pyrkon.pl\/en\/program-en\/echo-rodu-wandal-and-cronica-to-perform-at-pyrkon\/\"]}]},{\"@type\":\"ImageObject\",\"inLanguage\":\"en-US\",\"@id\":\"https:\/\/pyrkon.pl\/en\/program-en\/echo-rodu-wandal-and-cronica-to-perform-at-pyrkon\/#primaryimage\",\"url\":\"https:\/\/pyrkon.pl\/wp-content\/uploads\/2025\/03\/Projekt-bez-nazwy-5.png\",\"contentUrl\":\"https:\/\/pyrkon.pl\/wp-content\/uploads\/2025\/03\/Projekt-bez-nazwy-5.png\",\"width\":900,\"height\":505},{\"@type\":\"BreadcrumbList\",\"@id\":\"https:\/\/pyrkon.pl\/en\/program-en\/echo-rodu-wandal-and-cronica-to-perform-at-pyrkon\/#breadcrumb\",\"itemListElement\":[{\"@type\":\"ListItem\",\"position\":1,\"name\":\"Strona g\u0142\u00f3wna\",\"item\":\"https:\/\/pyrkon.pl\/en\/\"},{\"@type\":\"ListItem\",\"position\":2,\"name\":\"Program\",\"item\":\"https:\/\/pyrkon.pl\/category\/program\/\"},{\"@type\":\"ListItem\",\"position\":3,\"name\":\"Echo Rodu, WANDAL, and Cronica to Perform at Pyrkon\"}]},{\"@type\":\"WebSite\",\"@id\":\"https:\/\/pyrkon.pl\/#website\",\"url\":\"https:\/\/pyrkon.pl\/\",\"name\":\"Pyrkon Fantastyczne Miejsce Spotka\u0144\",\"description\":\"Festiwal Fantastyki\",\"publisher\":{\"@id\":\"https:\/\/pyrkon.pl\/#organization\"},\"potentialAction\":[{\"@type\":\"SearchAction\",\"target\":{\"@type\":\"EntryPoint\",\"urlTemplate\":\"https:\/\/pyrkon.pl\/?s={search_term_string}\"},\"query-input\":{\"@type\":\"PropertyValueSpecification\",\"valueRequired\":true,\"valueName\":\"search_term_string\"}}],\"inLanguage\":\"en-US\"},{\"@type\":\"Organization\",\"@id\":\"https:\/\/pyrkon.pl\/#organization\",\"name\":\"Pyrkon Fantastyczne Miejsce Spotka\u0144\",\"url\":\"https:\/\/pyrkon.pl\/\",\"logo\":{\"@type\":\"ImageObject\",\"inLanguage\":\"en-US\",\"@id\":\"https:\/\/pyrkon.pl\/#\/schema\/logo\/image\/\",\"url\":\"https:\/\/pyrkon.pl\/wp-content\/uploads\/2018\/02\/Festiwal_Fantastyki_Pyrkon_logo_Black_CMYK.jpg\",\"contentUrl\":\"https:\/\/pyrkon.pl\/wp-content\/uploads\/2018\/02\/Festiwal_Fantastyki_Pyrkon_logo_Black_CMYK.jpg\",\"width\":1300,\"height\":401,\"caption\":\"Pyrkon Fantastyczne Miejsce Spotka\u0144\"},\"image\":{\"@id\":\"https:\/\/pyrkon.pl\/#\/schema\/logo\/image\/\"},\"sameAs\":[\"https:\/\/www.facebook.com\/Pyrkon\",\"https:\/\/x.com\/pyrkon\",\"https:\/\/www.instagram.com\/pyrkon\/\",\"https:\/\/www.youtube.com\/user\/FestiwalPyrkon\"]},{\"@type\":\"Person\",\"@id\":\"https:\/\/pyrkon.pl\/#\/schema\/person\/c030e2bb0e1ed3e9d3c895247d3f3164\",\"name\":\"Szymon Nowaczyk\",\"image\":{\"@type\":\"ImageObject\",\"inLanguage\":\"en-US\",\"@id\":\"https:\/\/pyrkon.pl\/#\/schema\/person\/image\/\",\"url\":\"https:\/\/secure.gravatar.com\/avatar\/5348fd5d1e593eb53abce461dbd632e906df44dd9596fe886fe3e578f1a7e603?s=96&d=mm&r=g\",\"contentUrl\":\"https:\/\/secure.gravatar.com\/avatar\/5348fd5d1e593eb53abce461dbd632e906df44dd9596fe886fe3e578f1a7e603?s=96&d=mm&r=g\",\"caption\":\"Szymon Nowaczyk\"},\"description\":\"Z wykszta\u0142cenia technik weterynarii, z braku laku \u2013 student informatyki. Torturuje swoich bliskich godzinnymi wyk\u0142adami o obskurnych szczeg\u00f3\u0142ach lore Warhammera 40 000. Od jego og\u0142uszaj\u0105cej paplaniny i basowego \u015bmiechu trz\u0119s\u0105 si\u0119 posadzki. Na konwentach spotkacie go niemal wy\u0142\u0105cznie przy sto\u0142ach z grami planszowymi i bitewnymi.\",\"url\":\"https:\/\/pyrkon.pl\/en\/author\/szymon-nowaczyk\/\"}]}<\/script>\n<!-- \/ Yoast SEO Premium plugin. -->","yoast_head_json":{"title":"Echo Rodu, WANDAL, and Cronica to Perform at Pyrkon &#8902; Pyrkon Fantastyczne Miejsce Spotka\u0144","description":"At Pyrkon 2025, you will hear the powerful sounds of folk metal, ethnic instruments, and tones inspired by Europe\u2019s primal cultures.","robots":{"index":"index","follow":"follow","max-snippet":"max-snippet:-1","max-image-preview":"max-image-preview:large","max-video-preview":"max-video-preview:-1"},"canonical":"https:\/\/pyrkon.pl\/en\/program-en\/echo-rodu-wandal-and-cronica-to-perform-at-pyrkon\/","og_locale":"en_US","og_type":"article","og_title":"Echo Rodu, WANDAL, and Cronica to Perform at Pyrkon","og_description":"At Pyrkon 2025, you will hear the powerful sounds of folk metal, ethnic instruments, and tones inspired by Europe\u2019s primal cultures.","og_url":"https:\/\/pyrkon.pl\/en\/program-en\/echo-rodu-wandal-and-cronica-to-perform-at-pyrkon\/","og_site_name":"Pyrkon Fantastyczne Miejsce Spotka\u0144","article_publisher":"https:\/\/www.facebook.com\/Pyrkon","article_published_time":"2025-03-17T15:00:00+00:00","article_modified_time":"2025-03-18T22:26:58+00:00","og_image":[{"width":1200,"height":630,"url":"https:\/\/pyrkon.pl\/wp-content\/uploads\/2025\/03\/Projekt-bez-nazwy-3.png","type":"image\/png"}],"author":"Szymon Nowaczyk","twitter_card":"summary_large_image","twitter_description":"At Pyrkon 2025, you will hear the powerful sounds of folk metal, ethnic instruments, and tones inspired by Europe\u2019s primal cultures.","twitter_image":"https:\/\/pyrkon.pl\/wp-content\/uploads\/2025\/03\/Projekt-bez-nazwy-3.png","twitter_creator":"@pyrkon","twitter_site":"@pyrkon","twitter_misc":{"Written by":"Szymon Nowaczyk","Est. reading time":"5 minutes"},"schema":{"@context":"https:\/\/schema.org","@graph":[{"@type":"Article","@id":"https:\/\/pyrkon.pl\/en\/program-en\/echo-rodu-wandal-and-cronica-to-perform-at-pyrkon\/#article","isPartOf":{"@id":"https:\/\/pyrkon.pl\/en\/program-en\/echo-rodu-wandal-and-cronica-to-perform-at-pyrkon\/"},"author":{"name":"Szymon Nowaczyk","@id":"https:\/\/pyrkon.pl\/#\/schema\/person\/c030e2bb0e1ed3e9d3c895247d3f3164"},"headline":"Echo Rodu, WANDAL, and Cronica to Perform at Pyrkon","datePublished":"2025-03-17T15:00:00+00:00","dateModified":"2025-03-18T22:26:58+00:00","mainEntityOfPage":{"@id":"https:\/\/pyrkon.pl\/en\/program-en\/echo-rodu-wandal-and-cronica-to-perform-at-pyrkon\/"},"wordCount":797,"publisher":{"@id":"https:\/\/pyrkon.pl\/#organization"},"image":{"@id":"https:\/\/pyrkon.pl\/en\/program-en\/echo-rodu-wandal-and-cronica-to-perform-at-pyrkon\/#primaryimage"},"thumbnailUrl":"https:\/\/pyrkon.pl\/wp-content\/uploads\/2025\/03\/Projekt-bez-nazwy-5.png","keywords":["concerts","guests"],"articleSection":["Program"],"inLanguage":"en-US"},{"@type":"WebPage","@id":"https:\/\/pyrkon.pl\/en\/program-en\/echo-rodu-wandal-and-cronica-to-perform-at-pyrkon\/","url":"https:\/\/pyrkon.pl\/en\/program-en\/echo-rodu-wandal-and-cronica-to-perform-at-pyrkon\/","name":"Echo Rodu, WANDAL, and Cronica to Perform at Pyrkon &#8902; Pyrkon Fantastyczne Miejsce Spotka\u0144","isPartOf":{"@id":"https:\/\/pyrkon.pl\/#website"},"primaryImageOfPage":{"@id":"https:\/\/pyrkon.pl\/en\/program-en\/echo-rodu-wandal-and-cronica-to-perform-at-pyrkon\/#primaryimage"},"image":{"@id":"https:\/\/pyrkon.pl\/en\/program-en\/echo-rodu-wandal-and-cronica-to-perform-at-pyrkon\/#primaryimage"},"thumbnailUrl":"https:\/\/pyrkon.pl\/wp-content\/uploads\/2025\/03\/Projekt-bez-nazwy-5.png","datePublished":"2025-03-17T15:00:00+00:00","dateModified":"2025-03-18T22:26:58+00:00","description":"At Pyrkon 2025, you will hear the powerful sounds of folk metal, ethnic instruments, and tones inspired by Europe\u2019s primal cultures.","breadcrumb":{"@id":"https:\/\/pyrkon.pl\/en\/program-en\/echo-rodu-wandal-and-cronica-to-perform-at-pyrkon\/#breadcrumb"},"inLanguage":"en-US","potentialAction":[{"@type":"ReadAction","target":["https:\/\/pyrkon.pl\/en\/program-en\/echo-rodu-wandal-and-cronica-to-perform-at-pyrkon\/"]}]},{"@type":"ImageObject","inLanguage":"en-US","@id":"https:\/\/pyrkon.pl\/en\/program-en\/echo-rodu-wandal-and-cronica-to-perform-at-pyrkon\/#primaryimage","url":"https:\/\/pyrkon.pl\/wp-content\/uploads\/2025\/03\/Projekt-bez-nazwy-5.png","contentUrl":"https:\/\/pyrkon.pl\/wp-content\/uploads\/2025\/03\/Projekt-bez-nazwy-5.png","width":900,"height":505},{"@type":"BreadcrumbList","@id":"https:\/\/pyrkon.pl\/en\/program-en\/echo-rodu-wandal-and-cronica-to-perform-at-pyrkon\/#breadcrumb","itemListElement":[{"@type":"ListItem","position":1,"name":"Strona g\u0142\u00f3wna","item":"https:\/\/pyrkon.pl\/en\/"},{"@type":"ListItem","position":2,"name":"Program","item":"https:\/\/pyrkon.pl\/category\/program\/"},{"@type":"ListItem","position":3,"name":"Echo Rodu, WANDAL, and Cronica to Perform at Pyrkon"}]},{"@type":"WebSite","@id":"https:\/\/pyrkon.pl\/#website","url":"https:\/\/pyrkon.pl\/","name":"Pyrkon Fantastyczne Miejsce Spotka\u0144","description":"Festiwal Fantastyki","publisher":{"@id":"https:\/\/pyrkon.pl\/#organization"},"potentialAction":[{"@type":"SearchAction","target":{"@type":"EntryPoint","urlTemplate":"https:\/\/pyrkon.pl\/?s={search_term_string}"},"query-input":{"@type":"PropertyValueSpecification","valueRequired":true,"valueName":"search_term_string"}}],"inLanguage":"en-US"},{"@type":"Organization","@id":"https:\/\/pyrkon.pl\/#organization","name":"Pyrkon Fantastyczne Miejsce Spotka\u0144","url":"https:\/\/pyrkon.pl\/","logo":{"@type":"ImageObject","inLanguage":"en-US","@id":"https:\/\/pyrkon.pl\/#\/schema\/logo\/image\/","url":"https:\/\/pyrkon.pl\/wp-content\/uploads\/2018\/02\/Festiwal_Fantastyki_Pyrkon_logo_Black_CMYK.jpg","contentUrl":"https:\/\/pyrkon.pl\/wp-content\/uploads\/2018\/02\/Festiwal_Fantastyki_Pyrkon_logo_Black_CMYK.jpg","width":1300,"height":401,"caption":"Pyrkon Fantastyczne Miejsce Spotka\u0144"},"image":{"@id":"https:\/\/pyrkon.pl\/#\/schema\/logo\/image\/"},"sameAs":["https:\/\/www.facebook.com\/Pyrkon","https:\/\/x.com\/pyrkon","https:\/\/www.instagram.com\/pyrkon\/","https:\/\/www.youtube.com\/user\/FestiwalPyrkon"]},{"@type":"Person","@id":"https:\/\/pyrkon.pl\/#\/schema\/person\/c030e2bb0e1ed3e9d3c895247d3f3164","name":"Szymon Nowaczyk","image":{"@type":"ImageObject","inLanguage":"en-US","@id":"https:\/\/pyrkon.pl\/#\/schema\/person\/image\/","url":"https:\/\/secure.gravatar.com\/avatar\/5348fd5d1e593eb53abce461dbd632e906df44dd9596fe886fe3e578f1a7e603?s=96&d=mm&r=g","contentUrl":"https:\/\/secure.gravatar.com\/avatar\/5348fd5d1e593eb53abce461dbd632e906df44dd9596fe886fe3e578f1a7e603?s=96&d=mm&r=g","caption":"Szymon Nowaczyk"},"description":"Z wykszta\u0142cenia technik weterynarii, z braku laku \u2013 student informatyki. Torturuje swoich bliskich godzinnymi wyk\u0142adami o obskurnych szczeg\u00f3\u0142ach lore Warhammera 40 000. Od jego og\u0142uszaj\u0105cej paplaniny i basowego \u015bmiechu trz\u0119s\u0105 si\u0119 posadzki. Na konwentach spotkacie go niemal wy\u0142\u0105cznie przy sto\u0142ach z grami planszowymi i bitewnymi.","url":"https:\/\/pyrkon.pl\/en\/author\/szymon-nowaczyk\/"}]}},"_links":{"self":[{"href":"https:\/\/pyrkon.pl\/en\/wp-json\/wp\/v2\/posts\/43642","targetHints":{"allow":["GET"]}}],"collection":[{"href":"https:\/\/pyrkon.pl\/en\/wp-json\/wp\/v2\/posts"}],"about":[{"href":"https:\/\/pyrkon.pl\/en\/wp-json\/wp\/v2\/types\/post"}],"author":[{"embeddable":true,"href":"https:\/\/pyrkon.pl\/en\/wp-json\/wp\/v2\/users\/9583"}],"replies":[{"embeddable":true,"href":"https:\/\/pyrkon.pl\/en\/wp-json\/wp\/v2\/comments?post=43642"}],"version-history":[{"count":5,"href":"https:\/\/pyrkon.pl\/en\/wp-json\/wp\/v2\/posts\/43642\/revisions"}],"predecessor-version":[{"id":43653,"href":"https:\/\/pyrkon.pl\/en\/wp-json\/wp\/v2\/posts\/43642\/revisions\/43653"}],"wp:featuredmedia":[{"embeddable":true,"href":"https:\/\/pyrkon.pl\/en\/wp-json\/wp\/v2\/media\/43638"}],"wp:attachment":[{"href":"https:\/\/pyrkon.pl\/en\/wp-json\/wp\/v2\/media?parent=43642"}],"wp:term":[{"taxonomy":"category","embeddable":true,"href":"https:\/\/pyrkon.pl\/en\/wp-json\/wp\/v2\/categories?post=43642"},{"taxonomy":"post_tag","embeddable":true,"href":"https:\/\/pyrkon.pl\/en\/wp-json\/wp\/v2\/tags?post=43642"},{"taxonomy":"pyr_topics","embeddable":true,"href":"https:\/\/pyrkon.pl\/en\/wp-json\/wp\/v2\/pyr_topics?post=43642"}],"curies":[{"name":"wp","href":"https:\/\/api.w.org\/{rel}","templated":true}]}}