{"id":44022,"date":"2025-04-08T17:00:00","date_gmt":"2025-04-08T15:00:00","guid":{"rendered":"https:\/\/pyrkon.pl\/?p=44022"},"modified":"2025-04-05T23:11:05","modified_gmt":"2025-04-05T21:11:05","slug":"zwyciezca-maskarady-zostaje-jurorem-talon-przyjedzie-na-pyrkon","status":"publish","type":"post","link":"https:\/\/pyrkon.pl\/en\/uncategorized\/zwyciezca-maskarady-zostaje-jurorem-talon-przyjedzie-na-pyrkon\/","title":{"rendered":"The winner of the Masquerade becomes a juror \u2013 Talon is set to come to Pyrkon!"},"content":{"rendered":"\n<p><strong><strong>The winning cosplay duo from last year&#8217;s Pyrkon will also appear at our festival this year! You had the opportunity to read about Bish as a jury member of the Own Design competition in a previous post, and today we introduce you to the second member of this unique team. Talon becomes a juror of this year&#8217;s Masquerade!<\/strong><\/strong><\/p>\n\n\n\n<!--more-->\n\n\n\n<h2 class=\"wp-block-heading\" id=\"h-meet-talon\">Meet Talon<\/h2>\n\n\n\n<p>Talon has been a cosplayer for nearly ten years and almost from the very beginning his strength has been the creation of impressive weapons and realistic props. He has also repeatedly delighted the audience at various costume competitions, because his stage presentations are always well thought out, rich in scenography, and sometimes even daring.<\/p>\n\n\n\n<div style=\"height:10px\" aria-hidden=\"true\" class=\"wp-block-spacer\"><\/div>\n\n\n\n<div class=\"wp-block-media-text alignwide is-stacked-on-mobile\" style=\"grid-template-columns:42% auto\"><figure class=\"wp-block-media-text__media\"><img loading=\"lazy\" decoding=\"async\" width=\"1049\" height=\"1300\" src=\"https:\/\/pyrkon.pl\/wp-content\/uploads\/2025\/04\/Talon-by-acphotoworks_-1-1049x1300.jpg\" alt=\"\" class=\"wp-image-44024 size-full\" srcset=\"https:\/\/pyrkon.pl\/wp-content\/uploads\/2025\/04\/Talon-by-acphotoworks_-1-1049x1300.jpg 1049w, https:\/\/pyrkon.pl\/wp-content\/uploads\/2025\/04\/Talon-by-acphotoworks_-1-242x300.jpg 242w, https:\/\/pyrkon.pl\/wp-content\/uploads\/2025\/04\/Talon-by-acphotoworks_-1-768x951.jpg 768w, https:\/\/pyrkon.pl\/wp-content\/uploads\/2025\/04\/Talon-by-acphotoworks_-1-1240x1536.jpg 1240w, https:\/\/pyrkon.pl\/wp-content\/uploads\/2025\/04\/Talon-by-acphotoworks_-1-scaled.jpg 1653w\" sizes=\"auto, (max-width: 1049px) 100vw, 1049px\" \/><\/figure><div class=\"wp-block-media-text__content\">\n<p>These skills were appreciated by the jurors of many events, awarding him and introducing him to the national team at the Cosplay World Masters, where he won first place, or the International Cosplay League, where he placed second in the duo category. This year, together with Bish, he will represent Poland at the Extreme Cosplay Gathering World Championships in Paris and at the World Cosplay Summit in Nagoya. Of course, you can follow all these unique costume struggles on his social media \u2014  <a href=\"https:\/\/www.facebook.com\/TalonsCosplayCrusade\" target=\"_blank\" rel=\"noreferrer noopener\">Facebooku<\/a> and <a href=\"https:\/\/www.facebook.com\/TalonsCosplayCrusade\" target=\"_blank\" rel=\"noreferrer noopener\">Instagramie<\/a>! <\/p>\n<\/div><\/div>\n\n\n\n<div style=\"height:20px\" aria-hidden=\"true\" class=\"wp-block-spacer\"><\/div>\n\n\n\n<p>At Pyrkon, you will meet Talon as a juror of Masquerade, where he will be happy to share his experience with the participants and help determine the cosplay representation of Poland for the Extreme Cosplay Gathering World Championships 2026. He&#8217;s not afraid of summer temperatures, or inconvenience, or even the TikTok algorithm, and we have no choice but to follow his example, polish the cosplays and\u2026 see you in June!<\/p>\n","protected":false},"excerpt":{"rendered":"<p>The winning cosplay duo from last year&#8217;s Pyrkon will also appear at our festival this year! You had the opportunity to read about Bish as a jury member of the Own Design competition in a previous post, and today we introduce you to the second member of this unique team. Talon becomes a juror of [&hellip;]<\/p>\n","protected":false},"author":9595,"featured_media":44021,"comment_status":"closed","ping_status":"closed","sticky":false,"template":"","format":"standard","meta":{"_acf_changed":false,"footnotes":""},"categories":[14,13],"tags":[59,57,9863],"pyr_topics":[9661],"class_list":["post-44022","post","type-post","status-publish","format-standard","has-post-thumbnail","hentry","category-program-en","category-uncategorized","tag-guests","tag-program-en-2","tag-pyrkon2025-2","pyr_topics-cosplay-zone"],"acf":[],"yoast_head":"<!-- This site is optimized with the Yoast SEO Premium plugin v25.9 (Yoast SEO v25.9) - https:\/\/yoast.com\/wordpress\/plugins\/seo\/ -->\n<title>The winner of the Masquerade becomes a juror \u2013 Talon is set to come to Pyrkon! &#8902; Pyrkon Fantastyczne Miejsce Spotka\u0144<\/title>\n<meta name=\"description\" content=\"Today we introduce you to the winner of last year&#039;s cosplay competition. Talon becomes a juror of this year&#039;s Masquerade!\" \/>\n<meta name=\"robots\" content=\"index, follow, max-snippet:-1, max-image-preview:large, max-video-preview:-1\" \/>\n<link rel=\"canonical\" href=\"https:\/\/pyrkon.pl\/en\/uncategorized\/zwyciezca-maskarady-zostaje-jurorem-talon-przyjedzie-na-pyrkon\/\" \/>\n<meta property=\"og:locale\" content=\"en_US\" \/>\n<meta property=\"og:type\" content=\"article\" \/>\n<meta property=\"og:title\" content=\"The winner of the Masquerade becomes a juror \u2013 Talon is set to come to Pyrkon!\" \/>\n<meta property=\"og:description\" content=\"Today we introduce you to the winner of last year&#039;s cosplay competition. Talon becomes a juror of this year&#039;s Masquerade!\" \/>\n<meta property=\"og:url\" content=\"https:\/\/pyrkon.pl\/en\/uncategorized\/zwyciezca-maskarady-zostaje-jurorem-talon-przyjedzie-na-pyrkon\/\" \/>\n<meta property=\"og:site_name\" content=\"Pyrkon Fantastyczne Miejsce Spotka\u0144\" \/>\n<meta property=\"article:publisher\" content=\"https:\/\/www.facebook.com\/Pyrkon\" \/>\n<meta property=\"article:published_time\" content=\"2025-04-08T15:00:00+00:00\" \/>\n<meta property=\"og:image\" content=\"https:\/\/pyrkon.pl\/wp-content\/uploads\/2025\/04\/Talon-m.png\" \/>\n\t<meta property=\"og:image:width\" content=\"900\" \/>\n\t<meta property=\"og:image:height\" content=\"505\" \/>\n\t<meta property=\"og:image:type\" content=\"image\/png\" \/>\n<meta name=\"author\" content=\"Natalia Wieczorek\" \/>\n<meta name=\"twitter:card\" content=\"summary_large_image\" \/>\n<meta name=\"twitter:creator\" content=\"@pyrkon\" \/>\n<meta name=\"twitter:site\" content=\"@pyrkon\" \/>\n<meta name=\"twitter:label1\" content=\"Written by\" \/>\n\t<meta name=\"twitter:data1\" content=\"Natalia Wieczorek\" \/>\n\t<meta name=\"twitter:label2\" content=\"Est. reading time\" \/>\n\t<meta name=\"twitter:data2\" content=\"2 minutes\" \/>\n<script type=\"application\/ld+json\" class=\"yoast-schema-graph\">{\"@context\":\"https:\/\/schema.org\",\"@graph\":[{\"@type\":\"Article\",\"@id\":\"https:\/\/pyrkon.pl\/en\/uncategorized\/zwyciezca-maskarady-zostaje-jurorem-talon-przyjedzie-na-pyrkon\/#article\",\"isPartOf\":{\"@id\":\"https:\/\/pyrkon.pl\/en\/uncategorized\/zwyciezca-maskarady-zostaje-jurorem-talon-przyjedzie-na-pyrkon\/\"},\"author\":{\"name\":\"Natalia Wieczorek\",\"@id\":\"https:\/\/pyrkon.pl\/#\/schema\/person\/48ffd2c9811b343280fe4fcbeceb185c\"},\"headline\":\"The winner of the Masquerade becomes a juror \u2013 Talon is set to come to Pyrkon!\",\"datePublished\":\"2025-04-08T15:00:00+00:00\",\"mainEntityOfPage\":{\"@id\":\"https:\/\/pyrkon.pl\/en\/uncategorized\/zwyciezca-maskarady-zostaje-jurorem-talon-przyjedzie-na-pyrkon\/\"},\"wordCount\":286,\"publisher\":{\"@id\":\"https:\/\/pyrkon.pl\/#organization\"},\"image\":{\"@id\":\"https:\/\/pyrkon.pl\/en\/uncategorized\/zwyciezca-maskarady-zostaje-jurorem-talon-przyjedzie-na-pyrkon\/#primaryimage\"},\"thumbnailUrl\":\"https:\/\/pyrkon.pl\/wp-content\/uploads\/2025\/04\/Talon-m.png\",\"keywords\":[\"guests\",\"program\",\"pyrkon2025\"],\"articleSection\":[\"Program\"],\"inLanguage\":\"en-US\"},{\"@type\":\"WebPage\",\"@id\":\"https:\/\/pyrkon.pl\/en\/uncategorized\/zwyciezca-maskarady-zostaje-jurorem-talon-przyjedzie-na-pyrkon\/\",\"url\":\"https:\/\/pyrkon.pl\/en\/uncategorized\/zwyciezca-maskarady-zostaje-jurorem-talon-przyjedzie-na-pyrkon\/\",\"name\":\"The winner of the Masquerade becomes a juror \u2013 Talon is set to come to Pyrkon! &#8902; Pyrkon Fantastyczne Miejsce Spotka\u0144\",\"isPartOf\":{\"@id\":\"https:\/\/pyrkon.pl\/#website\"},\"primaryImageOfPage\":{\"@id\":\"https:\/\/pyrkon.pl\/en\/uncategorized\/zwyciezca-maskarady-zostaje-jurorem-talon-przyjedzie-na-pyrkon\/#primaryimage\"},\"image\":{\"@id\":\"https:\/\/pyrkon.pl\/en\/uncategorized\/zwyciezca-maskarady-zostaje-jurorem-talon-przyjedzie-na-pyrkon\/#primaryimage\"},\"thumbnailUrl\":\"https:\/\/pyrkon.pl\/wp-content\/uploads\/2025\/04\/Talon-m.png\",\"datePublished\":\"2025-04-08T15:00:00+00:00\",\"description\":\"Today we introduce you to the winner of last year's cosplay competition. Talon becomes a juror of this year's Masquerade!\",\"breadcrumb\":{\"@id\":\"https:\/\/pyrkon.pl\/en\/uncategorized\/zwyciezca-maskarady-zostaje-jurorem-talon-przyjedzie-na-pyrkon\/#breadcrumb\"},\"inLanguage\":\"en-US\",\"potentialAction\":[{\"@type\":\"ReadAction\",\"target\":[\"https:\/\/pyrkon.pl\/en\/uncategorized\/zwyciezca-maskarady-zostaje-jurorem-talon-przyjedzie-na-pyrkon\/\"]}]},{\"@type\":\"ImageObject\",\"inLanguage\":\"en-US\",\"@id\":\"https:\/\/pyrkon.pl\/en\/uncategorized\/zwyciezca-maskarady-zostaje-jurorem-talon-przyjedzie-na-pyrkon\/#primaryimage\",\"url\":\"https:\/\/pyrkon.pl\/wp-content\/uploads\/2025\/04\/Talon-m.png\",\"contentUrl\":\"https:\/\/pyrkon.pl\/wp-content\/uploads\/2025\/04\/Talon-m.png\",\"width\":900,\"height\":505},{\"@type\":\"BreadcrumbList\",\"@id\":\"https:\/\/pyrkon.pl\/en\/uncategorized\/zwyciezca-maskarady-zostaje-jurorem-talon-przyjedzie-na-pyrkon\/#breadcrumb\",\"itemListElement\":[{\"@type\":\"ListItem\",\"position\":1,\"name\":\"Strona g\u0142\u00f3wna\",\"item\":\"https:\/\/pyrkon.pl\/en\/\"},{\"@type\":\"ListItem\",\"position\":2,\"name\":\"Program\",\"item\":\"https:\/\/pyrkon.pl\/category\/program\/\"},{\"@type\":\"ListItem\",\"position\":3,\"name\":\"The winner of the Masquerade becomes a juror \u2013 Talon is set to come to Pyrkon!\"}]},{\"@type\":\"WebSite\",\"@id\":\"https:\/\/pyrkon.pl\/#website\",\"url\":\"https:\/\/pyrkon.pl\/\",\"name\":\"Pyrkon Fantastyczne Miejsce Spotka\u0144\",\"description\":\"Festiwal Fantastyki\",\"publisher\":{\"@id\":\"https:\/\/pyrkon.pl\/#organization\"},\"potentialAction\":[{\"@type\":\"SearchAction\",\"target\":{\"@type\":\"EntryPoint\",\"urlTemplate\":\"https:\/\/pyrkon.pl\/?s={search_term_string}\"},\"query-input\":{\"@type\":\"PropertyValueSpecification\",\"valueRequired\":true,\"valueName\":\"search_term_string\"}}],\"inLanguage\":\"en-US\"},{\"@type\":\"Organization\",\"@id\":\"https:\/\/pyrkon.pl\/#organization\",\"name\":\"Pyrkon Fantastyczne Miejsce Spotka\u0144\",\"url\":\"https:\/\/pyrkon.pl\/\",\"logo\":{\"@type\":\"ImageObject\",\"inLanguage\":\"en-US\",\"@id\":\"https:\/\/pyrkon.pl\/#\/schema\/logo\/image\/\",\"url\":\"https:\/\/pyrkon.pl\/wp-content\/uploads\/2018\/02\/Festiwal_Fantastyki_Pyrkon_logo_Black_CMYK.jpg\",\"contentUrl\":\"https:\/\/pyrkon.pl\/wp-content\/uploads\/2018\/02\/Festiwal_Fantastyki_Pyrkon_logo_Black_CMYK.jpg\",\"width\":1300,\"height\":401,\"caption\":\"Pyrkon Fantastyczne Miejsce Spotka\u0144\"},\"image\":{\"@id\":\"https:\/\/pyrkon.pl\/#\/schema\/logo\/image\/\"},\"sameAs\":[\"https:\/\/www.facebook.com\/Pyrkon\",\"https:\/\/x.com\/pyrkon\",\"https:\/\/www.instagram.com\/pyrkon\/\",\"https:\/\/www.youtube.com\/user\/FestiwalPyrkon\"]},{\"@type\":\"Person\",\"@id\":\"https:\/\/pyrkon.pl\/#\/schema\/person\/48ffd2c9811b343280fe4fcbeceb185c\",\"name\":\"Natalia Wieczorek\",\"image\":{\"@type\":\"ImageObject\",\"inLanguage\":\"en-US\",\"@id\":\"https:\/\/pyrkon.pl\/#\/schema\/person\/image\/\",\"url\":\"https:\/\/secure.gravatar.com\/avatar\/4abe3502d3f470077b22bc2f4e51b2a2662a001a48d489f8abe7fe1d62a0d729?s=96&d=mm&r=g\",\"contentUrl\":\"https:\/\/secure.gravatar.com\/avatar\/4abe3502d3f470077b22bc2f4e51b2a2662a001a48d489f8abe7fe1d62a0d729?s=96&d=mm&r=g\",\"caption\":\"Natalia Wieczorek\"},\"description\":\"Czy pr\u00f3bowali\u015bcie kiedy\u015b studiowa\u0107 j\u0119zyk, o kt\u00f3rym nikt nie ma poj\u0119cia, jecha\u0107 na poci\u0105gu d\u0142ugim na 2 km albo czyta\u0107 o bromansie Puszkina? Nie? Oh boy, let me tell you a story...\",\"url\":\"https:\/\/pyrkon.pl\/en\/author\/natalia-wieczorek\/\"}]}<\/script>\n<!-- \/ Yoast SEO Premium plugin. -->","yoast_head_json":{"title":"The winner of the Masquerade becomes a juror \u2013 Talon is set to come to Pyrkon! &#8902; Pyrkon Fantastyczne Miejsce Spotka\u0144","description":"Today we introduce you to the winner of last year's cosplay competition. Talon becomes a juror of this year's Masquerade!","robots":{"index":"index","follow":"follow","max-snippet":"max-snippet:-1","max-image-preview":"max-image-preview:large","max-video-preview":"max-video-preview:-1"},"canonical":"https:\/\/pyrkon.pl\/en\/uncategorized\/zwyciezca-maskarady-zostaje-jurorem-talon-przyjedzie-na-pyrkon\/","og_locale":"en_US","og_type":"article","og_title":"The winner of the Masquerade becomes a juror \u2013 Talon is set to come to Pyrkon!","og_description":"Today we introduce you to the winner of last year's cosplay competition. Talon becomes a juror of this year's Masquerade!","og_url":"https:\/\/pyrkon.pl\/en\/uncategorized\/zwyciezca-maskarady-zostaje-jurorem-talon-przyjedzie-na-pyrkon\/","og_site_name":"Pyrkon Fantastyczne Miejsce Spotka\u0144","article_publisher":"https:\/\/www.facebook.com\/Pyrkon","article_published_time":"2025-04-08T15:00:00+00:00","og_image":[{"width":900,"height":505,"url":"https:\/\/pyrkon.pl\/wp-content\/uploads\/2025\/04\/Talon-m.png","type":"image\/png"}],"author":"Natalia Wieczorek","twitter_card":"summary_large_image","twitter_creator":"@pyrkon","twitter_site":"@pyrkon","twitter_misc":{"Written by":"Natalia Wieczorek","Est. reading time":"2 minutes"},"schema":{"@context":"https:\/\/schema.org","@graph":[{"@type":"Article","@id":"https:\/\/pyrkon.pl\/en\/uncategorized\/zwyciezca-maskarady-zostaje-jurorem-talon-przyjedzie-na-pyrkon\/#article","isPartOf":{"@id":"https:\/\/pyrkon.pl\/en\/uncategorized\/zwyciezca-maskarady-zostaje-jurorem-talon-przyjedzie-na-pyrkon\/"},"author":{"name":"Natalia Wieczorek","@id":"https:\/\/pyrkon.pl\/#\/schema\/person\/48ffd2c9811b343280fe4fcbeceb185c"},"headline":"The winner of the Masquerade becomes a juror \u2013 Talon is set to come to Pyrkon!","datePublished":"2025-04-08T15:00:00+00:00","mainEntityOfPage":{"@id":"https:\/\/pyrkon.pl\/en\/uncategorized\/zwyciezca-maskarady-zostaje-jurorem-talon-przyjedzie-na-pyrkon\/"},"wordCount":286,"publisher":{"@id":"https:\/\/pyrkon.pl\/#organization"},"image":{"@id":"https:\/\/pyrkon.pl\/en\/uncategorized\/zwyciezca-maskarady-zostaje-jurorem-talon-przyjedzie-na-pyrkon\/#primaryimage"},"thumbnailUrl":"https:\/\/pyrkon.pl\/wp-content\/uploads\/2025\/04\/Talon-m.png","keywords":["guests","program","pyrkon2025"],"articleSection":["Program"],"inLanguage":"en-US"},{"@type":"WebPage","@id":"https:\/\/pyrkon.pl\/en\/uncategorized\/zwyciezca-maskarady-zostaje-jurorem-talon-przyjedzie-na-pyrkon\/","url":"https:\/\/pyrkon.pl\/en\/uncategorized\/zwyciezca-maskarady-zostaje-jurorem-talon-przyjedzie-na-pyrkon\/","name":"The winner of the Masquerade becomes a juror \u2013 Talon is set to come to Pyrkon! &#8902; Pyrkon Fantastyczne Miejsce Spotka\u0144","isPartOf":{"@id":"https:\/\/pyrkon.pl\/#website"},"primaryImageOfPage":{"@id":"https:\/\/pyrkon.pl\/en\/uncategorized\/zwyciezca-maskarady-zostaje-jurorem-talon-przyjedzie-na-pyrkon\/#primaryimage"},"image":{"@id":"https:\/\/pyrkon.pl\/en\/uncategorized\/zwyciezca-maskarady-zostaje-jurorem-talon-przyjedzie-na-pyrkon\/#primaryimage"},"thumbnailUrl":"https:\/\/pyrkon.pl\/wp-content\/uploads\/2025\/04\/Talon-m.png","datePublished":"2025-04-08T15:00:00+00:00","description":"Today we introduce you to the winner of last year's cosplay competition. Talon becomes a juror of this year's Masquerade!","breadcrumb":{"@id":"https:\/\/pyrkon.pl\/en\/uncategorized\/zwyciezca-maskarady-zostaje-jurorem-talon-przyjedzie-na-pyrkon\/#breadcrumb"},"inLanguage":"en-US","potentialAction":[{"@type":"ReadAction","target":["https:\/\/pyrkon.pl\/en\/uncategorized\/zwyciezca-maskarady-zostaje-jurorem-talon-przyjedzie-na-pyrkon\/"]}]},{"@type":"ImageObject","inLanguage":"en-US","@id":"https:\/\/pyrkon.pl\/en\/uncategorized\/zwyciezca-maskarady-zostaje-jurorem-talon-przyjedzie-na-pyrkon\/#primaryimage","url":"https:\/\/pyrkon.pl\/wp-content\/uploads\/2025\/04\/Talon-m.png","contentUrl":"https:\/\/pyrkon.pl\/wp-content\/uploads\/2025\/04\/Talon-m.png","width":900,"height":505},{"@type":"BreadcrumbList","@id":"https:\/\/pyrkon.pl\/en\/uncategorized\/zwyciezca-maskarady-zostaje-jurorem-talon-przyjedzie-na-pyrkon\/#breadcrumb","itemListElement":[{"@type":"ListItem","position":1,"name":"Strona g\u0142\u00f3wna","item":"https:\/\/pyrkon.pl\/en\/"},{"@type":"ListItem","position":2,"name":"Program","item":"https:\/\/pyrkon.pl\/category\/program\/"},{"@type":"ListItem","position":3,"name":"The winner of the Masquerade becomes a juror \u2013 Talon is set to come to Pyrkon!"}]},{"@type":"WebSite","@id":"https:\/\/pyrkon.pl\/#website","url":"https:\/\/pyrkon.pl\/","name":"Pyrkon Fantastyczne Miejsce Spotka\u0144","description":"Festiwal Fantastyki","publisher":{"@id":"https:\/\/pyrkon.pl\/#organization"},"potentialAction":[{"@type":"SearchAction","target":{"@type":"EntryPoint","urlTemplate":"https:\/\/pyrkon.pl\/?s={search_term_string}"},"query-input":{"@type":"PropertyValueSpecification","valueRequired":true,"valueName":"search_term_string"}}],"inLanguage":"en-US"},{"@type":"Organization","@id":"https:\/\/pyrkon.pl\/#organization","name":"Pyrkon Fantastyczne Miejsce Spotka\u0144","url":"https:\/\/pyrkon.pl\/","logo":{"@type":"ImageObject","inLanguage":"en-US","@id":"https:\/\/pyrkon.pl\/#\/schema\/logo\/image\/","url":"https:\/\/pyrkon.pl\/wp-content\/uploads\/2018\/02\/Festiwal_Fantastyki_Pyrkon_logo_Black_CMYK.jpg","contentUrl":"https:\/\/pyrkon.pl\/wp-content\/uploads\/2018\/02\/Festiwal_Fantastyki_Pyrkon_logo_Black_CMYK.jpg","width":1300,"height":401,"caption":"Pyrkon Fantastyczne Miejsce Spotka\u0144"},"image":{"@id":"https:\/\/pyrkon.pl\/#\/schema\/logo\/image\/"},"sameAs":["https:\/\/www.facebook.com\/Pyrkon","https:\/\/x.com\/pyrkon","https:\/\/www.instagram.com\/pyrkon\/","https:\/\/www.youtube.com\/user\/FestiwalPyrkon"]},{"@type":"Person","@id":"https:\/\/pyrkon.pl\/#\/schema\/person\/48ffd2c9811b343280fe4fcbeceb185c","name":"Natalia Wieczorek","image":{"@type":"ImageObject","inLanguage":"en-US","@id":"https:\/\/pyrkon.pl\/#\/schema\/person\/image\/","url":"https:\/\/secure.gravatar.com\/avatar\/4abe3502d3f470077b22bc2f4e51b2a2662a001a48d489f8abe7fe1d62a0d729?s=96&d=mm&r=g","contentUrl":"https:\/\/secure.gravatar.com\/avatar\/4abe3502d3f470077b22bc2f4e51b2a2662a001a48d489f8abe7fe1d62a0d729?s=96&d=mm&r=g","caption":"Natalia Wieczorek"},"description":"Czy pr\u00f3bowali\u015bcie kiedy\u015b studiowa\u0107 j\u0119zyk, o kt\u00f3rym nikt nie ma poj\u0119cia, jecha\u0107 na poci\u0105gu d\u0142ugim na 2 km albo czyta\u0107 o bromansie Puszkina? Nie? Oh boy, let me tell you a story...","url":"https:\/\/pyrkon.pl\/en\/author\/natalia-wieczorek\/"}]}},"_links":{"self":[{"href":"https:\/\/pyrkon.pl\/en\/wp-json\/wp\/v2\/posts\/44022","targetHints":{"allow":["GET"]}}],"collection":[{"href":"https:\/\/pyrkon.pl\/en\/wp-json\/wp\/v2\/posts"}],"about":[{"href":"https:\/\/pyrkon.pl\/en\/wp-json\/wp\/v2\/types\/post"}],"author":[{"embeddable":true,"href":"https:\/\/pyrkon.pl\/en\/wp-json\/wp\/v2\/users\/9595"}],"replies":[{"embeddable":true,"href":"https:\/\/pyrkon.pl\/en\/wp-json\/wp\/v2\/comments?post=44022"}],"version-history":[{"count":1,"href":"https:\/\/pyrkon.pl\/en\/wp-json\/wp\/v2\/posts\/44022\/revisions"}],"predecessor-version":[{"id":44026,"href":"https:\/\/pyrkon.pl\/en\/wp-json\/wp\/v2\/posts\/44022\/revisions\/44026"}],"wp:featuredmedia":[{"embeddable":true,"href":"https:\/\/pyrkon.pl\/en\/wp-json\/wp\/v2\/media\/44021"}],"wp:attachment":[{"href":"https:\/\/pyrkon.pl\/en\/wp-json\/wp\/v2\/media?parent=44022"}],"wp:term":[{"taxonomy":"category","embeddable":true,"href":"https:\/\/pyrkon.pl\/en\/wp-json\/wp\/v2\/categories?post=44022"},{"taxonomy":"post_tag","embeddable":true,"href":"https:\/\/pyrkon.pl\/en\/wp-json\/wp\/v2\/tags?post=44022"},{"taxonomy":"pyr_topics","embeddable":true,"href":"https:\/\/pyrkon.pl\/en\/wp-json\/wp\/v2\/pyr_topics?post=44022"}],"curies":[{"name":"wp","href":"https:\/\/api.w.org\/{rel}","templated":true}]}}