{"id":46373,"date":"2025-05-26T16:00:00","date_gmt":"2025-05-26T14:00:00","guid":{"rendered":"https:\/\/pyrkon.pl\/?p=46373"},"modified":"2025-06-11T18:54:51","modified_gmt":"2025-06-11T16:54:51","slug":"harmonogram-atrakcji-strefy-filmowo-serialowej","status":"publish","type":"post","link":"https:\/\/pyrkon.pl\/en\/program-en\/harmonogram-atrakcji-strefy-filmowo-serialowej\/","title":{"rendered":"Schedule of the Film and TV Series Zone attractions"},"content":{"rendered":"\n<p><strong><strong>The Pyrkon program is now available and surely each of you has noticed that there are a lot of attractions! To make it easier for you to find your way around this maze of lectures, meetings and screenings, we are happy to present a list with the most important information!&nbsp;<\/strong><\/strong><\/p>\n\n\n\n<!--more-->\n\n\n\n<h2 class=\"wp-block-heading\" id=\"h-our-fantastic-guests\">Our fantastic guests<\/h2>\n\n\n\n<p>Once again, the Film and TV Series Zone has set itself the goal of inviting various guests, both Polish and foreign. Among them, you will meet brilliant actors, experienced filmmakers, directors, YouTubers and many, many more! If we were to list all of them, a day would not be enough to do it, so we present only a few of them (remember to find out the rest by checking out the full program of the event!):<\/p>\n\n\n\n<div style=\"height:25px\" aria-hidden=\"true\" class=\"wp-block-spacer\"><\/div>\n\n\n\n<p><strong><strong>Bonnie Wright&nbsp;<\/strong><\/strong><\/p>\n\n\n\n<div class=\"wp-block-media-text alignwide has-media-on-the-right is-stacked-on-mobile is-image-fill\" style=\"grid-template-columns:auto 42%\"><div class=\"wp-block-media-text__content\">\n<p>Bonnie Wright is a British actress who began her film career at the age of nine. She made her film debut in the film adaptation of the book &#8220;Harry Potter and the Philosopher&#8217;s Stone&#8221; in the role of Ginny Weasley, and subsequent films of the series brought her increasing recognition.<\/p>\n\n\n\n<p>She also starred in the productions &#8220;Stranded&#8221; and &#8220;Agatha Christie: A Life in Pictures&#8221;.<\/p>\n\n\n\n<p>Where you&#8217;ll meet her:<\/p>\n\n\n\n<p>Q&amp;A | Earth Hall | Saturday 02:00 pm \u2013 03:00 pm&nbsp;<br>Autographs |PCC | Saturday 11:00 am \u2013 12:00 noon&nbsp;<br>Autographs | PCC | Saturday 05:00 pm \u2013 06:00 pm&nbsp;<br>Autographs | PCC | Sunday 11:00 am \u2013 12:00 noon<br>Photo | PCC | Saturday 10:00 am \u2013 10:30 am&nbsp;<br>Photo | PCC | Sunday 12:00 noon \u2013 12:30 pm<\/p>\n<\/div><figure class=\"wp-block-media-text__media\" style=\"background-image:url(https:\/\/pyrkon.pl\/wp-content\/uploads\/2025\/05\/Bonnie-Wright-jpg-768x615-1.jpg);background-position:57% 65%\"><img loading=\"lazy\" decoding=\"async\" width=\"623\" height=\"615\" src=\"https:\/\/pyrkon.pl\/wp-content\/uploads\/2025\/05\/Bonnie-Wright-jpg-768x615-1.jpg\" alt=\"\" class=\"wp-image-46343 size-full\" srcset=\"https:\/\/pyrkon.pl\/wp-content\/uploads\/2025\/05\/Bonnie-Wright-jpg-768x615-1.jpg 623w, https:\/\/pyrkon.pl\/wp-content\/uploads\/2025\/05\/Bonnie-Wright-jpg-768x615-1-300x296.jpg 300w\" sizes=\"auto, (max-width: 623px) 100vw, 623px\" \/><\/figure><\/div>\n\n\n\n<div style=\"height:25px\" aria-hidden=\"true\" class=\"wp-block-spacer\"><\/div>\n\n\n\n<hr class=\"wp-block-separator has-alpha-channel-opacity\"\/>\n\n\n\n<div style=\"height:15px\" aria-hidden=\"true\" class=\"wp-block-spacer\"><\/div>\n\n\n\n<p><strong><strong>Mark Sheppard<\/strong><\/strong><\/p>\n\n\n\n<div class=\"wp-block-media-text alignwide is-stacked-on-mobile is-image-fill\" style=\"grid-template-columns:42% auto\"><figure class=\"wp-block-media-text__media\" style=\"background-image:url(https:\/\/pyrkon.pl\/wp-content\/uploads\/2025\/05\/Mark-core-768x614-1.png);background-position:46% 30%\"><img loading=\"lazy\" decoding=\"async\" width=\"768\" height=\"614\" src=\"https:\/\/pyrkon.pl\/wp-content\/uploads\/2025\/05\/Mark-core-768x614-1.png\" alt=\"\" class=\"wp-image-46349 size-full\" srcset=\"https:\/\/pyrkon.pl\/wp-content\/uploads\/2025\/05\/Mark-core-768x614-1.png 768w, https:\/\/pyrkon.pl\/wp-content\/uploads\/2025\/05\/Mark-core-768x614-1-300x240.png 300w\" sizes=\"auto, (max-width: 768px) 100vw, 768px\" \/><\/figure><div class=\"wp-block-media-text__content\">\n<p>Mark Sheppard is an actor whose oeuvre is a real gold mine, full of great roles and performances. He quickly gained notoriety, appearing in many different productions. His career gained momentum with guest and recurring roles in series such as &#8220;The Practice&#8221;, &#8220;The Invisible Man&#8221;, &#8220;Special Unit 2&#8221;, &#8220;Star Trek: Voyager&#8221;, &#8220;Las Vegas&#8221;, &#8220;Monk&#8221;, &#8220;CSI: New York&#8221;, or &#8220;Chuck&#8221;. Mark won the hearts of fans as James Sterling in &#8220;Leverage&#8221; or as Crowley, the King of Hell in &#8220;Supernatural&#8221;. And many more!<\/p>\n<\/div><\/div>\n\n\n\n<div style=\"height:20px\" aria-hidden=\"true\" class=\"wp-block-spacer\"><\/div>\n\n\n\n<p>At Pyrkon, like Bonnie Wright, he will talk about his experience and interesting situations on the film set.&nbsp;<\/p>\n\n\n\n<p>Where you&#8217;ll meet him:<\/p>\n\n\n\n<p>Q&amp;A | Great Auditorium | Saturday 06:00 pm \u2013 07:00 pm<br>Autographs |PCC | Saturday 02:00 pm \u2013 03:00 pm&nbsp;<br>Autographs | PCC |Sunday 10:30 am \u2013 12:30 pm<br>Photo | PCC | Sunday 02:00 pm \u2013 03:00 pm<\/p>\n\n\n\n<div style=\"height:20px\" aria-hidden=\"true\" class=\"wp-block-spacer\"><\/div>\n\n\n\n<hr class=\"wp-block-separator has-alpha-channel-opacity\"\/>\n\n\n\n<div style=\"height:20px\" aria-hidden=\"true\" class=\"wp-block-spacer\"><\/div>\n\n\n\n<p><strong>Micha\u0142 \u017bebrowski<\/strong><\/p>\n\n\n\n<div class=\"wp-block-media-text alignwide has-media-on-the-right is-stacked-on-mobile\"><div class=\"wp-block-media-text__content\">\n<p>Micha\u0142 \u017bebrowski is a theatre, film and television actor, producer and general director of Teatr 6. pi\u0119tro in Warsaw. He is a graduate of the Acting Faculty of Aleksander Zelwerowicz&#8217;s National Higher School of Theatre (today&#8217;s Theatre Academy) in Warsaw.&nbsp;<\/p>\n<\/div><figure class=\"wp-block-media-text__media\"><img loading=\"lazy\" decoding=\"async\" width=\"768\" height=\"614\" src=\"https:\/\/pyrkon.pl\/wp-content\/uploads\/2025\/05\/Michal_Zebrowski_1000_800-768x614-1.png\" alt=\"\" class=\"wp-image-46353 size-full\" srcset=\"https:\/\/pyrkon.pl\/wp-content\/uploads\/2025\/05\/Michal_Zebrowski_1000_800-768x614-1.png 768w, https:\/\/pyrkon.pl\/wp-content\/uploads\/2025\/05\/Michal_Zebrowski_1000_800-768x614-1-300x240.png 300w\" sizes=\"auto, (max-width: 768px) 100vw, 768px\" \/><\/figure><\/div>\n\n\n\n<div style=\"height:20px\" aria-hidden=\"true\" class=\"wp-block-spacer\"><\/div>\n\n\n\n<p>He is known for roles such as Geralt of Rivia in the Polish film &#8220;The Witcher&#8221;, Tadeusz Soplica in &#8220;Pan Tadeusz&#8221;, Jan Skrzetuski in &#8220;Ogniem i Mieczem&#8221;, Major Henryk Sucharski in &#8220;Tajemnica Westerplatte&#8221;, Turjag Huncaga in &#8220;Janosik. Prawdziwa historia.&#8221; or Prof. Andrzej Falkowicz in &#8220;Na dobre i na z\u0142e&#8221;, and in dubbing, among others, from the role of Johnny Silverhand in the Polish version of the game &#8220;Cyberpunk 2077&#8221;.<\/p>\n\n\n\n<p>Where you&#8217;ll meet him at Pyrkon:<\/p>\n\n\n\n<p>Q&amp;A | Cosplay Stage | Saturday 02:00 pm \u2013 03:00 pm<br>Autographs | PCC | Saturday 06:00 pm \u2013 07:00 pm<br>Photo | PCC | Saturday 04:00 pm \u2013 04:30 pm<\/p>\n\n\n\n<div style=\"height:20px\" aria-hidden=\"true\" class=\"wp-block-spacer\"><\/div>\n\n\n\n<hr class=\"wp-block-separator has-alpha-channel-opacity\"\/>\n\n\n\n<div style=\"height:20px\" aria-hidden=\"true\" class=\"wp-block-spacer\"><\/div>\n\n\n\n<p><strong>GF Darwin<\/strong><\/p>\n\n\n\n<div class=\"wp-block-media-text alignwide is-stacked-on-mobile\"><figure class=\"wp-block-media-text__media\"><img loading=\"lazy\" decoding=\"async\" width=\"768\" height=\"624\" src=\"https:\/\/pyrkon.pl\/wp-content\/uploads\/2025\/05\/20210317_G.F.-Darwin_Promo-3-1-768x624-1.jpg\" alt=\"\" class=\"wp-image-46356 size-full\" srcset=\"https:\/\/pyrkon.pl\/wp-content\/uploads\/2025\/05\/20210317_G.F.-Darwin_Promo-3-1-768x624-1.jpg 768w, https:\/\/pyrkon.pl\/wp-content\/uploads\/2025\/05\/20210317_G.F.-Darwin_Promo-3-1-768x624-1-300x244.jpg 300w\" sizes=\"auto, (max-width: 768px) 100vw, 768px\" \/><\/figure><div class=\"wp-block-media-text__content\">\n<p>Grupa Filmowa Darwin, founded by Marek Hucz and Jan Jurkowski \u2013 graduates of the Krakow Theatre Academy \u2013 is a group of filmmakers and at the same time an independent film studio that has been publishing high-quality content on its own YouTube channel for over 10 years. In total, they have already made over 200 short films. They are viewed as an authority by a large number of viewers.<\/p>\n<\/div><\/div>\n\n\n\n<div style=\"height:20px\" aria-hidden=\"true\" class=\"wp-block-spacer\"><\/div>\n\n\n\n<p>On the GF Darwin channel, the &#8220;Wielkie Konflikty&#8221; series has been invariably popular for years, in which two historical figures, real or legendary, enter the eponymous conflict shown in a humorous way. They will also be happy to tell you about it at Pyrkon.<\/p>\n\n\n\n<p>A spotkacie ich:<\/p>\n\n\n\n<p>Where you&#8217;ll meet them:<\/p>\n\n\n\n<p>GF Darwin &#8211; meeting with the creators of &#8220;Wielkie Konflikty&#8221; | The Great Hall | Saturday 11:00 am &#8211; 12:00 noon&nbsp;&nbsp;<br>Autographs | PCC | Saturday 05:30 pm \u2013 06:30 pm<br>Photo | PCC | Saturday 02:30 pm \u2013 03:00 pm<\/p>\n\n\n\n<div style=\"height:20px\" aria-hidden=\"true\" class=\"wp-block-spacer\"><\/div>\n\n\n\n<hr class=\"wp-block-separator has-alpha-channel-opacity\"\/>\n\n\n\n<div style=\"height:20px\" aria-hidden=\"true\" class=\"wp-block-spacer\"><\/div>\n\n\n\n<p><strong>Julian Jeli\u0144ski<\/strong><\/p>\n\n\n\n<div class=\"wp-block-media-text alignwide has-media-on-the-right is-stacked-on-mobile\" style=\"grid-template-columns:auto 46%\"><div class=\"wp-block-media-text__content\">\n<p>Creator of the vlog Brody z Kosmosu, one of the largest channels in Poland dedicated to pop culture, full of bearded reviews and the most cosmic look at films, comics and the whole geek world in general! Julian Jeli\u0144ski is the author of the series &#8220;Najgorsze Animacje&#8221;, which has a special place in the hearts of many viewers.<\/p>\n<\/div><figure class=\"wp-block-media-text__media\"><img loading=\"lazy\" decoding=\"async\" width=\"768\" height=\"611\" src=\"https:\/\/pyrkon.pl\/wp-content\/uploads\/2025\/05\/Weilka-Paka-od-PixelShopa_000037-Kajetan-Rewers-768x611-1.png\" alt=\"\" class=\"wp-image-46359 size-full\" srcset=\"https:\/\/pyrkon.pl\/wp-content\/uploads\/2025\/05\/Weilka-Paka-od-PixelShopa_000037-Kajetan-Rewers-768x611-1.png 768w, https:\/\/pyrkon.pl\/wp-content\/uploads\/2025\/05\/Weilka-Paka-od-PixelShopa_000037-Kajetan-Rewers-768x611-1-300x239.png 300w\" sizes=\"auto, (max-width: 768px) 100vw, 768px\" \/><\/figure><\/div>\n\n\n\n<div style=\"height:20px\" aria-hidden=\"true\" class=\"wp-block-spacer\"><\/div>\n\n\n\n<p>At Pyrkon, he will once again analyze the worst animations in history and take a closer look at the film dinosaurs, giving the following lectures for you:<\/p>\n\n\n\n<p><em>The toughest New York cops come from&#8230;Japan?<\/em> <em>Mad Bull 34<\/em> | Film and TV Series Room 2 |Saturday 09:30 pm \u2013 10:30 pm<br><em>What have you done with these dinosaurs?<\/em> | Film and TV Series Room 1 | Saturday 08:00 pm \u2013 03:00 pm<em>The Great Saga of the Bear from New York <\/em>| Film and Series Room 1 | Sunday 01:00 pm \u2013 02:00 pm<\/p>\n\n\n\n<div style=\"height:20px\" aria-hidden=\"true\" class=\"wp-block-spacer\"><\/div>\n\n\n\n<hr class=\"wp-block-separator has-alpha-channel-opacity\"\/>\n\n\n\n<div style=\"height:20px\" aria-hidden=\"true\" class=\"wp-block-spacer\"><\/div>\n\n\n\n<p><strong>Jakbyniepacze\u0107<\/strong><\/p>\n\n\n\n<div class=\"wp-block-media-text alignwide is-stacked-on-mobile is-image-fill\" style=\"grid-template-columns:45% auto\"><figure class=\"wp-block-media-text__media\" style=\"background-image:url(https:\/\/pyrkon.pl\/wp-content\/uploads\/2025\/05\/Jakbyniepaczec-768x673-1.png);background-position:49% 48%\"><img loading=\"lazy\" decoding=\"async\" width=\"768\" height=\"673\" src=\"https:\/\/pyrkon.pl\/wp-content\/uploads\/2025\/05\/Jakbyniepaczec-768x673-1.png\" alt=\"\" class=\"wp-image-46361 size-full\" srcset=\"https:\/\/pyrkon.pl\/wp-content\/uploads\/2025\/05\/Jakbyniepaczec-768x673-1.png 768w, https:\/\/pyrkon.pl\/wp-content\/uploads\/2025\/05\/Jakbyniepaczec-768x673-1-300x263.png 300w\" sizes=\"auto, (max-width: 768px) 100vw, 768px\" \/><\/figure><div class=\"wp-block-media-text__content\">\n<p>Kaja Szafra\u0144ska is a journalist, serial critic and traveller. Janusz Raczy\u0144ski is a cultural scientist by education, a traveller, filmmaker and editor by profession. Together, they have been running a channel on YouTube for over 10 years, Jakbyniepacze\u0107, dedicated to quality serial productions, where they review, recommend and explain, as well as follow in the footsteps of the most popular series in the world. There, you will find stories of cult productions, reviews and the most important events in different TV series in a condensed and visually attractive form.<\/p>\n<\/div><\/div>\n\n\n\n<div style=\"height:20px\" aria-hidden=\"true\" class=\"wp-block-spacer\"><\/div>\n\n\n\n<p>As the greatest specialists in TV series, during Pyrkon they will be happy to tell you about the strangest series in the world and the reasons and meaning behind their exploration!&nbsp;<\/p>\n\n\n\n<p><em>From Lynch, through The Curse to Severance, or about the strangest series in the world<\/em> | Film and TV Series Room 2 | Friday 09:30 pm \u2013 10:30 pm<br><em>Why do we like to explore TV series so much, and does it work for them?<\/em> | Film and TV Series Room 1 | Saturday 06:00 pm \u2013 07:00 pm<\/p>\n\n\n\n<div style=\"height:20px\" aria-hidden=\"true\" class=\"wp-block-spacer\"><\/div>\n\n\n\n<hr class=\"wp-block-separator has-alpha-channel-opacity\"\/>\n\n\n\n<div style=\"height:20px\" aria-hidden=\"true\" class=\"wp-block-spacer\"><\/div>\n\n\n\n<p><strong>Radek Pisula i Oskar Rogowski<\/strong><\/p>\n\n\n\n<p>Together, they run the film and pop culture podcast Napisy Ko\u0144cowe. Both of them have been dealing with this topic for years and will be happy to share their knowledge! At Pyrkon, you will catch them at unique lectures on superhero themes.<\/p>\n\n\n\n<p><em>Life before the MCU &#8211; superhero films from 2000-2007<\/em> | Film and TV Series Room 2 | Saturday 04:30 pm \u2013 05:30 pm<br><em>Bat-nipples, yellow spandex and The Thing with no pants, i.e. about superhero costumes in films | Film<\/em> and TV Series Room 2 | Saturday 08:30 pm \u2013 09:30 pm<br><em>There is no method in this madness, or how Sonyverse fell on its face<\/em> | Film and TV Series Room 1 | Sunday 12:00 noon \u2013 01:00 pm<\/p>\n\n\n\n<div style=\"height:20px\" aria-hidden=\"true\" class=\"wp-block-spacer\"><\/div>\n\n\n\n<hr class=\"wp-block-separator has-alpha-channel-opacity\"\/>\n\n\n\n<div style=\"height:20px\" aria-hidden=\"true\" class=\"wp-block-spacer\"><\/div>\n\n\n\n<p><strong>Szymon Ko\u0142odziejczyk<\/strong><\/p>\n\n\n\n<div class=\"wp-block-media-text alignwide is-stacked-on-mobile is-image-fill\" style=\"grid-template-columns:34% auto\"><figure class=\"wp-block-media-text__media\" style=\"background-image:url(https:\/\/pyrkon.pl\/wp-content\/uploads\/2025\/05\/Szymon-Kolodziejczyk_1000x800-768x614-1.png);background-position:71% 54%\"><img loading=\"lazy\" decoding=\"async\" width=\"768\" height=\"614\" src=\"https:\/\/pyrkon.pl\/wp-content\/uploads\/2025\/05\/Szymon-Kolodziejczyk_1000x800-768x614-1.png\" alt=\"\" class=\"wp-image-46367 size-full\" srcset=\"https:\/\/pyrkon.pl\/wp-content\/uploads\/2025\/05\/Szymon-Kolodziejczyk_1000x800-768x614-1.png 768w, https:\/\/pyrkon.pl\/wp-content\/uploads\/2025\/05\/Szymon-Kolodziejczyk_1000x800-768x614-1-300x240.png 300w\" sizes=\"auto, (max-width: 768px) 100vw, 768px\" \/><\/figure><div class=\"wp-block-media-text__content\">\n<p>Professionally, he is involved in creating films and animations and running the J\u0119zyk Filmu channel on YouTube. After hours, he is a lover of home theathre and new media technology. He collects films on DVDs and Blu-ray discs, of which he has more than the most popular streaming platform in Poland \u2013 over 8,000!<\/p>\n<\/div><\/div>\n\n\n\n<div style=\"height:20px\" aria-hidden=\"true\" class=\"wp-block-spacer\"><\/div>\n\n\n\n<p><em>Grain in the film. Its function, and do we have grain in the movies today? <\/em>&nbsp;| Film and TV Series Room 2 |Saturday 02:30 pm \u2013 03:30 pm<br><em>Preparing your home theater for HDR movies. What is HDR, how does it affect the recipient and how to watch HDR videos correctly<\/em> | Film and TV Series Room 2 | Sunday 11:30 am \u2013 12:30 pm<br><em>Alex Proyas &#8220;The Raven&#8221; from <\/em>1994<em> \u2013 the true story of the film | Film <\/em>and TV Series Room 2 | Friday 10:30 pm \u2013 11:30 pm<\/p>\n\n\n\n<div style=\"height:20px\" aria-hidden=\"true\" class=\"wp-block-spacer\"><\/div>\n\n\n\n<hr class=\"wp-block-separator has-alpha-channel-opacity\"\/>\n\n\n\n<div style=\"height:20px\" aria-hidden=\"true\" class=\"wp-block-spacer\"><\/div>\n\n\n\n<h2 class=\"wp-block-heading\" id=\"h-the-creators-of-apokawixa\"><strong>The Creators of Apokawixa<\/strong><\/h2>\n\n\n\n<p><strong>Xawery \u017bu\u0142awski<\/strong> is a Polish director, screenwriter and producer, known to cinema fans for his versatile talent and unique approach to film art. Award-winning and appreciated in the film industry, he has received many awards for his exceptional productions. \u017bu\u0142awski is a versatile filmmaker, unrestricted and boldly exploring various film genres.&nbsp;<\/p>\n\n\n\n<p><strong>Miko\u0142aj Kubacki<\/strong> is one of the most promising actors of the young generation. Since 2019, he has been associated with the National Old Theatre in Krak\u00f3w. His feature debut was the main role in the film &#8220;Fanatyk&#8221; by Micha\u0142 Tylka. In 2023, he played the main role in the film &#8220;Apokawixa&#8221;.<\/p>\n\n\n\n<p>Together, they will be happy to talk about working on &#8220;Apokawixa&#8221;, share interesting facts from the film set and answer your questions!<\/p>\n\n\n\n<p>Where the zombies by the Baltic Sea came from, i.e. a meeting with the creators of the film &#8220;Apokawixa&#8221; | Film nad TV Series Room 1 | Saturday 03:00 pm \u2013 04:00 pm<br>Autographs | PCC | Saturday 06:30 pm \u2013 07:30 pm<br>Photo | PCC | Saturday 04:30 pm &#8211; 05:00 pm<\/p>\n\n\n\n<div style=\"height:20px\" aria-hidden=\"true\" class=\"wp-block-spacer\"><\/div>\n\n\n\n<hr class=\"wp-block-separator has-alpha-channel-opacity\"\/>\n\n\n\n<div style=\"height:20px\" aria-hidden=\"true\" class=\"wp-block-spacer\"><\/div>\n\n\n\n<h2 class=\"wp-block-heading\" id=\"h-the-scooby-doo-team\"><strong>The Scooby-Doo Team<\/strong><\/h2>\n\n\n\n<p>Where are you, Scooby-Doo? Come on through! Following the lyrics of a song from the iconic animated series about a pack of friends hunting ghosts and monsters, Scooby-Doo will visit Pyrkon. In fact, it&#8217;s his voice that&#8217;s coming to Pyrkon! The dubbing actors who together form a bunch of nosy kids will listen to the song and come to Pyrkon!<\/p>\n\n\n\n<p><strong>Ryszard Olesi\u0144ski<\/strong>, who has been solving mysteries for 25 years, playing the role of the title dog detective, that is, of course, Scooby-Doo! He began his acting career at the State Higher School of Theatre in Warsaw and has been meticulously expanding his artistic output ever since.&nbsp;&nbsp;<\/p>\n\n\n\n<p><strong>&nbsp;Jacek Bo\u0144czyk<\/strong>, actor, singer, screenwriter and director of performances, author of song lyrics \u2013 both original and Polish dubbing versions. Among the numerous dubbing roles, he is listed as the chief slayer of monsters and ghosts, playing the roles of Courage from the series &#8220;Courage \u2013 The Cowardly Dog&#8221; and Shaggy from the &#8220;Scooby-Doo&#8221; series.<\/p>\n\n\n\n<p><strong>Agata Gawro\u0144ska-Bauman<\/strong>, a theatre, film and dubbing actress, as well as a dubbing director. A graduate of the State Higher School of Theatre in Warsaw. She gained the greatest recognition for her role of Velma Dinkley in Polish versions of TV series and films from the &#8220;Scooby-Doo&#8221; universe.<\/p>\n\n\n\n<p><strong>Beata Jankowska-Tzimas<\/strong>, whose voice you have probably heard in many, many animations of your childhood. She was Blossom of the &#8220;Powerpuff Girls&#8221;, Miriam of the &#8220;Prince of Egypt&#8221;, as well as the Little Mermaid of&#8230; &#8220;Little Mermaid&#8221;. She comes to Pyrkon as the person behind the role of Daphne!&nbsp;<\/p>\n\n\n\n<p><strong>Jacek Kopczy\u0144ski<\/strong>, the chief prince of fairy tales, which all of you certainly know! He was the Prince in &#8220;Cinderella&#8221;, he was Prince Eric in &#8220;The Little Mermaid&#8221;, he was also numerous princes from the films and series of the &#8220;Barbie&#8221; series. He also played the role of Dandelion in the game &#8220;The Witcher&#8221;, but! He will appear at Pyrkon as the character of Fred, from the &#8220;Scooby-Doo&#8221; series, of course.<strong> <\/strong>&nbsp;<\/p>\n\n\n\n<p>Where to meet them all? Let us answer the question for you:<\/p>\n\n\n\n<p>Scooby-Doo \u2013 meeting with the Polish voice actors! | Great Hall| Saturday 07:00 pm \u2013 08:00 pm<br>Autographs | PCC | Sunday 01:00 pm \u2013 02:00 pm<br>Photo | PCC | Sunday 11:30 am \u2013 12:00 noon<\/p>\n\n\n\n<div style=\"height:18px\" aria-hidden=\"true\" class=\"wp-block-spacer\"><\/div>\n\n\n\n<hr class=\"wp-block-separator has-alpha-channel-opacity\"\/>\n\n\n\n<div style=\"height:20px\" aria-hidden=\"true\" class=\"wp-block-spacer\"><\/div>\n\n\n\n<h2 class=\"wp-block-heading\" id=\"h-the-marvel-team\"><strong>The Marvel Team<\/strong><\/h2>\n\n\n\n<p>We also have something for all you superhero fans! If you&#8217;ve ever wanted to talk to Captain America, joke with Spider-Man, or learn how to translate Marvel comics, you&#8217;ve come to the right place.<\/p>\n\n\n\n<p><strong>Lidia Sadowa<\/strong> is one of the most promising actresses of the young generation, known to the wider public, among others, as the Polish voice of Elsa from &#8220;Frozen&#8221;. She also played the role of Mystique from the &#8220;X-Men&#8221; series and Tauriel from the film &#8220;The Hobbit&#8221;. Fans of games certainly remember her from the Polish version of V in the game &#8220;Cyberpunk 2077&#8221;, and Marvel fans \u2013 from the role of Wanda Maximoff!<\/p>\n\n\n\n<p><strong>Jakub Gawlik<\/strong> is an actor, musician and composer. Since the age of seven, he has been playing the accordion. He also graduated from the Theatre Academy in Warsaw. He is best known as the Polish voice of Tom Holland&nbsp; \u2013 he played Spider-Man in Marvel films, Nathan Drake from <em>Uncharted<\/em> and Ian Lightfoot from the animation <em>Onward<\/em>.<\/p>\n\n\n\n<p><strong>Pawe\u0142 Cio\u0142kosz<\/strong> started by making amateur films with his colleagues. This is how his first detective stories were made, and although the world has never seen these works, filmmaking remained with Pawe\u0142 forever. His voice is certainly associated with numerous productions, but he will appear on Pyrkon as Captain America from the &#8220;Avengers&#8221; films.<\/p>\n\n\n\n<p><strong>Marcin Przybylski<\/strong>, a professor of art, a graduate and former lecturer at the Theatre Academy in Warsaw and the Academy of Theatre Arts in Krakow, as well as a theater and dubbing actor. In dubbing, he is known, among others, for the role of Kili from the &#8220;The Hobbit&#8221; series, Sasuke Uchiha from the &#8220;Naruto&#8221; series and Flash from the &#8220;Justice League&#8221;. Since 2012, he has also been associated with Marvel as the Polish voice of Hawkeye.<\/p>\n\n\n\n<p>This fantastic team will also not be so difficult to meet! Here&#8217;s where to see them:<\/p>\n\n\n\n<p>The real face of Captain America&#8230; and more &#8211; meeting the voice actors of the MCU | Large Auditorium | Sunday 03:00 pm \u2013 04:00 pm<br>Autographs | PCC | Saturday 12:00 noon \u2013 01:00 pm<br>Photo | PCC | Saturday 06:00 pm \u2013 06:30 pm<\/p>\n\n\n\n<div style=\"height:20px\" aria-hidden=\"true\" class=\"wp-block-spacer\"><\/div>\n\n\n\n<hr class=\"wp-block-separator has-alpha-channel-opacity\"\/>\n\n\n\n<div style=\"height:20px\" aria-hidden=\"true\" class=\"wp-block-spacer\"><\/div>\n\n\n\n<h2 class=\"wp-block-heading\" id=\"h-founders-of-the-velvet-spoon\"><strong>Founders of the Velvet Spoon&nbsp;<\/strong><\/h2>\n\n\n\n<p>Velvet Spoon is a Polish company distributing intriguing films from around the world. Its co-creators will visit Pyrkon and will be happy to tell you about their motivations and experiences in this industry!<\/p>\n\n\n\n<p><strong>Marcin Adamczak <\/strong>is a member of the International Federation of Film Critics FIPRESCI and the Association of Polish Filmmakers. He also comes to Pyrkon as a co-founder of the distribution company Velvet Spoon.<\/p>\n\n\n\n<p><strong>Grzegorz Fortuna <\/strong>is a researcher of pop culture, genre cinema and Polish transformation. He is the co-founder of the Octopus Film Festival in Gda\u0144sk and the distribution company Velvet Spoon, as well as a member of the VHS Hell collective.<\/p>\n\n\n\n<p>Where you&#8217;ll meet them:<\/p>\n\n\n\n<p>Distribution of classics in Poland | Film and TV Series Room 1 | Sunday 11:00 am \u2013 12:00 noon<br>Distribution? What is that? Meeting with the founders of Velvet Spoon | Film and TV Series Room 2 | Saturday 12:30 pm \u2013 01:30 pm<\/p>\n\n\n\n<div style=\"height:20px\" aria-hidden=\"true\" class=\"wp-block-spacer\"><\/div>\n\n\n\n<hr class=\"wp-block-separator has-alpha-channel-opacity\"\/>\n\n\n\n<div style=\"height:20px\" aria-hidden=\"true\" class=\"wp-block-spacer\"><\/div>\n\n\n\n<h2 class=\"wp-block-heading\" id=\"h-fantastic-film-screenings\"><strong>Fantastic film screenings<\/strong><\/h2>\n\n\n\n<p>The Film and TV Series Zone has also prepared some interesting films for you. If you have been wanting to watch one of these films for a long time or simply like screenings in a larger group,&nbsp; this section is for you!&nbsp;<\/p>\n\n\n\n<p><strong>In the blink of an eye \u2013 Best of Animator Festival | special screening | Film and TV Series Room 1 | Friday 02:00 pm \u2013 03:30 pm<\/strong><\/p>\n\n\n\n<p>Ready for a journey through time, space and the limits of imagination? In cooperation with the Animator Festival, we will introduce you to several carefully selected short animated forms from around the world! We have prepared this set with the opening of Pyrkon in mind \u2013 you can expect a screening full of strangeness, delight and unforgettable emotions. The 75-minute screening takes you on a journey from beauty and nostalgia, through grotesque, to complete absurdity.<\/p>\n\n\n\n<p>We will be showing:<\/p>\n\n\n\n<ul class=\"wp-block-list\">\n<li>&#8220;Martyr&#8217;s Guidebook&#8221;, Maksymilian Rzontkowski, Poland 2023 \u2013 8\u201959&#8243;<\/li>\n\n\n\n<li>&#8220;Slow Light&#8221;, Kijek\/Adamski, Poland 2022 \u2013 10\u201958&#8243;<\/li>\n\n\n\n<li>&#8220;Rain \/ Deszcz&#8221;, Piotr Milczarek, Poland 2019 \u2013 5\u201900&#8243;<\/li>\n\n\n\n<li>&#8220;Ice Merchants&#8221;, Jo\u00e3o Gonzalez, Portugal 2022 \u2013 14\u201900&#8243;<\/li>\n\n\n\n<li>&#8220;Fail in Love \u2013 A Chair for Two&#8221;, C\u00e9cile Rousset &amp;amp; Romain Blanc-Tailleur, France 2022 \u2013 4\u201917&#8243;<\/li>\n\n\n\n<li>&#8220;LOOP&#8221;, Pablo Polledri, Spain 2021 \u2013 8\u201900&#8243;.<\/li>\n\n\n\n<li>*&#8221;Poorly Drawn Lines \u2013 Ep. 1: Bathroom Emergency\u201d, Matt Thompson, USA 2021 \u2013 11\u201900\u201d<\/li>\n\n\n\n<li>&nbsp;*&#8221;Smiling Friends&#8221;, Michael Cusack &amp;amp; Zach Hadel, Australia 2024 \u2013 11\u201940&#8243;<\/li>\n<\/ul>\n\n\n\n<p>All films will be shown in the original with Polish subtitles!<\/p>\n\n\n\n<div style=\"height:20px\" aria-hidden=\"true\" class=\"wp-block-spacer\"><\/div>\n\n\n\n<hr class=\"wp-block-separator has-alpha-channel-opacity\"\/>\n\n\n\n<div style=\"height:20px\" aria-hidden=\"true\" class=\"wp-block-spacer\"><\/div>\n\n\n\n<p><strong>It&#8217;s a good thing we wear masks (PREMIERE) and meeting with the creators \u2013 documentary | Film and TV Series Room 1 | Friday 07:00 pm \u2013 08:30 pm<\/strong><\/p>\n\n\n\n<div class=\"wp-block-media-text alignwide has-media-on-the-right is-stacked-on-mobile is-image-fill\" style=\"grid-template-columns:auto 40%\"><div class=\"wp-block-media-text__content\">\n<p>This time we have a documentary premiere for you!<\/p>\n\n\n\n<p>Sometimes you have to put on a mask to show your real face. Konrad devoted nearly five years to creating his dream outfit. Although he treats cosplay as a way to improve his own world, he can also bring joy to others \u2013 especially those who need it most. However, even in the fictional world, there are crises that need to be dealt with. And when you start to &#8220;run out of air&#8221; behind the mask \u2013 you have to catch your breath somehow.<\/p>\n\n\n\n<p>After the screening, there will also be a meeting with the filmmakers \u2013 Bartosz Paw\u0142owski, Bohdan Reva and the protagonist of the film \u2013 Konrad Kobus.&nbsp;<\/p>\n<\/div><figure class=\"wp-block-media-text__media\" style=\"background-image:url(https:\/\/pyrkon.pl\/wp-content\/uploads\/2025\/06\/maski_plakat_600x800.jpg);background-position:50% 50%\"><img loading=\"lazy\" decoding=\"async\" width=\"600\" height=\"800\" src=\"https:\/\/pyrkon.pl\/wp-content\/uploads\/2025\/06\/maski_plakat_600x800.jpg\" alt=\"\" class=\"wp-image-47047 size-full\" srcset=\"https:\/\/pyrkon.pl\/wp-content\/uploads\/2025\/06\/maski_plakat_600x800.jpg 600w, https:\/\/pyrkon.pl\/wp-content\/uploads\/2025\/06\/maski_plakat_600x800-225x300.jpg 225w\" sizes=\"auto, (max-width: 600px) 100vw, 600px\" \/><\/figure><\/div>\n\n\n\n<div style=\"height:20px\" aria-hidden=\"true\" class=\"wp-block-spacer\"><\/div>\n\n\n\n<hr class=\"wp-block-separator has-alpha-channel-opacity\"\/>\n\n\n\n<div style=\"height:20px\" aria-hidden=\"true\" class=\"wp-block-spacer\"><\/div>\n\n\n\n<p><strong>Nosferatu. The symphony of horror (1922) with live music performed by Czerwie | Film and TV Series Room 1 | Friday 00:00 \u2013 02:00 am<\/strong><\/p>\n\n\n\n<p>&#8220;Czerwie&#8221; is a Polish formation presenting alternative sounds from the borderline of folk, ethno, absurd, experimental and contemporary music, as well as theatre and film music. Such a wide stylistic cross-section makes their work unique and difficult to classify. Their unique style will surely diversify your viewing!<\/p>\n\n\n\n<div style=\"height:20px\" aria-hidden=\"true\" class=\"wp-block-spacer\"><\/div>\n\n\n\n<hr class=\"wp-block-separator has-alpha-channel-opacity\"\/>\n\n\n\n<div style=\"height:20px\" aria-hidden=\"true\" class=\"wp-block-spacer\"><\/div>\n\n\n\n<p><strong>Droga donik\u0105d (2025) and a meeting with the creators! | Film and TV Series Room 1 | Saturday 09:00 pm \u2013 11:00 pm<\/strong><\/p>\n\n\n\n<p>&#8220;Droga donik\u0105d&#8221; is a dark story about a merciless, post-apocalyptic world in which the loss of humanity has become everyday life, and revenge \u2013 the only driving force of the survivors. The film was created out of passion and determination, being a perfect example of independent cinematography.<\/p>\n\n\n\n<p>The director himself and the film crew will talk about the challenges encountered and how to overcome them during the meeting after the screening. This is a unique opportunity to get behind the scenes of the production of &#8220;Droga donik\u0105d&#8221; and to hear the personal thoughts and experiences of the creators.<\/p>\n\n\n\n<p>The film will be presented with a Polish soundtrack and English subtitles. The meeting will be held in Polish.<\/p>\n\n\n\n<div style=\"height:20px\" aria-hidden=\"true\" class=\"wp-block-spacer\"><\/div>\n\n\n\n<hr class=\"wp-block-separator has-alpha-channel-opacity\"\/>\n\n\n\n<div style=\"height:20px\" aria-hidden=\"true\" class=\"wp-block-spacer\"><\/div>\n\n\n\n<p><strong>[+18] Oldboy (2003) | Film and TV Series Room 1 | Saturday 11:00 pm \u2013 01:00 am<\/strong><\/p>\n\n\n\n<p>The middle part of Park Chan-wook&#8217;s &#8220;Trilogy of Revenge&#8221; won nearly seventy awards and nominations at the time of its premiere, and significantly contributed to the spread of Korean cinema. Quentin Tarantino himself contributed to this success, emphasizing in many interviews that &#8220;Oldboy&#8221; is his favorite film.<\/p>\n\n\n\n<p>Today, twenty years after its release, &#8220;Oldboy&#8221; returns to the silver screens in a fully remastered version of 4K. Revenge has never looked so good!<\/p>\n\n\n\n<p>The film is intended for adult viewers!<\/p>\n\n\n\n<div style=\"height:20px\" aria-hidden=\"true\" class=\"wp-block-spacer\"><\/div>\n\n\n\n<hr class=\"wp-block-separator has-alpha-channel-opacity\"\/>\n\n\n\n<div style=\"height:20px\" aria-hidden=\"true\" class=\"wp-block-spacer\"><\/div>\n\n\n\n<p><strong>The Gingerdead Man (2005) | Film and TV Series Room 1 | Sunday 01:00 am \u2013 02:30 am<\/strong><\/p>\n\n\n\n<p>You probably know the motif of evil spirits trying to possess people or objects? Director Charles Band went a step further \u2013 when the ashes of a killer who died by electric chair are accidentally mixed with cake in a local bakery, he returns in the form of&#8230; the Gingerdead Man. And he seeks revenge on those who led to his conviction.<\/p>\n\n\n\n<div style=\"height:20px\" aria-hidden=\"true\" class=\"wp-block-spacer\"><\/div>\n\n\n\n<hr class=\"wp-block-separator has-alpha-channel-opacity\"\/>\n\n\n\n<div style=\"height:20px\" aria-hidden=\"true\" class=\"wp-block-spacer\"><\/div>\n\n\n\n<p><strong>In addition, in the Pyrkon Cinema you will also find:<\/strong><\/p>\n\n\n\n<p><strong>FRIDAY<\/strong><\/p>\n\n\n\n<ul class=\"wp-block-list\">\n<li>Apokawixa (2022) | 00:00 \u2013 02:00 am<\/li>\n\n\n\n<li>The Witcher (2001) | 02:00 am \u2013 04:00 am<\/li>\n<\/ul>\n\n\n\n<p><strong>SATURDAY<\/strong><\/p>\n\n\n\n<ul class=\"wp-block-list\">\n<li>Harry Potter and the Chamber of Secrets (2002) | 00:00 \u2013 02:30 am<\/li>\n\n\n\n<li>LEGO Batman: The Movie (2017) | 02:30 am \u2013 04:30 am<\/li>\n<\/ul>\n\n\n\n<p>And many, many more! There are also plenty of fantastic lectures and discussion panels, about which you will find detailed information in the convention program!&nbsp;<\/p>\n","protected":false},"excerpt":{"rendered":"<p>The Pyrkon program is now available and surely each of you has noticed that there are a lot of attractions! To make it easier for you to find your way around this maze of lectures, meetings and screenings, we are happy to present a list with the most important information!&nbsp;<\/p>\n","protected":false},"author":9595,"featured_media":46370,"comment_status":"closed","ping_status":"closed","sticky":false,"template":"","format":"standard","meta":{"_acf_changed":false,"footnotes":""},"categories":[14,13],"tags":[59,57,9863],"pyr_topics":[9635],"class_list":["post-46373","post","type-post","status-publish","format-standard","has-post-thumbnail","hentry","category-program-en","category-uncategorized","tag-guests","tag-program-en-2","tag-pyrkon2025-2","pyr_topics-film-and-tv-series-zone"],"acf":[],"yoast_head":"<!-- This site is optimized with the Yoast SEO Premium plugin v25.9 (Yoast SEO v25.9) - https:\/\/yoast.com\/wordpress\/plugins\/seo\/ -->\n<title>Schedule of the Film and TV Series Zone attractions &#8902; Pyrkon Fantastyczne Miejsce Spotka\u0144<\/title>\n<meta name=\"description\" content=\"To make it easier for you to find your way around this maze of lectures, we are happy to present a list with the most important information!\" \/>\n<meta name=\"robots\" content=\"index, follow, max-snippet:-1, max-image-preview:large, max-video-preview:-1\" \/>\n<link rel=\"canonical\" href=\"https:\/\/pyrkon.pl\/en\/program-en\/harmonogram-atrakcji-strefy-filmowo-serialowej\/\" \/>\n<meta property=\"og:locale\" content=\"en_US\" \/>\n<meta property=\"og:type\" content=\"article\" \/>\n<meta property=\"og:title\" content=\"Schedule of the Film and TV Series Zone attractions\" \/>\n<meta property=\"og:description\" content=\"To make it easier for you to find your way around this maze of lectures, we are happy to present a list with the most important information!\" \/>\n<meta property=\"og:url\" content=\"https:\/\/pyrkon.pl\/en\/program-en\/harmonogram-atrakcji-strefy-filmowo-serialowej\/\" \/>\n<meta property=\"og:site_name\" content=\"Pyrkon Fantastyczne Miejsce Spotka\u0144\" \/>\n<meta property=\"article:publisher\" content=\"https:\/\/www.facebook.com\/Pyrkon\" \/>\n<meta property=\"article:published_time\" content=\"2025-05-26T14:00:00+00:00\" \/>\n<meta property=\"article:modified_time\" content=\"2025-06-11T16:54:51+00:00\" \/>\n<meta property=\"og:image\" content=\"https:\/\/pyrkon.pl\/wp-content\/uploads\/2025\/05\/Miniaturki-1-1.png\" \/>\n\t<meta property=\"og:image:width\" content=\"900\" \/>\n\t<meta property=\"og:image:height\" content=\"505\" \/>\n\t<meta property=\"og:image:type\" content=\"image\/png\" \/>\n<meta name=\"author\" content=\"Natalia Wieczorek\" \/>\n<meta name=\"twitter:card\" content=\"summary_large_image\" \/>\n<meta name=\"twitter:creator\" content=\"@pyrkon\" \/>\n<meta name=\"twitter:site\" content=\"@pyrkon\" \/>\n<meta name=\"twitter:label1\" content=\"Written by\" \/>\n\t<meta name=\"twitter:data1\" content=\"Natalia Wieczorek\" \/>\n\t<meta name=\"twitter:label2\" content=\"Est. reading time\" \/>\n\t<meta name=\"twitter:data2\" content=\"21 minutes\" \/>\n<script type=\"application\/ld+json\" class=\"yoast-schema-graph\">{\"@context\":\"https:\/\/schema.org\",\"@graph\":[{\"@type\":\"Article\",\"@id\":\"https:\/\/pyrkon.pl\/en\/program-en\/harmonogram-atrakcji-strefy-filmowo-serialowej\/#article\",\"isPartOf\":{\"@id\":\"https:\/\/pyrkon.pl\/en\/program-en\/harmonogram-atrakcji-strefy-filmowo-serialowej\/\"},\"author\":{\"name\":\"Natalia Wieczorek\",\"@id\":\"https:\/\/pyrkon.pl\/#\/schema\/person\/48ffd2c9811b343280fe4fcbeceb185c\"},\"headline\":\"Schedule of the Film and TV Series Zone attractions\",\"datePublished\":\"2025-05-26T14:00:00+00:00\",\"dateModified\":\"2025-06-11T16:54:51+00:00\",\"mainEntityOfPage\":{\"@id\":\"https:\/\/pyrkon.pl\/en\/program-en\/harmonogram-atrakcji-strefy-filmowo-serialowej\/\"},\"wordCount\":3018,\"publisher\":{\"@id\":\"https:\/\/pyrkon.pl\/#organization\"},\"image\":{\"@id\":\"https:\/\/pyrkon.pl\/en\/program-en\/harmonogram-atrakcji-strefy-filmowo-serialowej\/#primaryimage\"},\"thumbnailUrl\":\"https:\/\/pyrkon.pl\/wp-content\/uploads\/2025\/05\/Miniaturki-1-1.png\",\"keywords\":[\"guests\",\"program\",\"pyrkon2025\"],\"articleSection\":[\"Program\"],\"inLanguage\":\"en-US\"},{\"@type\":\"WebPage\",\"@id\":\"https:\/\/pyrkon.pl\/en\/program-en\/harmonogram-atrakcji-strefy-filmowo-serialowej\/\",\"url\":\"https:\/\/pyrkon.pl\/en\/program-en\/harmonogram-atrakcji-strefy-filmowo-serialowej\/\",\"name\":\"Schedule of the Film and TV Series Zone attractions &#8902; Pyrkon Fantastyczne Miejsce Spotka\u0144\",\"isPartOf\":{\"@id\":\"https:\/\/pyrkon.pl\/#website\"},\"primaryImageOfPage\":{\"@id\":\"https:\/\/pyrkon.pl\/en\/program-en\/harmonogram-atrakcji-strefy-filmowo-serialowej\/#primaryimage\"},\"image\":{\"@id\":\"https:\/\/pyrkon.pl\/en\/program-en\/harmonogram-atrakcji-strefy-filmowo-serialowej\/#primaryimage\"},\"thumbnailUrl\":\"https:\/\/pyrkon.pl\/wp-content\/uploads\/2025\/05\/Miniaturki-1-1.png\",\"datePublished\":\"2025-05-26T14:00:00+00:00\",\"dateModified\":\"2025-06-11T16:54:51+00:00\",\"description\":\"To make it easier for you to find your way around this maze of lectures, we are happy to present a list with the most important information!\",\"breadcrumb\":{\"@id\":\"https:\/\/pyrkon.pl\/en\/program-en\/harmonogram-atrakcji-strefy-filmowo-serialowej\/#breadcrumb\"},\"inLanguage\":\"en-US\",\"potentialAction\":[{\"@type\":\"ReadAction\",\"target\":[\"https:\/\/pyrkon.pl\/en\/program-en\/harmonogram-atrakcji-strefy-filmowo-serialowej\/\"]}]},{\"@type\":\"ImageObject\",\"inLanguage\":\"en-US\",\"@id\":\"https:\/\/pyrkon.pl\/en\/program-en\/harmonogram-atrakcji-strefy-filmowo-serialowej\/#primaryimage\",\"url\":\"https:\/\/pyrkon.pl\/wp-content\/uploads\/2025\/05\/Miniaturki-1-1.png\",\"contentUrl\":\"https:\/\/pyrkon.pl\/wp-content\/uploads\/2025\/05\/Miniaturki-1-1.png\",\"width\":900,\"height\":505},{\"@type\":\"BreadcrumbList\",\"@id\":\"https:\/\/pyrkon.pl\/en\/program-en\/harmonogram-atrakcji-strefy-filmowo-serialowej\/#breadcrumb\",\"itemListElement\":[{\"@type\":\"ListItem\",\"position\":1,\"name\":\"Strona g\u0142\u00f3wna\",\"item\":\"https:\/\/pyrkon.pl\/en\/\"},{\"@type\":\"ListItem\",\"position\":2,\"name\":\"Program\",\"item\":\"https:\/\/pyrkon.pl\/en\/category\/program-en\/\"},{\"@type\":\"ListItem\",\"position\":3,\"name\":\"Schedule of the Film and TV Series Zone attractions\"}]},{\"@type\":\"WebSite\",\"@id\":\"https:\/\/pyrkon.pl\/#website\",\"url\":\"https:\/\/pyrkon.pl\/\",\"name\":\"Pyrkon Fantastyczne Miejsce Spotka\u0144\",\"description\":\"Festiwal Fantastyki\",\"publisher\":{\"@id\":\"https:\/\/pyrkon.pl\/#organization\"},\"potentialAction\":[{\"@type\":\"SearchAction\",\"target\":{\"@type\":\"EntryPoint\",\"urlTemplate\":\"https:\/\/pyrkon.pl\/?s={search_term_string}\"},\"query-input\":{\"@type\":\"PropertyValueSpecification\",\"valueRequired\":true,\"valueName\":\"search_term_string\"}}],\"inLanguage\":\"en-US\"},{\"@type\":\"Organization\",\"@id\":\"https:\/\/pyrkon.pl\/#organization\",\"name\":\"Pyrkon Fantastyczne Miejsce Spotka\u0144\",\"url\":\"https:\/\/pyrkon.pl\/\",\"logo\":{\"@type\":\"ImageObject\",\"inLanguage\":\"en-US\",\"@id\":\"https:\/\/pyrkon.pl\/#\/schema\/logo\/image\/\",\"url\":\"https:\/\/pyrkon.pl\/wp-content\/uploads\/2018\/02\/Festiwal_Fantastyki_Pyrkon_logo_Black_CMYK.jpg\",\"contentUrl\":\"https:\/\/pyrkon.pl\/wp-content\/uploads\/2018\/02\/Festiwal_Fantastyki_Pyrkon_logo_Black_CMYK.jpg\",\"width\":1300,\"height\":401,\"caption\":\"Pyrkon Fantastyczne Miejsce Spotka\u0144\"},\"image\":{\"@id\":\"https:\/\/pyrkon.pl\/#\/schema\/logo\/image\/\"},\"sameAs\":[\"https:\/\/www.facebook.com\/Pyrkon\",\"https:\/\/x.com\/pyrkon\",\"https:\/\/www.instagram.com\/pyrkon\/\",\"https:\/\/www.youtube.com\/user\/FestiwalPyrkon\"]},{\"@type\":\"Person\",\"@id\":\"https:\/\/pyrkon.pl\/#\/schema\/person\/48ffd2c9811b343280fe4fcbeceb185c\",\"name\":\"Natalia Wieczorek\",\"image\":{\"@type\":\"ImageObject\",\"inLanguage\":\"en-US\",\"@id\":\"https:\/\/pyrkon.pl\/#\/schema\/person\/image\/\",\"url\":\"https:\/\/secure.gravatar.com\/avatar\/4abe3502d3f470077b22bc2f4e51b2a2662a001a48d489f8abe7fe1d62a0d729?s=96&d=mm&r=g\",\"contentUrl\":\"https:\/\/secure.gravatar.com\/avatar\/4abe3502d3f470077b22bc2f4e51b2a2662a001a48d489f8abe7fe1d62a0d729?s=96&d=mm&r=g\",\"caption\":\"Natalia Wieczorek\"},\"description\":\"Czy pr\u00f3bowali\u015bcie kiedy\u015b studiowa\u0107 j\u0119zyk, o kt\u00f3rym nikt nie ma poj\u0119cia, jecha\u0107 na poci\u0105gu d\u0142ugim na 2 km albo czyta\u0107 o bromansie Puszkina? Nie? Oh boy, let me tell you a story...\",\"url\":\"https:\/\/pyrkon.pl\/en\/author\/natalia-wieczorek\/\"}]}<\/script>\n<!-- \/ Yoast SEO Premium plugin. -->","yoast_head_json":{"title":"Schedule of the Film and TV Series Zone attractions &#8902; Pyrkon Fantastyczne Miejsce Spotka\u0144","description":"To make it easier for you to find your way around this maze of lectures, we are happy to present a list with the most important information!","robots":{"index":"index","follow":"follow","max-snippet":"max-snippet:-1","max-image-preview":"max-image-preview:large","max-video-preview":"max-video-preview:-1"},"canonical":"https:\/\/pyrkon.pl\/en\/program-en\/harmonogram-atrakcji-strefy-filmowo-serialowej\/","og_locale":"en_US","og_type":"article","og_title":"Schedule of the Film and TV Series Zone attractions","og_description":"To make it easier for you to find your way around this maze of lectures, we are happy to present a list with the most important information!","og_url":"https:\/\/pyrkon.pl\/en\/program-en\/harmonogram-atrakcji-strefy-filmowo-serialowej\/","og_site_name":"Pyrkon Fantastyczne Miejsce Spotka\u0144","article_publisher":"https:\/\/www.facebook.com\/Pyrkon","article_published_time":"2025-05-26T14:00:00+00:00","article_modified_time":"2025-06-11T16:54:51+00:00","og_image":[{"width":900,"height":505,"url":"https:\/\/pyrkon.pl\/wp-content\/uploads\/2025\/05\/Miniaturki-1-1.png","type":"image\/png"}],"author":"Natalia Wieczorek","twitter_card":"summary_large_image","twitter_creator":"@pyrkon","twitter_site":"@pyrkon","twitter_misc":{"Written by":"Natalia Wieczorek","Est. reading time":"21 minutes"},"schema":{"@context":"https:\/\/schema.org","@graph":[{"@type":"Article","@id":"https:\/\/pyrkon.pl\/en\/program-en\/harmonogram-atrakcji-strefy-filmowo-serialowej\/#article","isPartOf":{"@id":"https:\/\/pyrkon.pl\/en\/program-en\/harmonogram-atrakcji-strefy-filmowo-serialowej\/"},"author":{"name":"Natalia Wieczorek","@id":"https:\/\/pyrkon.pl\/#\/schema\/person\/48ffd2c9811b343280fe4fcbeceb185c"},"headline":"Schedule of the Film and TV Series Zone attractions","datePublished":"2025-05-26T14:00:00+00:00","dateModified":"2025-06-11T16:54:51+00:00","mainEntityOfPage":{"@id":"https:\/\/pyrkon.pl\/en\/program-en\/harmonogram-atrakcji-strefy-filmowo-serialowej\/"},"wordCount":3018,"publisher":{"@id":"https:\/\/pyrkon.pl\/#organization"},"image":{"@id":"https:\/\/pyrkon.pl\/en\/program-en\/harmonogram-atrakcji-strefy-filmowo-serialowej\/#primaryimage"},"thumbnailUrl":"https:\/\/pyrkon.pl\/wp-content\/uploads\/2025\/05\/Miniaturki-1-1.png","keywords":["guests","program","pyrkon2025"],"articleSection":["Program"],"inLanguage":"en-US"},{"@type":"WebPage","@id":"https:\/\/pyrkon.pl\/en\/program-en\/harmonogram-atrakcji-strefy-filmowo-serialowej\/","url":"https:\/\/pyrkon.pl\/en\/program-en\/harmonogram-atrakcji-strefy-filmowo-serialowej\/","name":"Schedule of the Film and TV Series Zone attractions &#8902; Pyrkon Fantastyczne Miejsce Spotka\u0144","isPartOf":{"@id":"https:\/\/pyrkon.pl\/#website"},"primaryImageOfPage":{"@id":"https:\/\/pyrkon.pl\/en\/program-en\/harmonogram-atrakcji-strefy-filmowo-serialowej\/#primaryimage"},"image":{"@id":"https:\/\/pyrkon.pl\/en\/program-en\/harmonogram-atrakcji-strefy-filmowo-serialowej\/#primaryimage"},"thumbnailUrl":"https:\/\/pyrkon.pl\/wp-content\/uploads\/2025\/05\/Miniaturki-1-1.png","datePublished":"2025-05-26T14:00:00+00:00","dateModified":"2025-06-11T16:54:51+00:00","description":"To make it easier for you to find your way around this maze of lectures, we are happy to present a list with the most important information!","breadcrumb":{"@id":"https:\/\/pyrkon.pl\/en\/program-en\/harmonogram-atrakcji-strefy-filmowo-serialowej\/#breadcrumb"},"inLanguage":"en-US","potentialAction":[{"@type":"ReadAction","target":["https:\/\/pyrkon.pl\/en\/program-en\/harmonogram-atrakcji-strefy-filmowo-serialowej\/"]}]},{"@type":"ImageObject","inLanguage":"en-US","@id":"https:\/\/pyrkon.pl\/en\/program-en\/harmonogram-atrakcji-strefy-filmowo-serialowej\/#primaryimage","url":"https:\/\/pyrkon.pl\/wp-content\/uploads\/2025\/05\/Miniaturki-1-1.png","contentUrl":"https:\/\/pyrkon.pl\/wp-content\/uploads\/2025\/05\/Miniaturki-1-1.png","width":900,"height":505},{"@type":"BreadcrumbList","@id":"https:\/\/pyrkon.pl\/en\/program-en\/harmonogram-atrakcji-strefy-filmowo-serialowej\/#breadcrumb","itemListElement":[{"@type":"ListItem","position":1,"name":"Strona g\u0142\u00f3wna","item":"https:\/\/pyrkon.pl\/en\/"},{"@type":"ListItem","position":2,"name":"Program","item":"https:\/\/pyrkon.pl\/en\/category\/program-en\/"},{"@type":"ListItem","position":3,"name":"Schedule of the Film and TV Series Zone attractions"}]},{"@type":"WebSite","@id":"https:\/\/pyrkon.pl\/#website","url":"https:\/\/pyrkon.pl\/","name":"Pyrkon Fantastyczne Miejsce Spotka\u0144","description":"Festiwal Fantastyki","publisher":{"@id":"https:\/\/pyrkon.pl\/#organization"},"potentialAction":[{"@type":"SearchAction","target":{"@type":"EntryPoint","urlTemplate":"https:\/\/pyrkon.pl\/?s={search_term_string}"},"query-input":{"@type":"PropertyValueSpecification","valueRequired":true,"valueName":"search_term_string"}}],"inLanguage":"en-US"},{"@type":"Organization","@id":"https:\/\/pyrkon.pl\/#organization","name":"Pyrkon Fantastyczne Miejsce Spotka\u0144","url":"https:\/\/pyrkon.pl\/","logo":{"@type":"ImageObject","inLanguage":"en-US","@id":"https:\/\/pyrkon.pl\/#\/schema\/logo\/image\/","url":"https:\/\/pyrkon.pl\/wp-content\/uploads\/2018\/02\/Festiwal_Fantastyki_Pyrkon_logo_Black_CMYK.jpg","contentUrl":"https:\/\/pyrkon.pl\/wp-content\/uploads\/2018\/02\/Festiwal_Fantastyki_Pyrkon_logo_Black_CMYK.jpg","width":1300,"height":401,"caption":"Pyrkon Fantastyczne Miejsce Spotka\u0144"},"image":{"@id":"https:\/\/pyrkon.pl\/#\/schema\/logo\/image\/"},"sameAs":["https:\/\/www.facebook.com\/Pyrkon","https:\/\/x.com\/pyrkon","https:\/\/www.instagram.com\/pyrkon\/","https:\/\/www.youtube.com\/user\/FestiwalPyrkon"]},{"@type":"Person","@id":"https:\/\/pyrkon.pl\/#\/schema\/person\/48ffd2c9811b343280fe4fcbeceb185c","name":"Natalia Wieczorek","image":{"@type":"ImageObject","inLanguage":"en-US","@id":"https:\/\/pyrkon.pl\/#\/schema\/person\/image\/","url":"https:\/\/secure.gravatar.com\/avatar\/4abe3502d3f470077b22bc2f4e51b2a2662a001a48d489f8abe7fe1d62a0d729?s=96&d=mm&r=g","contentUrl":"https:\/\/secure.gravatar.com\/avatar\/4abe3502d3f470077b22bc2f4e51b2a2662a001a48d489f8abe7fe1d62a0d729?s=96&d=mm&r=g","caption":"Natalia Wieczorek"},"description":"Czy pr\u00f3bowali\u015bcie kiedy\u015b studiowa\u0107 j\u0119zyk, o kt\u00f3rym nikt nie ma poj\u0119cia, jecha\u0107 na poci\u0105gu d\u0142ugim na 2 km albo czyta\u0107 o bromansie Puszkina? Nie? Oh boy, let me tell you a story...","url":"https:\/\/pyrkon.pl\/en\/author\/natalia-wieczorek\/"}]}},"_links":{"self":[{"href":"https:\/\/pyrkon.pl\/en\/wp-json\/wp\/v2\/posts\/46373","targetHints":{"allow":["GET"]}}],"collection":[{"href":"https:\/\/pyrkon.pl\/en\/wp-json\/wp\/v2\/posts"}],"about":[{"href":"https:\/\/pyrkon.pl\/en\/wp-json\/wp\/v2\/types\/post"}],"author":[{"embeddable":true,"href":"https:\/\/pyrkon.pl\/en\/wp-json\/wp\/v2\/users\/9595"}],"replies":[{"embeddable":true,"href":"https:\/\/pyrkon.pl\/en\/wp-json\/wp\/v2\/comments?post=46373"}],"version-history":[{"count":3,"href":"https:\/\/pyrkon.pl\/en\/wp-json\/wp\/v2\/posts\/46373\/revisions"}],"predecessor-version":[{"id":47162,"href":"https:\/\/pyrkon.pl\/en\/wp-json\/wp\/v2\/posts\/46373\/revisions\/47162"}],"wp:featuredmedia":[{"embeddable":true,"href":"https:\/\/pyrkon.pl\/en\/wp-json\/wp\/v2\/media\/46370"}],"wp:attachment":[{"href":"https:\/\/pyrkon.pl\/en\/wp-json\/wp\/v2\/media?parent=46373"}],"wp:term":[{"taxonomy":"category","embeddable":true,"href":"https:\/\/pyrkon.pl\/en\/wp-json\/wp\/v2\/categories?post=46373"},{"taxonomy":"post_tag","embeddable":true,"href":"https:\/\/pyrkon.pl\/en\/wp-json\/wp\/v2\/tags?post=46373"},{"taxonomy":"pyr_topics","embeddable":true,"href":"https:\/\/pyrkon.pl\/en\/wp-json\/wp\/v2\/pyr_topics?post=46373"}],"curies":[{"name":"wp","href":"https:\/\/api.w.org\/{rel}","templated":true}]}}