{"id":46619,"date":"2025-05-29T22:04:51","date_gmt":"2025-05-29T20:04:51","guid":{"rendered":"https:\/\/pyrkon.pl\/?p=46619"},"modified":"2026-02-12T22:14:56","modified_gmt":"2026-02-12T21:14:56","slug":"accessible-pyrkon-more-info-pyrkon2025","status":"publish","type":"post","link":"https:\/\/pyrkon.pl\/en\/coraz-blizej-pyrkon-en\/accessible-pyrkon-more-info-pyrkon2025\/","title":{"rendered":"Accessible Pyrkon. Even more information to make sure everyone enjoys the event without restrictions.\u00a0"},"content":{"rendered":"\n<p>Fantasy knows no boundaries, neither does Pyrkon. As part of this year&#8217;s edition of the event, we have once again made every effort to ensure that people with disabilities can fully enjoy the magic of the convention. Thanks to the &#8220;Accessible Pyrkon&#8221; campaign, together we create a space where everyone can be themselves. Here is a range of information about the area of the event and the prepared program.<\/p>\n\n\n\n<!--more-->\n\n\n\n<h2 class=\"wp-block-heading\" id=\"h-a-number-of-amenities-on-pyrkon-grounds\">A number of amenities on Pyrkon grounds!<\/h2>\n\n\n\n<p>At the Pyrkon Fan Convention, there are a number of amenities designed to facilitate the participation of people with disabilities and special needs. All halls and program rooms are accessible to wheelchair users \u2013 in each of them there are lifts, and at selected stairs (including in the PCC, in hall 5 and in the so-called &#8220;cross&#8221; between halls 7, 7A, 8 and 8A) warning signs will be installed.&nbsp;<\/p>\n\n\n\n<div style=\"height:35px\" aria-hidden=\"true\" class=\"wp-block-spacer\"><\/div>\n\n\n\n<div class=\"wp-block-media-text alignwide is-stacked-on-mobile\"><figure class=\"wp-block-media-text__media\"><img loading=\"lazy\" decoding=\"async\" width=\"868\" height=\"1300\" src=\"https:\/\/pyrkon.pl\/wp-content\/uploads\/2025\/05\/Foto-3.-Dostepny-Pyrkon.-fot.-Anna-Pflanz-868x1300.jpg\" alt=\"\" class=\"wp-image-46611 size-full\" srcset=\"https:\/\/pyrkon.pl\/wp-content\/uploads\/2025\/05\/Foto-3.-Dostepny-Pyrkon.-fot.-Anna-Pflanz-868x1300.jpg 868w, https:\/\/pyrkon.pl\/wp-content\/uploads\/2025\/05\/Foto-3.-Dostepny-Pyrkon.-fot.-Anna-Pflanz-200x300.jpg 200w, https:\/\/pyrkon.pl\/wp-content\/uploads\/2025\/05\/Foto-3.-Dostepny-Pyrkon.-fot.-Anna-Pflanz-768x1151.jpg 768w, https:\/\/pyrkon.pl\/wp-content\/uploads\/2025\/05\/Foto-3.-Dostepny-Pyrkon.-fot.-Anna-Pflanz-1025x1536.jpg 1025w, https:\/\/pyrkon.pl\/wp-content\/uploads\/2025\/05\/Foto-3.-Dostepny-Pyrkon.-fot.-Anna-Pflanz-scaled.jpg 1367w\" sizes=\"auto, (max-width: 868px) 100vw, 868px\" \/><\/figure><div class=\"wp-block-media-text__content\">\n<p>Those who need it, can use toilets adapted to the needs of people with disabilities \u2013 they are located, among others, in halls 3A, 5, 6A, 6B, 7 (mezzanine), 8, 8A, in the PCC and at the northern entrance and in hall 11. In the Eastern Hall, there will be a toilet with a changing table. The family room (also with a changing table) will be located in the PCC at level 0, next to the toilet for people with disabilities.<\/p>\n\n\n\n<p>In front of the Festival Office (in hall 10) there will be a special map prepared by Brajl Media \u2013 it will be a convex, contrasting map adapted to the needs of the sighted, visually impaired, blind, as well as the people of short stature or those unable to read.&nbsp;<\/p>\n<\/div><\/div>\n\n\n\n<div style=\"height:35px\" aria-hidden=\"true\" class=\"wp-block-spacer\"><\/div>\n\n\n\n<p>Participants will also receive a Communication Card \u2013 a set of simple pictograms that will facilitate communication with people with hearing difficulties or in a crisis.&nbsp;<\/p>\n\n\n\n<p>For those who need a break from excess stimuli, the Constrained Stimuli Zone has been prepared &#8211; an intimate space in which up to 25 people will be able to stay at the same time. There will also be earbuds there for hire.<\/p>\n\n\n\n<h2 class=\"wp-block-heading\">How did we adjust the program of the event?<\/h2>\n\n\n\n<p>It is undeniable that at such a scale of the event \u2013 over 2,000 program events, 30 concerts and 200 guests \u2013 it is extremely important that each participant feels comfortable and safe, regardless of different needs. Therefore, as part of the &#8220;Accessible Pyrkon&#8221; campaign, people with disabilities can, among others, <strong>use early entry to the lecture<\/strong> (except for program events that are fully booked), reporting such a need to the room staff at least ten minutes before the start of the attraction.<\/p>\n\n\n\n<p>In addition, a number of locations \u2013 such as the Earth Hall, the Arena, the Cinema, the Cosplay Stage<strong>, the Fire Scene and the Water Stage \u2013 are marked as places where there are sound and visual effects<\/strong> that can cause visual discomfort or epileptic attack in some people.<\/p>\n\n\n\n<p>In the interest of people with<strong> hypersensitivity to stimuli, the organizers also prepared lectures tailored to their needs<\/strong>. These are all the program events that will take place during Pyrkon in the <strong>Small <\/strong>Auditorium\u2013 the speeches of guests and speakers will be held in dimmed light and with muted sound.<\/p>\n\n\n\n<p>Also this year, a number<strong> of lectures and discussion panels will be translated into Polish Sign Language<\/strong> (PJM). And these are:<br><strong>In the Large Auditorium: <\/strong>&nbsp;<\/p>\n\n\n\n<ul class=\"wp-block-list\">\n<li>\u201cFrom cursed grass to death with a hammer. Personifications of fear in folklore and legends&#8221; \u2013 Large Auditorium [PCC], Friday 06:30 pm, Jaga Moder, Przemys\u0142aw &#8220;TRUST&#8221; Tru\u015bci\u0144ski;&nbsp;<\/li>\n\n\n\n<li>&#8220;Strange Pomerania \u2013 about the convergence between Polish folk beliefs and Lovecraft&#8217;s work&#8221; \u2013 Large Auditorium [PCC], Friday 08:30 pm, Unyka Odya;&nbsp;<\/li>\n\n\n\n<li>&#8220;Let&#8217;s talk about space: what are the 13 experiments that a Polish astronaut will perform on board the International Space Station&#8221; \u2013 Large Auditorium [PCC], Saturday 12:30 pm, Miko\u0142aj Kuska, \u0141ukasz Kaczmarek, PhD, Ewelina Zambrzycka-Ko\u015bcielnicka, PhD Dagmara Stasiowska;<\/li>\n\n\n\n<li>The Fantastically Talented Gala for the 2nd edition of the competition \u2013 Large Auditorium [PCC], Saturday 01:30 pm, Karol Modzelewski;&nbsp;<\/li>\n\n\n\n<li>&#8220;Parasites: the history of invasion of human bodies&#8221; \u2013 Large Auditorium [PCC], Sunday 12:30 pm, Mariusz Gog\u00f3l, PhD;&nbsp;<\/li>\n<\/ul>\n\n\n\n<p>In the Great Auditorium:<\/p>\n\n\n\n<ul class=\"wp-block-list\">\n<li>&#8220;Women in science: yesterday \u2013 today \u2013 tomorrow&#8221; \u2013 Great Auditorium [PCC], Friday 04:00 pm, Agnieszka Jankowiak-Maik PhD, Anna Jankowiak PhD, Paulina Kirschke, PhD Eng., Natalia Schmidt-Polo\u0144czyk, Eng., PhD;&nbsp;<\/li>\n\n\n\n<li>&#8220;You are wrong&#8221; \u2013 Great Auditorium [PCC], Friday 09:00 pm, Konrad Skotnicki;&nbsp;<\/li>\n\n\n\n<li>&#8220;Physiology of Death: The Walking Dead&#8221; \u2013 Great Auditorium [PCC], Friday 10:00 pm, Natalia Leciejewska, PhD Eng.;&nbsp;<\/li>\n\n\n\n<li>&#8220;Pod ZNAKiem historii: Suicide lemmings and nuclear beavers, or how Disney and the Church were fooling us and what else people believed&#8221; \u2013 Great Auditorium [PCC], Saturday 10:00 am, Marek Maruszczak;&nbsp;<\/li>\n\n\n\n<li>&#8220;Insane folklore of Iceland&#8221; \u2013 Great Auditorium [PCC], Saturday 03:00 pm, Miko\u0142aj Kolyszko;<\/li>\n\n\n\n<li>\u201cWould dragons outplay us when playing roulette? All the important questions statistics answers\u201d \u2013 Great Auditorium [PCC], Saturday 04:00 pm, Janina Daily.&nbsp;<\/li>\n\n\n\n<li>Pyrkon Closing \u2013 Great Auditorium [PCC], Sunday 04:00 pm.<\/li>\n<\/ul>\n\n\n\n<p><strong>The Cosplay Stage<\/strong><\/p>\n\n\n\n<ul class=\"wp-block-list\">\n<li>RPG session \u2013 Sunday 03:00 pm<\/li>\n<\/ul>\n\n\n\n<p>All lectures and program events translated into the Polish Sign Language will be recorded and will later be made available to a wider audience on the YouTube channel of the Pyrkon Fan Convention.<\/p>\n\n\n\n<h2 class=\"wp-block-heading\">Pyrkon for everyone<\/h2>\n\n\n\n<p>Thanks to the commitment of the organizers and the support of experienced partners, Pyrkon is constantly developing as an open, accessible and inclusive event. All the solutions were introduced with one common goal in mind: to ensure that every person, regardless of their needs or limitations, can fully enjoy the Convention. Because fantasy is a world of imagination without borders \u2013 and this is the place Pyrkon wants to be for all participants.<\/p>\n","protected":false},"excerpt":{"rendered":"<p>Fantasy knows no boundaries, neither does Pyrkon. As part of this year&#8217;s edition of the event, we have once again made every effort to ensure that people with disabilities can fully enjoy the magic of the convention. Thanks to the &#8220;Accessible Pyrkon&#8221; campaign, together we create a space where everyone can be themselves. Here is a range of information about the area of the event and the prepared program.<\/p>\n","protected":false},"author":2763,"featured_media":46609,"comment_status":"closed","ping_status":"closed","sticky":false,"template":"","format":"standard","meta":{"_acf_changed":false,"footnotes":""},"categories":[3884,9452],"tags":[],"pyr_topics":[9957],"class_list":["post-46619","post","type-post","status-publish","format-standard","has-post-thumbnail","hentry","category-coraz-blizej-pyrkon-en","category-news-en","pyr_topics-accesible-pyrkon"],"acf":[],"yoast_head":"<!-- This site is optimized with the Yoast SEO Premium plugin v25.9 (Yoast SEO v25.9) - https:\/\/yoast.com\/wordpress\/plugins\/seo\/ -->\n<title>Accessible Pyrkon. Even more information to make sure everyone enjoys the event without restrictions.\u00a0 &#8902; Pyrkon Fantastyczne Miejsce Spotka\u0144<\/title>\n<meta name=\"description\" content=\"Fantasy knows no boundaries, neither does Pyrkon. As part of this year&#039;s edition of the event, we have once again made every effort to ensure that people with disabilities can fully enjoy the magic of the convention. Thanks to the &quot;Accessible Pyrkon&quot; campaign, together we create a space where everyone can be themselves. Here is a range of information about the area of the event and the prepared program.\" \/>\n<meta name=\"robots\" content=\"index, follow, max-snippet:-1, max-image-preview:large, max-video-preview:-1\" \/>\n<link rel=\"canonical\" href=\"https:\/\/pyrkon.pl\/en\/coraz-blizej-pyrkon-en\/accessible-pyrkon-more-info-pyrkon2025\/\" \/>\n<meta property=\"og:locale\" content=\"en_US\" \/>\n<meta property=\"og:type\" content=\"article\" \/>\n<meta property=\"og:title\" content=\"Accessible Pyrkon. Even more information to make sure everyone enjoys the event without restrictions.\u00a0\" \/>\n<meta property=\"og:description\" content=\"Fantasy knows no boundaries, neither does Pyrkon. As part of this year&#039;s edition of the event, we have once again made every effort to ensure that people with disabilities can fully enjoy the magic of the convention. Thanks to the &quot;Accessible Pyrkon&quot; campaign, together we create a space where everyone can be themselves. Here is a range of information about the area of the event and the prepared program.\" \/>\n<meta property=\"og:url\" content=\"https:\/\/pyrkon.pl\/en\/coraz-blizej-pyrkon-en\/accessible-pyrkon-more-info-pyrkon2025\/\" \/>\n<meta property=\"og:site_name\" content=\"Pyrkon Fantastyczne Miejsce Spotka\u0144\" \/>\n<meta property=\"article:publisher\" content=\"https:\/\/www.facebook.com\/Pyrkon\" \/>\n<meta property=\"article:published_time\" content=\"2025-05-29T20:04:51+00:00\" \/>\n<meta property=\"article:modified_time\" content=\"2026-02-12T21:14:56+00:00\" \/>\n<meta property=\"og:image\" content=\"https:\/\/pyrkon.pl\/wp-content\/uploads\/2025\/05\/Dostepny-Pyrkon-2.jpg\" \/>\n\t<meta property=\"og:image:width\" content=\"900\" \/>\n\t<meta property=\"og:image:height\" content=\"505\" \/>\n\t<meta property=\"og:image:type\" content=\"image\/jpeg\" \/>\n<meta name=\"author\" content=\"Idris\" \/>\n<meta name=\"twitter:card\" content=\"summary_large_image\" \/>\n<meta name=\"twitter:creator\" content=\"@pyrkon\" \/>\n<meta name=\"twitter:site\" content=\"@pyrkon\" \/>\n<meta name=\"twitter:label1\" content=\"Written by\" \/>\n\t<meta name=\"twitter:data1\" content=\"Idris\" \/>\n\t<meta name=\"twitter:label2\" content=\"Est. reading time\" \/>\n\t<meta name=\"twitter:data2\" content=\"6 minutes\" \/>\n<script type=\"application\/ld+json\" class=\"yoast-schema-graph\">{\"@context\":\"https:\/\/schema.org\",\"@graph\":[{\"@type\":\"Article\",\"@id\":\"https:\/\/pyrkon.pl\/en\/coraz-blizej-pyrkon-en\/accessible-pyrkon-more-info-pyrkon2025\/#article\",\"isPartOf\":{\"@id\":\"https:\/\/pyrkon.pl\/en\/coraz-blizej-pyrkon-en\/accessible-pyrkon-more-info-pyrkon2025\/\"},\"author\":{\"name\":\"Idris\",\"@id\":\"https:\/\/pyrkon.pl\/#\/schema\/person\/8c9d5829fd1a79ecabecad081cc5fb27\"},\"headline\":\"Accessible Pyrkon. Even more information to make sure everyone enjoys the event without restrictions.\u00a0\",\"datePublished\":\"2025-05-29T20:04:51+00:00\",\"dateModified\":\"2026-02-12T21:14:56+00:00\",\"mainEntityOfPage\":{\"@id\":\"https:\/\/pyrkon.pl\/en\/coraz-blizej-pyrkon-en\/accessible-pyrkon-more-info-pyrkon2025\/\"},\"wordCount\":927,\"publisher\":{\"@id\":\"https:\/\/pyrkon.pl\/#organization\"},\"image\":{\"@id\":\"https:\/\/pyrkon.pl\/en\/coraz-blizej-pyrkon-en\/accessible-pyrkon-more-info-pyrkon2025\/#primaryimage\"},\"thumbnailUrl\":\"https:\/\/pyrkon.pl\/wp-content\/uploads\/2025\/05\/Dostepny-Pyrkon-2.jpg\",\"articleSection\":[\"Coraz bli\u017cej Pyrkon\",\"News\"],\"inLanguage\":\"en-US\"},{\"@type\":\"WebPage\",\"@id\":\"https:\/\/pyrkon.pl\/en\/coraz-blizej-pyrkon-en\/accessible-pyrkon-more-info-pyrkon2025\/\",\"url\":\"https:\/\/pyrkon.pl\/en\/coraz-blizej-pyrkon-en\/accessible-pyrkon-more-info-pyrkon2025\/\",\"name\":\"Accessible Pyrkon. Even more information to make sure everyone enjoys the event without restrictions.\u00a0 &#8902; Pyrkon Fantastyczne Miejsce Spotka\u0144\",\"isPartOf\":{\"@id\":\"https:\/\/pyrkon.pl\/#website\"},\"primaryImageOfPage\":{\"@id\":\"https:\/\/pyrkon.pl\/en\/coraz-blizej-pyrkon-en\/accessible-pyrkon-more-info-pyrkon2025\/#primaryimage\"},\"image\":{\"@id\":\"https:\/\/pyrkon.pl\/en\/coraz-blizej-pyrkon-en\/accessible-pyrkon-more-info-pyrkon2025\/#primaryimage\"},\"thumbnailUrl\":\"https:\/\/pyrkon.pl\/wp-content\/uploads\/2025\/05\/Dostepny-Pyrkon-2.jpg\",\"datePublished\":\"2025-05-29T20:04:51+00:00\",\"dateModified\":\"2026-02-12T21:14:56+00:00\",\"description\":\"Fantasy knows no boundaries, neither does Pyrkon. As part of this year's edition of the event, we have once again made every effort to ensure that people with disabilities can fully enjoy the magic of the convention. Thanks to the \\\"Accessible Pyrkon\\\" campaign, together we create a space where everyone can be themselves. Here is a range of information about the area of the event and the prepared program.\",\"breadcrumb\":{\"@id\":\"https:\/\/pyrkon.pl\/en\/coraz-blizej-pyrkon-en\/accessible-pyrkon-more-info-pyrkon2025\/#breadcrumb\"},\"inLanguage\":\"en-US\",\"potentialAction\":[{\"@type\":\"ReadAction\",\"target\":[\"https:\/\/pyrkon.pl\/en\/coraz-blizej-pyrkon-en\/accessible-pyrkon-more-info-pyrkon2025\/\"]}]},{\"@type\":\"ImageObject\",\"inLanguage\":\"en-US\",\"@id\":\"https:\/\/pyrkon.pl\/en\/coraz-blizej-pyrkon-en\/accessible-pyrkon-more-info-pyrkon2025\/#primaryimage\",\"url\":\"https:\/\/pyrkon.pl\/wp-content\/uploads\/2025\/05\/Dostepny-Pyrkon-2.jpg\",\"contentUrl\":\"https:\/\/pyrkon.pl\/wp-content\/uploads\/2025\/05\/Dostepny-Pyrkon-2.jpg\",\"width\":900,\"height\":505},{\"@type\":\"BreadcrumbList\",\"@id\":\"https:\/\/pyrkon.pl\/en\/coraz-blizej-pyrkon-en\/accessible-pyrkon-more-info-pyrkon2025\/#breadcrumb\",\"itemListElement\":[{\"@type\":\"ListItem\",\"position\":1,\"name\":\"Strona g\u0142\u00f3wna\",\"item\":\"https:\/\/pyrkon.pl\/en\/\"},{\"@type\":\"ListItem\",\"position\":2,\"name\":\"Coraz bli\u017cej Pyrkon\",\"item\":\"https:\/\/pyrkon.pl\/en\/category\/coraz-blizej-pyrkon-en\/\"},{\"@type\":\"ListItem\",\"position\":3,\"name\":\"Accessible Pyrkon. Even more information to make sure everyone enjoys the event without restrictions.\u00a0\"}]},{\"@type\":\"WebSite\",\"@id\":\"https:\/\/pyrkon.pl\/#website\",\"url\":\"https:\/\/pyrkon.pl\/\",\"name\":\"Pyrkon Fantastyczne Miejsce Spotka\u0144\",\"description\":\"Festiwal Fantastyki\",\"publisher\":{\"@id\":\"https:\/\/pyrkon.pl\/#organization\"},\"potentialAction\":[{\"@type\":\"SearchAction\",\"target\":{\"@type\":\"EntryPoint\",\"urlTemplate\":\"https:\/\/pyrkon.pl\/?s={search_term_string}\"},\"query-input\":{\"@type\":\"PropertyValueSpecification\",\"valueRequired\":true,\"valueName\":\"search_term_string\"}}],\"inLanguage\":\"en-US\"},{\"@type\":\"Organization\",\"@id\":\"https:\/\/pyrkon.pl\/#organization\",\"name\":\"Pyrkon Fantastyczne Miejsce Spotka\u0144\",\"url\":\"https:\/\/pyrkon.pl\/\",\"logo\":{\"@type\":\"ImageObject\",\"inLanguage\":\"en-US\",\"@id\":\"https:\/\/pyrkon.pl\/#\/schema\/logo\/image\/\",\"url\":\"https:\/\/pyrkon.pl\/wp-content\/uploads\/2018\/02\/Festiwal_Fantastyki_Pyrkon_logo_Black_CMYK.jpg\",\"contentUrl\":\"https:\/\/pyrkon.pl\/wp-content\/uploads\/2018\/02\/Festiwal_Fantastyki_Pyrkon_logo_Black_CMYK.jpg\",\"width\":1300,\"height\":401,\"caption\":\"Pyrkon Fantastyczne Miejsce Spotka\u0144\"},\"image\":{\"@id\":\"https:\/\/pyrkon.pl\/#\/schema\/logo\/image\/\"},\"sameAs\":[\"https:\/\/www.facebook.com\/Pyrkon\",\"https:\/\/x.com\/pyrkon\",\"https:\/\/www.instagram.com\/pyrkon\/\",\"https:\/\/www.youtube.com\/user\/FestiwalPyrkon\"]},{\"@type\":\"Person\",\"@id\":\"https:\/\/pyrkon.pl\/#\/schema\/person\/8c9d5829fd1a79ecabecad081cc5fb27\",\"name\":\"Idris\",\"image\":{\"@type\":\"ImageObject\",\"inLanguage\":\"en-US\",\"@id\":\"https:\/\/pyrkon.pl\/#\/schema\/person\/image\/\",\"url\":\"https:\/\/secure.gravatar.com\/avatar\/08e16a51ce17aea6d1317d4dca44a8987c300f02a19c9eb885a9d60500f528e7?s=96&d=mm&r=g\",\"contentUrl\":\"https:\/\/secure.gravatar.com\/avatar\/08e16a51ce17aea6d1317d4dca44a8987c300f02a19c9eb885a9d60500f528e7?s=96&d=mm&r=g\",\"caption\":\"Idris\"},\"description\":\"Nie sypia, bo sen uwa\u017ca za luksusowy zamiennik kawy dla ludzi, kt\u00f3rzy maj\u0105 nadmiar wolnego czasu. Z zapa\u0142em alchemika przetwarza hektolitry kofeiny w literki. Absolwentka psychokryminalistyki i psychologii, z zajawk\u0105 w stron\u0119 marketingu i popkultury. Relaks uskutecznia przy podcastach true crime, puzzlach i ksi\u0105\u017cce (niekoniecznie dobrej). Trenuje boks i z zaanga\u017cowaniem godnym lepszej sprawy przerzuca ci\u0119\u017ckie kr\u0105\u017cki na si\u0142owni. Doros\u0142o\u015b\u0107 traktuje podejrzliwie, ale czekoladzie ufa bezgranicznie - ona po prostu rozumie. Lubi rodzynki w serniczku i cynamon w jab\u0142eczniku.\",\"url\":\"https:\/\/pyrkon.pl\/en\/author\/idris\/\"}]}<\/script>\n<!-- \/ Yoast SEO Premium plugin. -->","yoast_head_json":{"title":"Accessible Pyrkon. Even more information to make sure everyone enjoys the event without restrictions.\u00a0 &#8902; Pyrkon Fantastyczne Miejsce Spotka\u0144","description":"Fantasy knows no boundaries, neither does Pyrkon. As part of this year's edition of the event, we have once again made every effort to ensure that people with disabilities can fully enjoy the magic of the convention. Thanks to the \"Accessible Pyrkon\" campaign, together we create a space where everyone can be themselves. Here is a range of information about the area of the event and the prepared program.","robots":{"index":"index","follow":"follow","max-snippet":"max-snippet:-1","max-image-preview":"max-image-preview:large","max-video-preview":"max-video-preview:-1"},"canonical":"https:\/\/pyrkon.pl\/en\/coraz-blizej-pyrkon-en\/accessible-pyrkon-more-info-pyrkon2025\/","og_locale":"en_US","og_type":"article","og_title":"Accessible Pyrkon. Even more information to make sure everyone enjoys the event without restrictions.\u00a0","og_description":"Fantasy knows no boundaries, neither does Pyrkon. As part of this year's edition of the event, we have once again made every effort to ensure that people with disabilities can fully enjoy the magic of the convention. Thanks to the \"Accessible Pyrkon\" campaign, together we create a space where everyone can be themselves. Here is a range of information about the area of the event and the prepared program.","og_url":"https:\/\/pyrkon.pl\/en\/coraz-blizej-pyrkon-en\/accessible-pyrkon-more-info-pyrkon2025\/","og_site_name":"Pyrkon Fantastyczne Miejsce Spotka\u0144","article_publisher":"https:\/\/www.facebook.com\/Pyrkon","article_published_time":"2025-05-29T20:04:51+00:00","article_modified_time":"2026-02-12T21:14:56+00:00","og_image":[{"width":900,"height":505,"url":"https:\/\/pyrkon.pl\/wp-content\/uploads\/2025\/05\/Dostepny-Pyrkon-2.jpg","type":"image\/jpeg"}],"author":"Idris","twitter_card":"summary_large_image","twitter_creator":"@pyrkon","twitter_site":"@pyrkon","twitter_misc":{"Written by":"Idris","Est. reading time":"6 minutes"},"schema":{"@context":"https:\/\/schema.org","@graph":[{"@type":"Article","@id":"https:\/\/pyrkon.pl\/en\/coraz-blizej-pyrkon-en\/accessible-pyrkon-more-info-pyrkon2025\/#article","isPartOf":{"@id":"https:\/\/pyrkon.pl\/en\/coraz-blizej-pyrkon-en\/accessible-pyrkon-more-info-pyrkon2025\/"},"author":{"name":"Idris","@id":"https:\/\/pyrkon.pl\/#\/schema\/person\/8c9d5829fd1a79ecabecad081cc5fb27"},"headline":"Accessible Pyrkon. Even more information to make sure everyone enjoys the event without restrictions.\u00a0","datePublished":"2025-05-29T20:04:51+00:00","dateModified":"2026-02-12T21:14:56+00:00","mainEntityOfPage":{"@id":"https:\/\/pyrkon.pl\/en\/coraz-blizej-pyrkon-en\/accessible-pyrkon-more-info-pyrkon2025\/"},"wordCount":927,"publisher":{"@id":"https:\/\/pyrkon.pl\/#organization"},"image":{"@id":"https:\/\/pyrkon.pl\/en\/coraz-blizej-pyrkon-en\/accessible-pyrkon-more-info-pyrkon2025\/#primaryimage"},"thumbnailUrl":"https:\/\/pyrkon.pl\/wp-content\/uploads\/2025\/05\/Dostepny-Pyrkon-2.jpg","articleSection":["Coraz bli\u017cej Pyrkon","News"],"inLanguage":"en-US"},{"@type":"WebPage","@id":"https:\/\/pyrkon.pl\/en\/coraz-blizej-pyrkon-en\/accessible-pyrkon-more-info-pyrkon2025\/","url":"https:\/\/pyrkon.pl\/en\/coraz-blizej-pyrkon-en\/accessible-pyrkon-more-info-pyrkon2025\/","name":"Accessible Pyrkon. Even more information to make sure everyone enjoys the event without restrictions.\u00a0 &#8902; Pyrkon Fantastyczne Miejsce Spotka\u0144","isPartOf":{"@id":"https:\/\/pyrkon.pl\/#website"},"primaryImageOfPage":{"@id":"https:\/\/pyrkon.pl\/en\/coraz-blizej-pyrkon-en\/accessible-pyrkon-more-info-pyrkon2025\/#primaryimage"},"image":{"@id":"https:\/\/pyrkon.pl\/en\/coraz-blizej-pyrkon-en\/accessible-pyrkon-more-info-pyrkon2025\/#primaryimage"},"thumbnailUrl":"https:\/\/pyrkon.pl\/wp-content\/uploads\/2025\/05\/Dostepny-Pyrkon-2.jpg","datePublished":"2025-05-29T20:04:51+00:00","dateModified":"2026-02-12T21:14:56+00:00","description":"Fantasy knows no boundaries, neither does Pyrkon. As part of this year's edition of the event, we have once again made every effort to ensure that people with disabilities can fully enjoy the magic of the convention. Thanks to the \"Accessible Pyrkon\" campaign, together we create a space where everyone can be themselves. Here is a range of information about the area of the event and the prepared program.","breadcrumb":{"@id":"https:\/\/pyrkon.pl\/en\/coraz-blizej-pyrkon-en\/accessible-pyrkon-more-info-pyrkon2025\/#breadcrumb"},"inLanguage":"en-US","potentialAction":[{"@type":"ReadAction","target":["https:\/\/pyrkon.pl\/en\/coraz-blizej-pyrkon-en\/accessible-pyrkon-more-info-pyrkon2025\/"]}]},{"@type":"ImageObject","inLanguage":"en-US","@id":"https:\/\/pyrkon.pl\/en\/coraz-blizej-pyrkon-en\/accessible-pyrkon-more-info-pyrkon2025\/#primaryimage","url":"https:\/\/pyrkon.pl\/wp-content\/uploads\/2025\/05\/Dostepny-Pyrkon-2.jpg","contentUrl":"https:\/\/pyrkon.pl\/wp-content\/uploads\/2025\/05\/Dostepny-Pyrkon-2.jpg","width":900,"height":505},{"@type":"BreadcrumbList","@id":"https:\/\/pyrkon.pl\/en\/coraz-blizej-pyrkon-en\/accessible-pyrkon-more-info-pyrkon2025\/#breadcrumb","itemListElement":[{"@type":"ListItem","position":1,"name":"Strona g\u0142\u00f3wna","item":"https:\/\/pyrkon.pl\/en\/"},{"@type":"ListItem","position":2,"name":"Coraz bli\u017cej Pyrkon","item":"https:\/\/pyrkon.pl\/en\/category\/coraz-blizej-pyrkon-en\/"},{"@type":"ListItem","position":3,"name":"Accessible Pyrkon. Even more information to make sure everyone enjoys the event without restrictions.\u00a0"}]},{"@type":"WebSite","@id":"https:\/\/pyrkon.pl\/#website","url":"https:\/\/pyrkon.pl\/","name":"Pyrkon Fantastyczne Miejsce Spotka\u0144","description":"Festiwal Fantastyki","publisher":{"@id":"https:\/\/pyrkon.pl\/#organization"},"potentialAction":[{"@type":"SearchAction","target":{"@type":"EntryPoint","urlTemplate":"https:\/\/pyrkon.pl\/?s={search_term_string}"},"query-input":{"@type":"PropertyValueSpecification","valueRequired":true,"valueName":"search_term_string"}}],"inLanguage":"en-US"},{"@type":"Organization","@id":"https:\/\/pyrkon.pl\/#organization","name":"Pyrkon Fantastyczne Miejsce Spotka\u0144","url":"https:\/\/pyrkon.pl\/","logo":{"@type":"ImageObject","inLanguage":"en-US","@id":"https:\/\/pyrkon.pl\/#\/schema\/logo\/image\/","url":"https:\/\/pyrkon.pl\/wp-content\/uploads\/2018\/02\/Festiwal_Fantastyki_Pyrkon_logo_Black_CMYK.jpg","contentUrl":"https:\/\/pyrkon.pl\/wp-content\/uploads\/2018\/02\/Festiwal_Fantastyki_Pyrkon_logo_Black_CMYK.jpg","width":1300,"height":401,"caption":"Pyrkon Fantastyczne Miejsce Spotka\u0144"},"image":{"@id":"https:\/\/pyrkon.pl\/#\/schema\/logo\/image\/"},"sameAs":["https:\/\/www.facebook.com\/Pyrkon","https:\/\/x.com\/pyrkon","https:\/\/www.instagram.com\/pyrkon\/","https:\/\/www.youtube.com\/user\/FestiwalPyrkon"]},{"@type":"Person","@id":"https:\/\/pyrkon.pl\/#\/schema\/person\/8c9d5829fd1a79ecabecad081cc5fb27","name":"Idris","image":{"@type":"ImageObject","inLanguage":"en-US","@id":"https:\/\/pyrkon.pl\/#\/schema\/person\/image\/","url":"https:\/\/secure.gravatar.com\/avatar\/08e16a51ce17aea6d1317d4dca44a8987c300f02a19c9eb885a9d60500f528e7?s=96&d=mm&r=g","contentUrl":"https:\/\/secure.gravatar.com\/avatar\/08e16a51ce17aea6d1317d4dca44a8987c300f02a19c9eb885a9d60500f528e7?s=96&d=mm&r=g","caption":"Idris"},"description":"Nie sypia, bo sen uwa\u017ca za luksusowy zamiennik kawy dla ludzi, kt\u00f3rzy maj\u0105 nadmiar wolnego czasu. Z zapa\u0142em alchemika przetwarza hektolitry kofeiny w literki. Absolwentka psychokryminalistyki i psychologii, z zajawk\u0105 w stron\u0119 marketingu i popkultury. Relaks uskutecznia przy podcastach true crime, puzzlach i ksi\u0105\u017cce (niekoniecznie dobrej). Trenuje boks i z zaanga\u017cowaniem godnym lepszej sprawy przerzuca ci\u0119\u017ckie kr\u0105\u017cki na si\u0142owni. Doros\u0142o\u015b\u0107 traktuje podejrzliwie, ale czekoladzie ufa bezgranicznie - ona po prostu rozumie. Lubi rodzynki w serniczku i cynamon w jab\u0142eczniku.","url":"https:\/\/pyrkon.pl\/en\/author\/idris\/"}]}},"_links":{"self":[{"href":"https:\/\/pyrkon.pl\/en\/wp-json\/wp\/v2\/posts\/46619","targetHints":{"allow":["GET"]}}],"collection":[{"href":"https:\/\/pyrkon.pl\/en\/wp-json\/wp\/v2\/posts"}],"about":[{"href":"https:\/\/pyrkon.pl\/en\/wp-json\/wp\/v2\/types\/post"}],"author":[{"embeddable":true,"href":"https:\/\/pyrkon.pl\/en\/wp-json\/wp\/v2\/users\/2763"}],"replies":[{"embeddable":true,"href":"https:\/\/pyrkon.pl\/en\/wp-json\/wp\/v2\/comments?post=46619"}],"version-history":[{"count":1,"href":"https:\/\/pyrkon.pl\/en\/wp-json\/wp\/v2\/posts\/46619\/revisions"}],"predecessor-version":[{"id":46620,"href":"https:\/\/pyrkon.pl\/en\/wp-json\/wp\/v2\/posts\/46619\/revisions\/46620"}],"wp:featuredmedia":[{"embeddable":true,"href":"https:\/\/pyrkon.pl\/en\/wp-json\/wp\/v2\/media\/46609"}],"wp:attachment":[{"href":"https:\/\/pyrkon.pl\/en\/wp-json\/wp\/v2\/media?parent=46619"}],"wp:term":[{"taxonomy":"category","embeddable":true,"href":"https:\/\/pyrkon.pl\/en\/wp-json\/wp\/v2\/categories?post=46619"},{"taxonomy":"post_tag","embeddable":true,"href":"https:\/\/pyrkon.pl\/en\/wp-json\/wp\/v2\/tags?post=46619"},{"taxonomy":"pyr_topics","embeddable":true,"href":"https:\/\/pyrkon.pl\/en\/wp-json\/wp\/v2\/pyr_topics?post=46619"}],"curies":[{"name":"wp","href":"https:\/\/api.w.org\/{rel}","templated":true}]}}