{"id":48934,"date":"2026-01-14T16:40:00","date_gmt":"2026-01-14T15:40:00","guid":{"rendered":"https:\/\/pyrkon.pl\/?p=48934"},"modified":"2026-01-15T13:29:03","modified_gmt":"2026-01-15T12:29:03","slug":"qualifiers-for-the-pyrkon-k-pop-dance-cover-festival-are-starting","status":"publish","type":"post","link":"https:\/\/pyrkon.pl\/en\/program-en\/qualifiers-for-the-pyrkon-k-pop-dance-cover-festival-are-starting\/","title":{"rendered":"Qualifiers for the 4th edition Pyrkon K-Pop Dance Cover Festival are starting!"},"content":{"rendered":"\n<p><strong>Pyrkon K-Pop Dance Cover Festival is back! You&#8217;re invited to participate in the qualifiers for the dance competition, which will once again ignite the convention&#8217;s Fire Stage. It is a space for dance groups who want to present their skills, energy and stage presence while doing choreographies inspired by the K-Pop world.<\/strong><\/p>\n\n\n\n<!--more-->\n\n\n\n<figure class=\"wp-block-image size-large\"><img loading=\"lazy\" decoding=\"async\" width=\"1330\" height=\"748\" src=\"https:\/\/pyrkon.pl\/wp-content\/uploads\/2026\/01\/D7C07246-1330x748.jpg\" alt=\"\" class=\"wp-image-48964\" srcset=\"https:\/\/pyrkon.pl\/wp-content\/uploads\/2026\/01\/D7C07246-1330x748.jpg 1330w, https:\/\/pyrkon.pl\/wp-content\/uploads\/2026\/01\/D7C07246-300x169.jpg 300w, https:\/\/pyrkon.pl\/wp-content\/uploads\/2026\/01\/D7C07246-768x432.jpg 768w, https:\/\/pyrkon.pl\/wp-content\/uploads\/2026\/01\/D7C07246-1536x864.jpg 1536w, https:\/\/pyrkon.pl\/wp-content\/uploads\/2026\/01\/D7C07246-scaled.jpg 2048w\" sizes=\"auto, (max-width: 1330px) 100vw, 1330px\" \/><\/figure>\n\n\n\n<div style=\"height:32px\" aria-hidden=\"true\" class=\"wp-block-spacer\"><\/div>\n\n\n\n<h2 class=\"wp-block-heading\" id=\"h-what-exactly-is-k-pop\"><strong>What exactly is K-Pop?<\/strong><\/h2>\n\n\n\n<p>For those of you who are not familiar with it: K-Pop is not only music, but a cultural phenomenon in which dance plays a key role. Characteristic choreographies, perfect synchronization, pronounced expression and refined visuals turn every performance into a small spectacle.<\/p>\n\n\n\n<p>That&#8217;s why K-Pop has been attracting fans all over the world for years. Both those who regularly practice their own choreographies in dance halls and those who admire standing under the stage.<\/p>\n\n\n\n<h2 class=\"wp-block-heading\" id=\"h-about-the-competition\"><strong>About the competition<\/strong><\/h2>\n\n\n\n<p>Pyrkon K-Pop Dance Cover Festival is a dance competition in which participants perform choreographies inspired by Korean artists&#8217; performances, while infusing them with their own pizzaz and stage expression. What is assessed is not only the precision and technique of movement, but also stage expression, emotions, and costumes as well as overall visual coherence.<\/p>\n\n\n\n<p>It is a competition for those who want to show off on stage, test their skills while feeling the festival atmosphere and experience the real energy of a live performance.<\/p>\n\n\n\n<ul class=\"wp-block-list\">\n<li>The qualifiers run until 30.03.2026.<\/li>\n\n\n\n<li>The competition finals will take place on Saturday, June 20, 2026.<\/li>\n\n\n\n<li>The Fire Stage at the Pyrkon Fan Convention<\/li>\n<\/ul>\n\n\n\n<p>There is something worth fighting for, because the prize pool is a whopping PLN 12,000:<\/p>\n\n\n\n<ul class=\"wp-block-list\">\n<li>1st place \u2013 PLN 6,000<\/li>\n\n\n\n<li>2nd place \u2013 PLN 4,000<\/li>\n\n\n\n<li>3rd place \u2013 PLN 2,000<\/li>\n<\/ul>\n\n\n\n<p>Detailed information on the rules for participation can be found in the regulations. If dancing is your language and K-Pop is the scene you feel most comfortable on \u2013 don&#8217;t miss out!<br><\/p>\n\n\n\n<div style=\"height:32px\" aria-hidden=\"true\" class=\"wp-block-spacer\"><\/div>\n\n\n\n<hr class=\"wp-block-separator has-alpha-channel-opacity\"\/>\n\n\n\n<p class=\"has-text-align-center\">&gt;&gt;&gt; <a href=\"https:\/\/pyrkon.pl\/regulamin-konkursu-pyrkon-kpop-dance\/\">RULES AND REGULATIONS<\/a> &lt;&lt;&lt;<\/p>\n\n\n\n<p class=\"has-text-align-center\">&gt;&gt;&gt; <a href=\"https:\/\/short.pyrkon.pl\/konkurskpop26\">APPLICATION FORM<\/a> &lt;&lt;&lt;<\/p>\n\n\n\n<hr class=\"wp-block-separator has-alpha-channel-opacity\"\/>\n\n\n\n<div style=\"height:32px\" aria-hidden=\"true\" class=\"wp-block-spacer\"><\/div>\n\n\n\n<h2 class=\"wp-block-heading\" id=\"h-first-juror-zbigniew-zasada\"><strong>First juror: Zbigniew Zasada<\/strong><\/h2>\n\n\n\n<div class=\"wp-block-media-text has-media-on-the-right is-stacked-on-mobile\" style=\"grid-template-columns:auto 25%\"><div class=\"wp-block-media-text__content\">\n<p>Speaking of technique, expression and stage quality, it&#8217;s time to introduce the first Pyrkon K-Pop Dance Cover Festival juror.<\/p>\n\n\n\n<p>Zbigniew Zasada is one of the most experienced Polish dancers and choreographers, working in dance continuously since 1989. For 26 years of his active career, he performed in theaters, television productions and at prestigious dance tournaments, winning, among others, the titles of Polish Champion in Hip-Hop, Disco Dance and Electric Boogie \/ Popping.<\/p>\n\n\n\n<p>His pupils reached for the titles of Champions of Poland, Europe and World Champions, while he himself was the only Pole who passed international judicial exams in the street dance department of the International Dance Organization (IDO). He regularly judges the largest dance tournaments in the world, conducted castings for theatrical productions, directed dance performances and organized the largest Polish online tournament Move OnLine.<\/p>\n\n\n\n<p>He is also the managing director of the Artia Academy of Arts, attended by over 2,500 dancers and acrobats, as well as the President of the Polish Dance Union.<\/p>\n\n\n\n<p>We will announce more jurors of the Pyrkon K-Pop Dance Festival soon.<\/p>\n<\/div><figure class=\"wp-block-media-text__media\"><img loading=\"lazy\" decoding=\"async\" width=\"731\" height=\"1300\" src=\"https:\/\/pyrkon.pl\/wp-content\/uploads\/2026\/01\/DSC01040-1-731x1300.jpg\" alt=\"\" class=\"wp-image-48920 size-full\" srcset=\"https:\/\/pyrkon.pl\/wp-content\/uploads\/2026\/01\/DSC01040-1-731x1300.jpg 731w, https:\/\/pyrkon.pl\/wp-content\/uploads\/2026\/01\/DSC01040-1-169x300.jpg 169w, https:\/\/pyrkon.pl\/wp-content\/uploads\/2026\/01\/DSC01040-1-768x1365.jpg 768w, https:\/\/pyrkon.pl\/wp-content\/uploads\/2026\/01\/DSC01040-1-864x1536.jpg 864w, https:\/\/pyrkon.pl\/wp-content\/uploads\/2026\/01\/DSC01040-1-scaled.jpg 1152w\" sizes=\"auto, (max-width: 731px) 100vw, 731px\" \/><\/figure><\/div>\n\n\n\n<div style=\"height:64px\" aria-hidden=\"true\" class=\"wp-block-spacer\"><\/div>\n","protected":false},"excerpt":{"rendered":"<p>Pyrkon K-Pop Dance Cover Festival is back! You&#8217;re invited to participate in the qualifiers for the dance competition, which will once again ignite the convention&#8217;s Fire Stage. It is a space for dance groups who want to present their skills, energy and stage presence while doing choreographies inspired by the K-Pop world.<\/p>\n","protected":false},"author":11930,"featured_media":48964,"comment_status":"closed","ping_status":"closed","sticky":false,"template":"","format":"standard","meta":{"_acf_changed":false,"footnotes":""},"categories":[3884,14],"tags":[9755,9915,9809,9756,57,9933],"pyr_topics":[9642],"class_list":["post-48934","post","type-post","status-publish","format-standard","has-post-thumbnail","hentry","category-coraz-blizej-pyrkon-en","category-program-en","tag-concerts","tag-contests","tag-k-pop-2","tag-outdoor-stage","tag-program-en-2","tag-pyrkon2026-2","pyr_topics-convention-zone-integration"],"acf":[],"yoast_head":"<!-- This site is optimized with the Yoast SEO Premium plugin v25.9 (Yoast SEO v25.9) - https:\/\/yoast.com\/wordpress\/plugins\/seo\/ -->\n<title>Qualifiers for the 4th edition Pyrkon K-Pop Dance Cover Festival are starting! &#8902; Pyrkon Fantastyczne Miejsce Spotka\u0144<\/title>\n<meta name=\"robots\" content=\"index, follow, max-snippet:-1, max-image-preview:large, max-video-preview:-1\" \/>\n<link rel=\"canonical\" href=\"https:\/\/pyrkon.pl\/en\/program-en\/qualifiers-for-the-pyrkon-k-pop-dance-cover-festival-are-starting\/\" \/>\n<meta property=\"og:locale\" content=\"en_US\" \/>\n<meta property=\"og:type\" content=\"article\" \/>\n<meta property=\"og:title\" content=\"Qualifiers for the 4th edition Pyrkon K-Pop Dance Cover Festival are starting!\" \/>\n<meta property=\"og:description\" content=\"Pyrkon K-Pop Dance Cover Festival is back! You&#8217;re invited to participate in the qualifiers for the dance competition, which will once again ignite the convention&#8217;s Fire Stage. It is a space for dance groups who want to present their skills, energy and stage presence while doing choreographies inspired by the K-Pop world.\" \/>\n<meta property=\"og:url\" content=\"https:\/\/pyrkon.pl\/en\/program-en\/qualifiers-for-the-pyrkon-k-pop-dance-cover-festival-are-starting\/\" \/>\n<meta property=\"og:site_name\" content=\"Pyrkon Fantastyczne Miejsce Spotka\u0144\" \/>\n<meta property=\"article:publisher\" content=\"https:\/\/www.facebook.com\/Pyrkon\" \/>\n<meta property=\"article:published_time\" content=\"2026-01-14T15:40:00+00:00\" \/>\n<meta property=\"article:modified_time\" content=\"2026-01-15T12:29:03+00:00\" \/>\n<meta property=\"og:image\" content=\"https:\/\/pyrkon.pl\/wp-content\/uploads\/2026\/01\/D7C07246-scaled.jpg\" \/>\n\t<meta property=\"og:image:width\" content=\"2048\" \/>\n\t<meta property=\"og:image:height\" content=\"1152\" \/>\n\t<meta property=\"og:image:type\" content=\"image\/jpeg\" \/>\n<meta name=\"author\" content=\"Wojciech Wenclik\" \/>\n<meta name=\"twitter:card\" content=\"summary_large_image\" \/>\n<meta name=\"twitter:creator\" content=\"@pyrkon\" \/>\n<meta name=\"twitter:site\" content=\"@pyrkon\" \/>\n<meta name=\"twitter:label1\" content=\"Written by\" \/>\n\t<meta name=\"twitter:data1\" content=\"Wojciech Wenclik\" \/>\n\t<meta name=\"twitter:label2\" content=\"Est. reading time\" \/>\n\t<meta name=\"twitter:data2\" content=\"4 minutes\" \/>\n<script type=\"application\/ld+json\" class=\"yoast-schema-graph\">{\"@context\":\"https:\/\/schema.org\",\"@graph\":[{\"@type\":\"Article\",\"@id\":\"https:\/\/pyrkon.pl\/en\/program-en\/qualifiers-for-the-pyrkon-k-pop-dance-cover-festival-are-starting\/#article\",\"isPartOf\":{\"@id\":\"https:\/\/pyrkon.pl\/en\/program-en\/qualifiers-for-the-pyrkon-k-pop-dance-cover-festival-are-starting\/\"},\"author\":{\"name\":\"Wojciech Wenclik\",\"@id\":\"https:\/\/pyrkon.pl\/#\/schema\/person\/999436f34a7acaa0dc536163f25244ab\"},\"headline\":\"Qualifiers for the 4th edition Pyrkon K-Pop Dance Cover Festival are starting!\",\"datePublished\":\"2026-01-14T15:40:00+00:00\",\"dateModified\":\"2026-01-15T12:29:03+00:00\",\"mainEntityOfPage\":{\"@id\":\"https:\/\/pyrkon.pl\/en\/program-en\/qualifiers-for-the-pyrkon-k-pop-dance-cover-festival-are-starting\/\"},\"wordCount\":503,\"publisher\":{\"@id\":\"https:\/\/pyrkon.pl\/#organization\"},\"image\":{\"@id\":\"https:\/\/pyrkon.pl\/en\/program-en\/qualifiers-for-the-pyrkon-k-pop-dance-cover-festival-are-starting\/#primaryimage\"},\"thumbnailUrl\":\"https:\/\/pyrkon.pl\/wp-content\/uploads\/2026\/01\/D7C07246-scaled.jpg\",\"keywords\":[\"concerts\",\"contests\",\"k-pop\",\"outdoor stage\",\"program\",\"pyrkon2026\"],\"articleSection\":[\"Coraz bli\u017cej Pyrkon\",\"Program\"],\"inLanguage\":\"en-US\"},{\"@type\":\"WebPage\",\"@id\":\"https:\/\/pyrkon.pl\/en\/program-en\/qualifiers-for-the-pyrkon-k-pop-dance-cover-festival-are-starting\/\",\"url\":\"https:\/\/pyrkon.pl\/en\/program-en\/qualifiers-for-the-pyrkon-k-pop-dance-cover-festival-are-starting\/\",\"name\":\"Qualifiers for the 4th edition Pyrkon K-Pop Dance Cover Festival are starting! &#8902; Pyrkon Fantastyczne Miejsce Spotka\u0144\",\"isPartOf\":{\"@id\":\"https:\/\/pyrkon.pl\/#website\"},\"primaryImageOfPage\":{\"@id\":\"https:\/\/pyrkon.pl\/en\/program-en\/qualifiers-for-the-pyrkon-k-pop-dance-cover-festival-are-starting\/#primaryimage\"},\"image\":{\"@id\":\"https:\/\/pyrkon.pl\/en\/program-en\/qualifiers-for-the-pyrkon-k-pop-dance-cover-festival-are-starting\/#primaryimage\"},\"thumbnailUrl\":\"https:\/\/pyrkon.pl\/wp-content\/uploads\/2026\/01\/D7C07246-scaled.jpg\",\"datePublished\":\"2026-01-14T15:40:00+00:00\",\"dateModified\":\"2026-01-15T12:29:03+00:00\",\"breadcrumb\":{\"@id\":\"https:\/\/pyrkon.pl\/en\/program-en\/qualifiers-for-the-pyrkon-k-pop-dance-cover-festival-are-starting\/#breadcrumb\"},\"inLanguage\":\"en-US\",\"potentialAction\":[{\"@type\":\"ReadAction\",\"target\":[\"https:\/\/pyrkon.pl\/en\/program-en\/qualifiers-for-the-pyrkon-k-pop-dance-cover-festival-are-starting\/\"]}]},{\"@type\":\"ImageObject\",\"inLanguage\":\"en-US\",\"@id\":\"https:\/\/pyrkon.pl\/en\/program-en\/qualifiers-for-the-pyrkon-k-pop-dance-cover-festival-are-starting\/#primaryimage\",\"url\":\"https:\/\/pyrkon.pl\/wp-content\/uploads\/2026\/01\/D7C07246-scaled.jpg\",\"contentUrl\":\"https:\/\/pyrkon.pl\/wp-content\/uploads\/2026\/01\/D7C07246-scaled.jpg\",\"width\":2048,\"height\":1152},{\"@type\":\"BreadcrumbList\",\"@id\":\"https:\/\/pyrkon.pl\/en\/program-en\/qualifiers-for-the-pyrkon-k-pop-dance-cover-festival-are-starting\/#breadcrumb\",\"itemListElement\":[{\"@type\":\"ListItem\",\"position\":1,\"name\":\"Strona g\u0142\u00f3wna\",\"item\":\"https:\/\/pyrkon.pl\/en\/\"},{\"@type\":\"ListItem\",\"position\":2,\"name\":\"Pop-kultura\",\"item\":\"https:\/\/pyrkon.pl\/category\/pop-kultura\/\"},{\"@type\":\"ListItem\",\"position\":3,\"name\":\"Qualifiers for the 4th edition Pyrkon K-Pop Dance Cover Festival are starting!\"}]},{\"@type\":\"WebSite\",\"@id\":\"https:\/\/pyrkon.pl\/#website\",\"url\":\"https:\/\/pyrkon.pl\/\",\"name\":\"Pyrkon Fantastyczne Miejsce Spotka\u0144\",\"description\":\"Festiwal Fantastyki\",\"publisher\":{\"@id\":\"https:\/\/pyrkon.pl\/#organization\"},\"potentialAction\":[{\"@type\":\"SearchAction\",\"target\":{\"@type\":\"EntryPoint\",\"urlTemplate\":\"https:\/\/pyrkon.pl\/?s={search_term_string}\"},\"query-input\":{\"@type\":\"PropertyValueSpecification\",\"valueRequired\":true,\"valueName\":\"search_term_string\"}}],\"inLanguage\":\"en-US\"},{\"@type\":\"Organization\",\"@id\":\"https:\/\/pyrkon.pl\/#organization\",\"name\":\"Pyrkon Fantastyczne Miejsce Spotka\u0144\",\"url\":\"https:\/\/pyrkon.pl\/\",\"logo\":{\"@type\":\"ImageObject\",\"inLanguage\":\"en-US\",\"@id\":\"https:\/\/pyrkon.pl\/#\/schema\/logo\/image\/\",\"url\":\"https:\/\/pyrkon.pl\/wp-content\/uploads\/2018\/02\/Festiwal_Fantastyki_Pyrkon_logo_Black_CMYK.jpg\",\"contentUrl\":\"https:\/\/pyrkon.pl\/wp-content\/uploads\/2018\/02\/Festiwal_Fantastyki_Pyrkon_logo_Black_CMYK.jpg\",\"width\":1300,\"height\":401,\"caption\":\"Pyrkon Fantastyczne Miejsce Spotka\u0144\"},\"image\":{\"@id\":\"https:\/\/pyrkon.pl\/#\/schema\/logo\/image\/\"},\"sameAs\":[\"https:\/\/www.facebook.com\/Pyrkon\",\"https:\/\/x.com\/pyrkon\",\"https:\/\/www.instagram.com\/pyrkon\/\",\"https:\/\/www.youtube.com\/user\/FestiwalPyrkon\"]},{\"@type\":\"Person\",\"@id\":\"https:\/\/pyrkon.pl\/#\/schema\/person\/999436f34a7acaa0dc536163f25244ab\",\"name\":\"Wojciech Wenclik\",\"image\":{\"@type\":\"ImageObject\",\"inLanguage\":\"en-US\",\"@id\":\"https:\/\/pyrkon.pl\/#\/schema\/person\/image\/\",\"url\":\"https:\/\/secure.gravatar.com\/avatar\/49efcb73bec87ac01042ee4be50e89344205590d2fce7198203b02a223c98789?s=96&d=mm&r=g\",\"contentUrl\":\"https:\/\/secure.gravatar.com\/avatar\/49efcb73bec87ac01042ee4be50e89344205590d2fce7198203b02a223c98789?s=96&d=mm&r=g\",\"caption\":\"Wojciech Wenclik\"},\"description\":\"Wieloletni MG i entuzjasta tradycyjnych RPG\u00f3w oraz literatury G.R.R. Martina i H.P.Lovecrafta. Zawsze powtarza, \u017ce wy\u015bpi si\u0119 dopiero w trumnie. Ci\u0119\u017cko stwierdzi\u0107, czy to za\u0142o\u017cenie, czy raczej smutna konkluzja poparta do\u015bwiadczeniem. Faktem jest jednak, \u017ce zwykle nie mo\u017ce usiedzie\u0107 za d\u0142ugo w miejscu i anga\u017cuje si\u0119 w zbyt wiele projekt\u00f3w kosztuj\u0105cych go punkty poczytalno\u015bci. Sytuacji nie poprawia r\u00f3wnie\u017c kibicowanie Pittsburgh Penguins, bo kto nie kocha mecz\u00f3w zaczynaj\u0105cych si\u0119 o 2 w nocy\u2026\",\"url\":\"https:\/\/pyrkon.pl\/en\/author\/wojciech_wenclik\/\"}]}<\/script>\n<!-- \/ Yoast SEO Premium plugin. -->","yoast_head_json":{"title":"Qualifiers for the 4th edition Pyrkon K-Pop Dance Cover Festival are starting! &#8902; Pyrkon Fantastyczne Miejsce Spotka\u0144","robots":{"index":"index","follow":"follow","max-snippet":"max-snippet:-1","max-image-preview":"max-image-preview:large","max-video-preview":"max-video-preview:-1"},"canonical":"https:\/\/pyrkon.pl\/en\/program-en\/qualifiers-for-the-pyrkon-k-pop-dance-cover-festival-are-starting\/","og_locale":"en_US","og_type":"article","og_title":"Qualifiers for the 4th edition Pyrkon K-Pop Dance Cover Festival are starting!","og_description":"Pyrkon K-Pop Dance Cover Festival is back! You&#8217;re invited to participate in the qualifiers for the dance competition, which will once again ignite the convention&#8217;s Fire Stage. It is a space for dance groups who want to present their skills, energy and stage presence while doing choreographies inspired by the K-Pop world.","og_url":"https:\/\/pyrkon.pl\/en\/program-en\/qualifiers-for-the-pyrkon-k-pop-dance-cover-festival-are-starting\/","og_site_name":"Pyrkon Fantastyczne Miejsce Spotka\u0144","article_publisher":"https:\/\/www.facebook.com\/Pyrkon","article_published_time":"2026-01-14T15:40:00+00:00","article_modified_time":"2026-01-15T12:29:03+00:00","og_image":[{"width":2048,"height":1152,"url":"https:\/\/pyrkon.pl\/wp-content\/uploads\/2026\/01\/D7C07246-scaled.jpg","type":"image\/jpeg"}],"author":"Wojciech Wenclik","twitter_card":"summary_large_image","twitter_creator":"@pyrkon","twitter_site":"@pyrkon","twitter_misc":{"Written by":"Wojciech Wenclik","Est. reading time":"4 minutes"},"schema":{"@context":"https:\/\/schema.org","@graph":[{"@type":"Article","@id":"https:\/\/pyrkon.pl\/en\/program-en\/qualifiers-for-the-pyrkon-k-pop-dance-cover-festival-are-starting\/#article","isPartOf":{"@id":"https:\/\/pyrkon.pl\/en\/program-en\/qualifiers-for-the-pyrkon-k-pop-dance-cover-festival-are-starting\/"},"author":{"name":"Wojciech Wenclik","@id":"https:\/\/pyrkon.pl\/#\/schema\/person\/999436f34a7acaa0dc536163f25244ab"},"headline":"Qualifiers for the 4th edition Pyrkon K-Pop Dance Cover Festival are starting!","datePublished":"2026-01-14T15:40:00+00:00","dateModified":"2026-01-15T12:29:03+00:00","mainEntityOfPage":{"@id":"https:\/\/pyrkon.pl\/en\/program-en\/qualifiers-for-the-pyrkon-k-pop-dance-cover-festival-are-starting\/"},"wordCount":503,"publisher":{"@id":"https:\/\/pyrkon.pl\/#organization"},"image":{"@id":"https:\/\/pyrkon.pl\/en\/program-en\/qualifiers-for-the-pyrkon-k-pop-dance-cover-festival-are-starting\/#primaryimage"},"thumbnailUrl":"https:\/\/pyrkon.pl\/wp-content\/uploads\/2026\/01\/D7C07246-scaled.jpg","keywords":["concerts","contests","k-pop","outdoor stage","program","pyrkon2026"],"articleSection":["Coraz bli\u017cej Pyrkon","Program"],"inLanguage":"en-US"},{"@type":"WebPage","@id":"https:\/\/pyrkon.pl\/en\/program-en\/qualifiers-for-the-pyrkon-k-pop-dance-cover-festival-are-starting\/","url":"https:\/\/pyrkon.pl\/en\/program-en\/qualifiers-for-the-pyrkon-k-pop-dance-cover-festival-are-starting\/","name":"Qualifiers for the 4th edition Pyrkon K-Pop Dance Cover Festival are starting! &#8902; Pyrkon Fantastyczne Miejsce Spotka\u0144","isPartOf":{"@id":"https:\/\/pyrkon.pl\/#website"},"primaryImageOfPage":{"@id":"https:\/\/pyrkon.pl\/en\/program-en\/qualifiers-for-the-pyrkon-k-pop-dance-cover-festival-are-starting\/#primaryimage"},"image":{"@id":"https:\/\/pyrkon.pl\/en\/program-en\/qualifiers-for-the-pyrkon-k-pop-dance-cover-festival-are-starting\/#primaryimage"},"thumbnailUrl":"https:\/\/pyrkon.pl\/wp-content\/uploads\/2026\/01\/D7C07246-scaled.jpg","datePublished":"2026-01-14T15:40:00+00:00","dateModified":"2026-01-15T12:29:03+00:00","breadcrumb":{"@id":"https:\/\/pyrkon.pl\/en\/program-en\/qualifiers-for-the-pyrkon-k-pop-dance-cover-festival-are-starting\/#breadcrumb"},"inLanguage":"en-US","potentialAction":[{"@type":"ReadAction","target":["https:\/\/pyrkon.pl\/en\/program-en\/qualifiers-for-the-pyrkon-k-pop-dance-cover-festival-are-starting\/"]}]},{"@type":"ImageObject","inLanguage":"en-US","@id":"https:\/\/pyrkon.pl\/en\/program-en\/qualifiers-for-the-pyrkon-k-pop-dance-cover-festival-are-starting\/#primaryimage","url":"https:\/\/pyrkon.pl\/wp-content\/uploads\/2026\/01\/D7C07246-scaled.jpg","contentUrl":"https:\/\/pyrkon.pl\/wp-content\/uploads\/2026\/01\/D7C07246-scaled.jpg","width":2048,"height":1152},{"@type":"BreadcrumbList","@id":"https:\/\/pyrkon.pl\/en\/program-en\/qualifiers-for-the-pyrkon-k-pop-dance-cover-festival-are-starting\/#breadcrumb","itemListElement":[{"@type":"ListItem","position":1,"name":"Strona g\u0142\u00f3wna","item":"https:\/\/pyrkon.pl\/en\/"},{"@type":"ListItem","position":2,"name":"Pop-kultura","item":"https:\/\/pyrkon.pl\/category\/pop-kultura\/"},{"@type":"ListItem","position":3,"name":"Qualifiers for the 4th edition Pyrkon K-Pop Dance Cover Festival are starting!"}]},{"@type":"WebSite","@id":"https:\/\/pyrkon.pl\/#website","url":"https:\/\/pyrkon.pl\/","name":"Pyrkon Fantastyczne Miejsce Spotka\u0144","description":"Festiwal Fantastyki","publisher":{"@id":"https:\/\/pyrkon.pl\/#organization"},"potentialAction":[{"@type":"SearchAction","target":{"@type":"EntryPoint","urlTemplate":"https:\/\/pyrkon.pl\/?s={search_term_string}"},"query-input":{"@type":"PropertyValueSpecification","valueRequired":true,"valueName":"search_term_string"}}],"inLanguage":"en-US"},{"@type":"Organization","@id":"https:\/\/pyrkon.pl\/#organization","name":"Pyrkon Fantastyczne Miejsce Spotka\u0144","url":"https:\/\/pyrkon.pl\/","logo":{"@type":"ImageObject","inLanguage":"en-US","@id":"https:\/\/pyrkon.pl\/#\/schema\/logo\/image\/","url":"https:\/\/pyrkon.pl\/wp-content\/uploads\/2018\/02\/Festiwal_Fantastyki_Pyrkon_logo_Black_CMYK.jpg","contentUrl":"https:\/\/pyrkon.pl\/wp-content\/uploads\/2018\/02\/Festiwal_Fantastyki_Pyrkon_logo_Black_CMYK.jpg","width":1300,"height":401,"caption":"Pyrkon Fantastyczne Miejsce Spotka\u0144"},"image":{"@id":"https:\/\/pyrkon.pl\/#\/schema\/logo\/image\/"},"sameAs":["https:\/\/www.facebook.com\/Pyrkon","https:\/\/x.com\/pyrkon","https:\/\/www.instagram.com\/pyrkon\/","https:\/\/www.youtube.com\/user\/FestiwalPyrkon"]},{"@type":"Person","@id":"https:\/\/pyrkon.pl\/#\/schema\/person\/999436f34a7acaa0dc536163f25244ab","name":"Wojciech Wenclik","image":{"@type":"ImageObject","inLanguage":"en-US","@id":"https:\/\/pyrkon.pl\/#\/schema\/person\/image\/","url":"https:\/\/secure.gravatar.com\/avatar\/49efcb73bec87ac01042ee4be50e89344205590d2fce7198203b02a223c98789?s=96&d=mm&r=g","contentUrl":"https:\/\/secure.gravatar.com\/avatar\/49efcb73bec87ac01042ee4be50e89344205590d2fce7198203b02a223c98789?s=96&d=mm&r=g","caption":"Wojciech Wenclik"},"description":"Wieloletni MG i entuzjasta tradycyjnych RPG\u00f3w oraz literatury G.R.R. Martina i H.P.Lovecrafta. Zawsze powtarza, \u017ce wy\u015bpi si\u0119 dopiero w trumnie. Ci\u0119\u017cko stwierdzi\u0107, czy to za\u0142o\u017cenie, czy raczej smutna konkluzja poparta do\u015bwiadczeniem. Faktem jest jednak, \u017ce zwykle nie mo\u017ce usiedzie\u0107 za d\u0142ugo w miejscu i anga\u017cuje si\u0119 w zbyt wiele projekt\u00f3w kosztuj\u0105cych go punkty poczytalno\u015bci. Sytuacji nie poprawia r\u00f3wnie\u017c kibicowanie Pittsburgh Penguins, bo kto nie kocha mecz\u00f3w zaczynaj\u0105cych si\u0119 o 2 w nocy\u2026","url":"https:\/\/pyrkon.pl\/en\/author\/wojciech_wenclik\/"}]}},"_links":{"self":[{"href":"https:\/\/pyrkon.pl\/en\/wp-json\/wp\/v2\/posts\/48934","targetHints":{"allow":["GET"]}}],"collection":[{"href":"https:\/\/pyrkon.pl\/en\/wp-json\/wp\/v2\/posts"}],"about":[{"href":"https:\/\/pyrkon.pl\/en\/wp-json\/wp\/v2\/types\/post"}],"author":[{"embeddable":true,"href":"https:\/\/pyrkon.pl\/en\/wp-json\/wp\/v2\/users\/11930"}],"replies":[{"embeddable":true,"href":"https:\/\/pyrkon.pl\/en\/wp-json\/wp\/v2\/comments?post=48934"}],"version-history":[{"count":4,"href":"https:\/\/pyrkon.pl\/en\/wp-json\/wp\/v2\/posts\/48934\/revisions"}],"predecessor-version":[{"id":49020,"href":"https:\/\/pyrkon.pl\/en\/wp-json\/wp\/v2\/posts\/48934\/revisions\/49020"}],"wp:featuredmedia":[{"embeddable":true,"href":"https:\/\/pyrkon.pl\/en\/wp-json\/wp\/v2\/media\/48964"}],"wp:attachment":[{"href":"https:\/\/pyrkon.pl\/en\/wp-json\/wp\/v2\/media?parent=48934"}],"wp:term":[{"taxonomy":"category","embeddable":true,"href":"https:\/\/pyrkon.pl\/en\/wp-json\/wp\/v2\/categories?post=48934"},{"taxonomy":"post_tag","embeddable":true,"href":"https:\/\/pyrkon.pl\/en\/wp-json\/wp\/v2\/tags?post=48934"},{"taxonomy":"pyr_topics","embeddable":true,"href":"https:\/\/pyrkon.pl\/en\/wp-json\/wp\/v2\/pyr_topics?post=48934"}],"curies":[{"name":"wp","href":"https:\/\/api.w.org\/{rel}","templated":true}]}}