{"id":50410,"date":"2026-02-27T17:41:43","date_gmt":"2026-02-27T16:41:43","guid":{"rendered":"https:\/\/pyrkon.pl\/?p=50410"},"modified":"2026-03-07T17:45:42","modified_gmt":"2026-03-07T16:45:42","slug":"radoslaw-dzodzo-drozdowicz-to-be-part-of-the-lego-fan-zone-once-again","status":"publish","type":"post","link":"https:\/\/pyrkon.pl\/en\/program-en\/radoslaw-dzodzo-drozdowicz-to-be-part-of-the-lego-fan-zone-once-again\/","title":{"rendered":"Rados\u0142aw &#8220;D\u017coD\u017co&#8221; Drozdowicz to be part of the LEGO Fan Zone once again!"},"content":{"rendered":"\n<p><strong>We have fantastic news for you. Not only will Rados\u0142aw &#8220;D\u017coD\u017co&#8221; Drozdowicz visit the LEGO Fan Zone again, but starting this year, he will also join the group of ambassadors of Pyrkon Fan Convention! Our Guest will appear in the land of LEGO with his booth, where he will let you in on many fascinating trivia about games and bricks. And this, of course, is just the beginning. You will also have the opportunity to test the titles you have played on older console models at his booth! This is the perfect opportunity to see how the artist&#8217;s two passions \u2013 LEGO bricks and computer games &#8211; combine.\u00a0<br><\/strong><\/p>\n\n\n\n<!--more-->\n\n\n\n<h2 class=\"wp-block-heading\" id=\"h-dzodzo-s-life-is-not-only-about-lego-bricks-though\">D\u017coD\u017co&#8217;s life is not only about LEGO bricks, though<br><\/h2>\n\n\n\n<div class=\"b-media-text b-media-text--left b-media-text--floating b-media-text--30\" id=\"b-media-text-block_e8b6c9acfb787d45fc6fb708cd70cbe3\">\n\t<figure class=\"b-media-text__medium b-media-text__medium--full\">\n\t\t<img loading=\"lazy\" decoding=\"async\" width=\"867\" height=\"1300\" src=\"https:\/\/pyrkon.pl\/wp-content\/uploads\/2026\/02\/Foto-pyrkon-Krystian-Chapelle-867x1300.jpg\" class=\"attachment-large size-large\" alt=\"\" srcset=\"https:\/\/pyrkon.pl\/wp-content\/uploads\/2026\/02\/Foto-pyrkon-Krystian-Chapelle-867x1300.jpg 867w, https:\/\/pyrkon.pl\/wp-content\/uploads\/2026\/02\/Foto-pyrkon-Krystian-Chapelle-200x300.jpg 200w, https:\/\/pyrkon.pl\/wp-content\/uploads\/2026\/02\/Foto-pyrkon-Krystian-Chapelle-768x1152.jpg 768w, https:\/\/pyrkon.pl\/wp-content\/uploads\/2026\/02\/Foto-pyrkon-Krystian-Chapelle-1024x1536.jpg 1024w, https:\/\/pyrkon.pl\/wp-content\/uploads\/2026\/02\/Foto-pyrkon-Krystian-Chapelle-scaled.jpg 1365w\" sizes=\"auto, (max-width: 867px) 100vw, 867px\" \/>\n\t\t\t<\/figure>\n\t\t\t<div class=\"b-media-text__copy\">\n\t\t\t<p><span style=\"font-weight: 400;\">Radek &#8220;D\u017coD\u017co&#8221; Drozdowicz is a man of many talents \u2013 he began his adventure with YT in 2012. At the beginning, his channel featured mainly films devoted to the Rubik&#8217;s Cube. This passion is still an important part of his life, in August 2023 he even took part in the Rubki&#8217;s Cube World Championship. It is also worth mentioning that he appeared in Mam Talent combining Rubki&#8217;s cube solving with his other interest, i.e. juggling. Currently, he cooperates with Patec, among others organizing his expeditions, including the entire project of conquering the Seven Summits.<\/span><\/p>\n<p><span style=\"font-weight: 400;\">\u00a0<\/span><\/p>\n<p><span style=\"font-weight: 400;\">Although speedcubing is still high on the list of his interests, in recent years, films related to LEGO bricks have appeared on his channel more and more often, and Radek himself once served as an ambassador for the Bricks &amp; Figs museum in Krakow.\u00a0<\/span><\/p>\n<p><span style=\"font-weight: 400;\"><br \/>\n<\/span><span style=\"font-weight: 400;\"> Radek describes himself as a hard-core collector \u2013 the artist not only collects all LEGO sets related to gaming, but also all games related to the LEGO brand! At Pyrkon you will be able to see a fragment of this impressive collection live, talk to D\u017coD\u017co about his passions and immerse yourself in the world of bricks and games together! This is a great opportunity to see for yourself how games from the LEGO universe have developed over 20 years.<\/span><\/p>\n\n\t\t<\/div>\n\t<\/div>\n","protected":false},"excerpt":{"rendered":"<p>We have fantastic news for you. Not only will Rados\u0142aw &#8220;D\u017coD\u017co&#8221; Drozdowicz visit the LEGO Fan Zone again, but starting this year, he will also join the group of ambassadors of Pyrkon Fan Convention! Our Guest will appear in the land of LEGO with his booth, where he will let you in on many fascinating [&hellip;]<\/p>\n","protected":false},"author":5950,"featured_media":50064,"comment_status":"closed","ping_status":"closed","sticky":false,"template":"","format":"standard","meta":{"_acf_changed":false,"footnotes":""},"categories":[14,8473],"tags":[59,9754,51,9933],"pyr_topics":[9653],"class_list":["post-50410","post","type-post","status-publish","format-standard","has-post-thumbnail","hentry","category-program-en","category-program-2","tag-guests","tag-lego-fan-zone","tag-program-events","tag-pyrkon2026-2","pyr_topics-lego-fans-zone"],"acf":[],"yoast_head":"<!-- This site is optimized with the Yoast SEO Premium plugin v25.9 (Yoast SEO v25.9) - https:\/\/yoast.com\/wordpress\/plugins\/seo\/ -->\n<title>Rados\u0142aw &quot;D\u017coD\u017co&quot; Drozdowicz to be part of the LEGO Fan Zone once again! &#8902; Pyrkon Fantastyczne Miejsce Spotka\u0144<\/title>\n<meta name=\"robots\" content=\"index, follow, max-snippet:-1, max-image-preview:large, max-video-preview:-1\" \/>\n<link rel=\"canonical\" href=\"https:\/\/pyrkon.pl\/en\/program-en\/radoslaw-dzodzo-drozdowicz-to-be-part-of-the-lego-fan-zone-once-again\/\" \/>\n<meta property=\"og:locale\" content=\"en_US\" \/>\n<meta property=\"og:type\" content=\"article\" \/>\n<meta property=\"og:title\" content=\"Rados\u0142aw &quot;D\u017coD\u017co&quot; Drozdowicz to be part of the LEGO Fan Zone once again!\" \/>\n<meta property=\"og:description\" content=\"We have fantastic news for you. Not only will Rados\u0142aw &#8220;D\u017coD\u017co&#8221; Drozdowicz visit the LEGO Fan Zone again, but starting this year, he will also join the group of ambassadors of Pyrkon Fan Convention! Our Guest will appear in the land of LEGO with his booth, where he will let you in on many fascinating [&hellip;]\" \/>\n<meta property=\"og:url\" content=\"https:\/\/pyrkon.pl\/en\/program-en\/radoslaw-dzodzo-drozdowicz-to-be-part-of-the-lego-fan-zone-once-again\/\" \/>\n<meta property=\"og:site_name\" content=\"Pyrkon Fantastyczne Miejsce Spotka\u0144\" \/>\n<meta property=\"article:publisher\" content=\"https:\/\/www.facebook.com\/Pyrkon\" \/>\n<meta property=\"article:published_time\" content=\"2026-02-27T16:41:43+00:00\" \/>\n<meta property=\"article:modified_time\" content=\"2026-03-07T16:45:42+00:00\" \/>\n<meta property=\"og:image\" content=\"https:\/\/pyrkon.pl\/wp-content\/uploads\/2026\/02\/DzoDzo-yoast.jpg\" \/>\n\t<meta property=\"og:image:width\" content=\"1200\" \/>\n\t<meta property=\"og:image:height\" content=\"630\" \/>\n\t<meta property=\"og:image:type\" content=\"image\/jpeg\" \/>\n<meta name=\"author\" content=\"Agnieszka Mr\u00f3z\" \/>\n<meta name=\"twitter:card\" content=\"summary_large_image\" \/>\n<meta name=\"twitter:creator\" content=\"@pyrkon\" \/>\n<meta name=\"twitter:site\" content=\"@pyrkon\" \/>\n<meta name=\"twitter:label1\" content=\"Written by\" \/>\n\t<meta name=\"twitter:data1\" content=\"Agnieszka Mr\u00f3z\" \/>\n\t<meta name=\"twitter:label2\" content=\"Est. reading time\" \/>\n\t<meta name=\"twitter:data2\" content=\"3 minutes\" \/>\n<script type=\"application\/ld+json\" class=\"yoast-schema-graph\">{\"@context\":\"https:\/\/schema.org\",\"@graph\":[{\"@type\":\"Article\",\"@id\":\"https:\/\/pyrkon.pl\/en\/program-en\/radoslaw-dzodzo-drozdowicz-to-be-part-of-the-lego-fan-zone-once-again\/#article\",\"isPartOf\":{\"@id\":\"https:\/\/pyrkon.pl\/en\/program-en\/radoslaw-dzodzo-drozdowicz-to-be-part-of-the-lego-fan-zone-once-again\/\"},\"author\":{\"name\":\"Agnieszka Mr\u00f3z\",\"@id\":\"https:\/\/pyrkon.pl\/#\/schema\/person\/ead0a2781ab7831bef65372ab2a72549\"},\"headline\":\"Rados\u0142aw &#8220;D\u017coD\u017co&#8221; Drozdowicz to be part of the LEGO Fan Zone once again!\",\"datePublished\":\"2026-02-27T16:41:43+00:00\",\"dateModified\":\"2026-03-07T16:45:42+00:00\",\"mainEntityOfPage\":{\"@id\":\"https:\/\/pyrkon.pl\/en\/program-en\/radoslaw-dzodzo-drozdowicz-to-be-part-of-the-lego-fan-zone-once-again\/\"},\"wordCount\":139,\"publisher\":{\"@id\":\"https:\/\/pyrkon.pl\/#organization\"},\"image\":{\"@id\":\"https:\/\/pyrkon.pl\/en\/program-en\/radoslaw-dzodzo-drozdowicz-to-be-part-of-the-lego-fan-zone-once-again\/#primaryimage\"},\"thumbnailUrl\":\"https:\/\/pyrkon.pl\/wp-content\/uploads\/2026\/02\/DzoDzo-yoast.jpg\",\"keywords\":[\"guests\",\"lego fan zone\",\"program events\",\"pyrkon2026\"],\"articleSection\":[\"Program\",\"program\"],\"inLanguage\":\"en-US\"},{\"@type\":\"WebPage\",\"@id\":\"https:\/\/pyrkon.pl\/en\/program-en\/radoslaw-dzodzo-drozdowicz-to-be-part-of-the-lego-fan-zone-once-again\/\",\"url\":\"https:\/\/pyrkon.pl\/en\/program-en\/radoslaw-dzodzo-drozdowicz-to-be-part-of-the-lego-fan-zone-once-again\/\",\"name\":\"Rados\u0142aw \\\"D\u017coD\u017co\\\" Drozdowicz to be part of the LEGO Fan Zone once again! &#8902; Pyrkon Fantastyczne Miejsce Spotka\u0144\",\"isPartOf\":{\"@id\":\"https:\/\/pyrkon.pl\/#website\"},\"primaryImageOfPage\":{\"@id\":\"https:\/\/pyrkon.pl\/en\/program-en\/radoslaw-dzodzo-drozdowicz-to-be-part-of-the-lego-fan-zone-once-again\/#primaryimage\"},\"image\":{\"@id\":\"https:\/\/pyrkon.pl\/en\/program-en\/radoslaw-dzodzo-drozdowicz-to-be-part-of-the-lego-fan-zone-once-again\/#primaryimage\"},\"thumbnailUrl\":\"https:\/\/pyrkon.pl\/wp-content\/uploads\/2026\/02\/DzoDzo-yoast.jpg\",\"datePublished\":\"2026-02-27T16:41:43+00:00\",\"dateModified\":\"2026-03-07T16:45:42+00:00\",\"breadcrumb\":{\"@id\":\"https:\/\/pyrkon.pl\/en\/program-en\/radoslaw-dzodzo-drozdowicz-to-be-part-of-the-lego-fan-zone-once-again\/#breadcrumb\"},\"inLanguage\":\"en-US\",\"potentialAction\":[{\"@type\":\"ReadAction\",\"target\":[\"https:\/\/pyrkon.pl\/en\/program-en\/radoslaw-dzodzo-drozdowicz-to-be-part-of-the-lego-fan-zone-once-again\/\"]}]},{\"@type\":\"ImageObject\",\"inLanguage\":\"en-US\",\"@id\":\"https:\/\/pyrkon.pl\/en\/program-en\/radoslaw-dzodzo-drozdowicz-to-be-part-of-the-lego-fan-zone-once-again\/#primaryimage\",\"url\":\"https:\/\/pyrkon.pl\/wp-content\/uploads\/2026\/02\/DzoDzo-yoast.jpg\",\"contentUrl\":\"https:\/\/pyrkon.pl\/wp-content\/uploads\/2026\/02\/DzoDzo-yoast.jpg\",\"width\":1200,\"height\":630},{\"@type\":\"BreadcrumbList\",\"@id\":\"https:\/\/pyrkon.pl\/en\/program-en\/radoslaw-dzodzo-drozdowicz-to-be-part-of-the-lego-fan-zone-once-again\/#breadcrumb\",\"itemListElement\":[{\"@type\":\"ListItem\",\"position\":1,\"name\":\"Strona g\u0142\u00f3wna\",\"item\":\"https:\/\/pyrkon.pl\/en\/\"},{\"@type\":\"ListItem\",\"position\":2,\"name\":\"Program\",\"item\":\"https:\/\/pyrkon.pl\/en\/category\/program-en\/\"},{\"@type\":\"ListItem\",\"position\":3,\"name\":\"Rados\u0142aw &#8222;D\u017coD\u017co&#8221; Drozdowicz to be part of the LEGO Fan Zone once again!\"}]},{\"@type\":\"WebSite\",\"@id\":\"https:\/\/pyrkon.pl\/#website\",\"url\":\"https:\/\/pyrkon.pl\/\",\"name\":\"Pyrkon Fantastyczne Miejsce Spotka\u0144\",\"description\":\"Festiwal Fantastyki\",\"publisher\":{\"@id\":\"https:\/\/pyrkon.pl\/#organization\"},\"potentialAction\":[{\"@type\":\"SearchAction\",\"target\":{\"@type\":\"EntryPoint\",\"urlTemplate\":\"https:\/\/pyrkon.pl\/?s={search_term_string}\"},\"query-input\":{\"@type\":\"PropertyValueSpecification\",\"valueRequired\":true,\"valueName\":\"search_term_string\"}}],\"inLanguage\":\"en-US\"},{\"@type\":\"Organization\",\"@id\":\"https:\/\/pyrkon.pl\/#organization\",\"name\":\"Pyrkon Fantastyczne Miejsce Spotka\u0144\",\"url\":\"https:\/\/pyrkon.pl\/\",\"logo\":{\"@type\":\"ImageObject\",\"inLanguage\":\"en-US\",\"@id\":\"https:\/\/pyrkon.pl\/#\/schema\/logo\/image\/\",\"url\":\"https:\/\/pyrkon.pl\/wp-content\/uploads\/2018\/02\/Festiwal_Fantastyki_Pyrkon_logo_Black_CMYK.jpg\",\"contentUrl\":\"https:\/\/pyrkon.pl\/wp-content\/uploads\/2018\/02\/Festiwal_Fantastyki_Pyrkon_logo_Black_CMYK.jpg\",\"width\":1300,\"height\":401,\"caption\":\"Pyrkon Fantastyczne Miejsce Spotka\u0144\"},\"image\":{\"@id\":\"https:\/\/pyrkon.pl\/#\/schema\/logo\/image\/\"},\"sameAs\":[\"https:\/\/www.facebook.com\/Pyrkon\",\"https:\/\/x.com\/pyrkon\",\"https:\/\/www.instagram.com\/pyrkon\/\",\"https:\/\/www.youtube.com\/user\/FestiwalPyrkon\"]},{\"@type\":\"Person\",\"@id\":\"https:\/\/pyrkon.pl\/#\/schema\/person\/ead0a2781ab7831bef65372ab2a72549\",\"name\":\"Agnieszka Mr\u00f3z\",\"image\":{\"@type\":\"ImageObject\",\"inLanguage\":\"en-US\",\"@id\":\"https:\/\/pyrkon.pl\/#\/schema\/person\/image\/\",\"url\":\"https:\/\/secure.gravatar.com\/avatar\/9a22eeb90012b42438000e11f6a84dd69f4691f6b04ecdbfe0cb6fad8e02d1ca?s=96&d=mm&r=g\",\"contentUrl\":\"https:\/\/secure.gravatar.com\/avatar\/9a22eeb90012b42438000e11f6a84dd69f4691f6b04ecdbfe0cb6fad8e02d1ca?s=96&d=mm&r=g\",\"caption\":\"Agnieszka Mr\u00f3z\"},\"description\":\"Osoba pogr\u0105\u017cona we w\u0142asnych my\u015blach, kt\u00f3r\u0105 tylko nieliczni potrafi\u0105 zrozumie\u0107. Kocha ksi\u0105\u017cki, mangi i anime. Czytanie rozbudzi\u0142o w niej mi\u0142o\u015b\u0107 do pisania. Bujna wyobra\u017ania i uwielbienie fantastyki doprowadzi\u0142y do tego, \u017ce chce zyska\u0107 moc kreowania nowych \u015bwiat\u00f3w, w kt\u00f3rych mo\u017cna spotka\u0107 ulubionych bohater\u00f3w.\",\"url\":\"https:\/\/pyrkon.pl\/en\/author\/agnieszka\/\"}]}<\/script>\n<!-- \/ Yoast SEO Premium plugin. -->","yoast_head_json":{"title":"Rados\u0142aw \"D\u017coD\u017co\" Drozdowicz to be part of the LEGO Fan Zone once again! &#8902; Pyrkon Fantastyczne Miejsce Spotka\u0144","robots":{"index":"index","follow":"follow","max-snippet":"max-snippet:-1","max-image-preview":"max-image-preview:large","max-video-preview":"max-video-preview:-1"},"canonical":"https:\/\/pyrkon.pl\/en\/program-en\/radoslaw-dzodzo-drozdowicz-to-be-part-of-the-lego-fan-zone-once-again\/","og_locale":"en_US","og_type":"article","og_title":"Rados\u0142aw \"D\u017coD\u017co\" Drozdowicz to be part of the LEGO Fan Zone once again!","og_description":"We have fantastic news for you. Not only will Rados\u0142aw &#8220;D\u017coD\u017co&#8221; Drozdowicz visit the LEGO Fan Zone again, but starting this year, he will also join the group of ambassadors of Pyrkon Fan Convention! Our Guest will appear in the land of LEGO with his booth, where he will let you in on many fascinating [&hellip;]","og_url":"https:\/\/pyrkon.pl\/en\/program-en\/radoslaw-dzodzo-drozdowicz-to-be-part-of-the-lego-fan-zone-once-again\/","og_site_name":"Pyrkon Fantastyczne Miejsce Spotka\u0144","article_publisher":"https:\/\/www.facebook.com\/Pyrkon","article_published_time":"2026-02-27T16:41:43+00:00","article_modified_time":"2026-03-07T16:45:42+00:00","og_image":[{"width":1200,"height":630,"url":"https:\/\/pyrkon.pl\/wp-content\/uploads\/2026\/02\/DzoDzo-yoast.jpg","type":"image\/jpeg"}],"author":"Agnieszka Mr\u00f3z","twitter_card":"summary_large_image","twitter_creator":"@pyrkon","twitter_site":"@pyrkon","twitter_misc":{"Written by":"Agnieszka Mr\u00f3z","Est. reading time":"3 minutes"},"schema":{"@context":"https:\/\/schema.org","@graph":[{"@type":"Article","@id":"https:\/\/pyrkon.pl\/en\/program-en\/radoslaw-dzodzo-drozdowicz-to-be-part-of-the-lego-fan-zone-once-again\/#article","isPartOf":{"@id":"https:\/\/pyrkon.pl\/en\/program-en\/radoslaw-dzodzo-drozdowicz-to-be-part-of-the-lego-fan-zone-once-again\/"},"author":{"name":"Agnieszka Mr\u00f3z","@id":"https:\/\/pyrkon.pl\/#\/schema\/person\/ead0a2781ab7831bef65372ab2a72549"},"headline":"Rados\u0142aw &#8220;D\u017coD\u017co&#8221; Drozdowicz to be part of the LEGO Fan Zone once again!","datePublished":"2026-02-27T16:41:43+00:00","dateModified":"2026-03-07T16:45:42+00:00","mainEntityOfPage":{"@id":"https:\/\/pyrkon.pl\/en\/program-en\/radoslaw-dzodzo-drozdowicz-to-be-part-of-the-lego-fan-zone-once-again\/"},"wordCount":139,"publisher":{"@id":"https:\/\/pyrkon.pl\/#organization"},"image":{"@id":"https:\/\/pyrkon.pl\/en\/program-en\/radoslaw-dzodzo-drozdowicz-to-be-part-of-the-lego-fan-zone-once-again\/#primaryimage"},"thumbnailUrl":"https:\/\/pyrkon.pl\/wp-content\/uploads\/2026\/02\/DzoDzo-yoast.jpg","keywords":["guests","lego fan zone","program events","pyrkon2026"],"articleSection":["Program","program"],"inLanguage":"en-US"},{"@type":"WebPage","@id":"https:\/\/pyrkon.pl\/en\/program-en\/radoslaw-dzodzo-drozdowicz-to-be-part-of-the-lego-fan-zone-once-again\/","url":"https:\/\/pyrkon.pl\/en\/program-en\/radoslaw-dzodzo-drozdowicz-to-be-part-of-the-lego-fan-zone-once-again\/","name":"Rados\u0142aw \"D\u017coD\u017co\" Drozdowicz to be part of the LEGO Fan Zone once again! &#8902; Pyrkon Fantastyczne Miejsce Spotka\u0144","isPartOf":{"@id":"https:\/\/pyrkon.pl\/#website"},"primaryImageOfPage":{"@id":"https:\/\/pyrkon.pl\/en\/program-en\/radoslaw-dzodzo-drozdowicz-to-be-part-of-the-lego-fan-zone-once-again\/#primaryimage"},"image":{"@id":"https:\/\/pyrkon.pl\/en\/program-en\/radoslaw-dzodzo-drozdowicz-to-be-part-of-the-lego-fan-zone-once-again\/#primaryimage"},"thumbnailUrl":"https:\/\/pyrkon.pl\/wp-content\/uploads\/2026\/02\/DzoDzo-yoast.jpg","datePublished":"2026-02-27T16:41:43+00:00","dateModified":"2026-03-07T16:45:42+00:00","breadcrumb":{"@id":"https:\/\/pyrkon.pl\/en\/program-en\/radoslaw-dzodzo-drozdowicz-to-be-part-of-the-lego-fan-zone-once-again\/#breadcrumb"},"inLanguage":"en-US","potentialAction":[{"@type":"ReadAction","target":["https:\/\/pyrkon.pl\/en\/program-en\/radoslaw-dzodzo-drozdowicz-to-be-part-of-the-lego-fan-zone-once-again\/"]}]},{"@type":"ImageObject","inLanguage":"en-US","@id":"https:\/\/pyrkon.pl\/en\/program-en\/radoslaw-dzodzo-drozdowicz-to-be-part-of-the-lego-fan-zone-once-again\/#primaryimage","url":"https:\/\/pyrkon.pl\/wp-content\/uploads\/2026\/02\/DzoDzo-yoast.jpg","contentUrl":"https:\/\/pyrkon.pl\/wp-content\/uploads\/2026\/02\/DzoDzo-yoast.jpg","width":1200,"height":630},{"@type":"BreadcrumbList","@id":"https:\/\/pyrkon.pl\/en\/program-en\/radoslaw-dzodzo-drozdowicz-to-be-part-of-the-lego-fan-zone-once-again\/#breadcrumb","itemListElement":[{"@type":"ListItem","position":1,"name":"Strona g\u0142\u00f3wna","item":"https:\/\/pyrkon.pl\/en\/"},{"@type":"ListItem","position":2,"name":"Program","item":"https:\/\/pyrkon.pl\/en\/category\/program-en\/"},{"@type":"ListItem","position":3,"name":"Rados\u0142aw &#8222;D\u017coD\u017co&#8221; Drozdowicz to be part of the LEGO Fan Zone once again!"}]},{"@type":"WebSite","@id":"https:\/\/pyrkon.pl\/#website","url":"https:\/\/pyrkon.pl\/","name":"Pyrkon Fantastyczne Miejsce Spotka\u0144","description":"Festiwal Fantastyki","publisher":{"@id":"https:\/\/pyrkon.pl\/#organization"},"potentialAction":[{"@type":"SearchAction","target":{"@type":"EntryPoint","urlTemplate":"https:\/\/pyrkon.pl\/?s={search_term_string}"},"query-input":{"@type":"PropertyValueSpecification","valueRequired":true,"valueName":"search_term_string"}}],"inLanguage":"en-US"},{"@type":"Organization","@id":"https:\/\/pyrkon.pl\/#organization","name":"Pyrkon Fantastyczne Miejsce Spotka\u0144","url":"https:\/\/pyrkon.pl\/","logo":{"@type":"ImageObject","inLanguage":"en-US","@id":"https:\/\/pyrkon.pl\/#\/schema\/logo\/image\/","url":"https:\/\/pyrkon.pl\/wp-content\/uploads\/2018\/02\/Festiwal_Fantastyki_Pyrkon_logo_Black_CMYK.jpg","contentUrl":"https:\/\/pyrkon.pl\/wp-content\/uploads\/2018\/02\/Festiwal_Fantastyki_Pyrkon_logo_Black_CMYK.jpg","width":1300,"height":401,"caption":"Pyrkon Fantastyczne Miejsce Spotka\u0144"},"image":{"@id":"https:\/\/pyrkon.pl\/#\/schema\/logo\/image\/"},"sameAs":["https:\/\/www.facebook.com\/Pyrkon","https:\/\/x.com\/pyrkon","https:\/\/www.instagram.com\/pyrkon\/","https:\/\/www.youtube.com\/user\/FestiwalPyrkon"]},{"@type":"Person","@id":"https:\/\/pyrkon.pl\/#\/schema\/person\/ead0a2781ab7831bef65372ab2a72549","name":"Agnieszka Mr\u00f3z","image":{"@type":"ImageObject","inLanguage":"en-US","@id":"https:\/\/pyrkon.pl\/#\/schema\/person\/image\/","url":"https:\/\/secure.gravatar.com\/avatar\/9a22eeb90012b42438000e11f6a84dd69f4691f6b04ecdbfe0cb6fad8e02d1ca?s=96&d=mm&r=g","contentUrl":"https:\/\/secure.gravatar.com\/avatar\/9a22eeb90012b42438000e11f6a84dd69f4691f6b04ecdbfe0cb6fad8e02d1ca?s=96&d=mm&r=g","caption":"Agnieszka Mr\u00f3z"},"description":"Osoba pogr\u0105\u017cona we w\u0142asnych my\u015blach, kt\u00f3r\u0105 tylko nieliczni potrafi\u0105 zrozumie\u0107. Kocha ksi\u0105\u017cki, mangi i anime. Czytanie rozbudzi\u0142o w niej mi\u0142o\u015b\u0107 do pisania. Bujna wyobra\u017ania i uwielbienie fantastyki doprowadzi\u0142y do tego, \u017ce chce zyska\u0107 moc kreowania nowych \u015bwiat\u00f3w, w kt\u00f3rych mo\u017cna spotka\u0107 ulubionych bohater\u00f3w.","url":"https:\/\/pyrkon.pl\/en\/author\/agnieszka\/"}]}},"_links":{"self":[{"href":"https:\/\/pyrkon.pl\/en\/wp-json\/wp\/v2\/posts\/50410","targetHints":{"allow":["GET"]}}],"collection":[{"href":"https:\/\/pyrkon.pl\/en\/wp-json\/wp\/v2\/posts"}],"about":[{"href":"https:\/\/pyrkon.pl\/en\/wp-json\/wp\/v2\/types\/post"}],"author":[{"embeddable":true,"href":"https:\/\/pyrkon.pl\/en\/wp-json\/wp\/v2\/users\/5950"}],"replies":[{"embeddable":true,"href":"https:\/\/pyrkon.pl\/en\/wp-json\/wp\/v2\/comments?post=50410"}],"version-history":[{"count":1,"href":"https:\/\/pyrkon.pl\/en\/wp-json\/wp\/v2\/posts\/50410\/revisions"}],"predecessor-version":[{"id":50413,"href":"https:\/\/pyrkon.pl\/en\/wp-json\/wp\/v2\/posts\/50410\/revisions\/50413"}],"wp:featuredmedia":[{"embeddable":true,"href":"https:\/\/pyrkon.pl\/en\/wp-json\/wp\/v2\/media\/50064"}],"wp:attachment":[{"href":"https:\/\/pyrkon.pl\/en\/wp-json\/wp\/v2\/media?parent=50410"}],"wp:term":[{"taxonomy":"category","embeddable":true,"href":"https:\/\/pyrkon.pl\/en\/wp-json\/wp\/v2\/categories?post=50410"},{"taxonomy":"post_tag","embeddable":true,"href":"https:\/\/pyrkon.pl\/en\/wp-json\/wp\/v2\/tags?post=50410"},{"taxonomy":"pyr_topics","embeddable":true,"href":"https:\/\/pyrkon.pl\/en\/wp-json\/wp\/v2\/pyr_topics?post=50410"}],"curies":[{"name":"wp","href":"https:\/\/api.w.org\/{rel}","templated":true}]}}