{"id":6079,"date":"2018-04-06T21:27:34","date_gmt":"2018-04-06T20:27:34","guid":{"rendered":"https:\/\/pyrkon.pl\/?p=6079"},"modified":"2018-04-06T21:27:59","modified_gmt":"2018-04-06T20:27:59","slug":"magdalena-kozak-joins-the-numerous-group-of-guests-of-the-literature-section","status":"publish","type":"post","link":"https:\/\/pyrkon.pl\/en\/program-en\/magdalena-kozak-joins-the-numerous-group-of-guests-of-the-literature-section\/","title":{"rendered":"Magdalena Kozak joins the numerous group of Guests of the Literature Section!"},"content":{"rendered":"<p><strong>The Literature Section does not cease in its efforts to make this year&#8217;s Pyrkon go down in history as exceptionally heavily packed. The proof of this is another person joining the group of Guests! This time, it was broadened by Magdalena Kozak, the author known from the trilogy &#8220;Vesper&#8221;, &#8220;Violet&#8221;, \u201cPaskuda\u201d (\u201cThe Freak\u201d) and \u201c\u0141zy Diab\u0142a\u201d (&#8220;Tears of the Devil&#8221;). Her books have received many nominations for the Janusz A. Zajdel\u2019s Polish Fandom Award. The Fantasy Fan Festival Pyrkon 2018 is an excellent opportunity for the writer&#8217;s fans to meet her and learn new stuff about her work!<\/strong><!--more--><\/p>\n<h2>What does Magdalena Kozak do on everyday basis?<img loading=\"lazy\" decoding=\"async\" class=\"alignleft size-medium wp-image-6076\" src=\"https:\/\/pyrkon.pl\/wp-content\/uploads\/2018\/04\/Magdalena-Kozak-Pyrkon-300x190.png\" alt=\"Magdalena Kozak, Pyrkon 2018, blok literacki\" width=\"300\" height=\"190\" srcset=\"https:\/\/pyrkon.pl\/wp-content\/uploads\/2018\/04\/Magdalena-Kozak-Pyrkon-300x190.png 300w, https:\/\/pyrkon.pl\/wp-content\/uploads\/2018\/04\/Magdalena-Kozak-Pyrkon-768x486.png 768w, https:\/\/pyrkon.pl\/wp-content\/uploads\/2018\/04\/Magdalena-Kozak-Pyrkon-30x19.png 30w, https:\/\/pyrkon.pl\/wp-content\/uploads\/2018\/04\/Magdalena-Kozak-Pyrkon.png 900w\" sizes=\"auto, (max-width: 300px) 100vw, 300px\" \/><\/h2>\n<p>The greatest of warriors among Polish fantasy writers. Tested in the heat of battle, at conventions and behind the keyboard. For a professional soldier and paramedic she looks quite innocent.<\/p>\n<p>Magda is a captain in the 2<sup>nd<\/sup> Paramedic Squad in Mi\u0144sk Mazowiecki. She participated in a mission in Afghanistan twice during the 7<sup>th<\/sup> and 9<sup>th<\/sup> deployment of the Polish Battalion; there she was wounded by rocket fire. Outside of her military duty she can be seen at ER or in the ambulance.<\/p>\n<h2>The most important literary achievements of this year&#8217;s Pyrkon\u2019s Guest.<\/h2>\n<p>Her literary debut was a novel called \u201cNighter\u201d, published in 2006 (in 2009 the band Closterkeller created a song of the same title inspired by the events described in the novel, which came out with a very intriguing music video). The books \u201cRenegade\u201d and \u201cNobody\u201d continue the story described in \u201cNighter\u201d (all 3 books have been nominated to Janusz A. Zajdel\u2019s\u00a0 Polish Fandom Awards in 2006, 2007 and 2008\u00a0 respectively). Her next novels are \u201cFiolet\u201d (\u201cViolet\u201d) from 2010, \u201cPaskuda\u201d (\u201cThe Freak\u201d) from 2012 and \u201c\u0141zy Diab\u0142a\u201d (\u201cTears of the Devil\u201d) from 2015. The last one has also been nominated for the aforementioned Award, as well as for the Jerzy \u017bu\u0142awski\u2019s Literary Award. Additionally, Magda is an author of various short stories, two of which \u2013 \u201cSznurki Przeznaczenia\u201d (\u201cStrings of Destiny\u201d, 2008) and \u201cStrasznie mi si\u0119 podobasz\u201d (\u201cYou\u2019re awfully attractive to me\u201d, 2011) were nominated to Zajdel\u2019s reward as well.<\/p>\n<p>In 2016, \u201cNocarz\u201d, \u201cRenegat\u201d and \u201cNikt\u201d were released on the english-speaking market as \u201cNighter\u201d, \u201cRenegade\u201d and \u201cNobody\u201d; the series also received a collective edition entitled\u00a0 \u201cVesper\u201d.<\/p>\n<p>&nbsp;<\/p>\n","protected":false},"excerpt":{"rendered":"<p>The Literature Section does not cease in its efforts to make this year&#8217;s Pyrkon go down in history as exceptionally heavily packed. The proof of this is another person joining the group of Guests! This time, it was broadened by Magdalena Kozak, the author known from the trilogy &#8220;Vesper&#8221;, &#8220;Violet&#8221;, \u201cPaskuda\u201d (\u201cThe Freak\u201d) and \u201c\u0141zy [&hellip;]<\/p>\n","protected":false},"author":4,"featured_media":6076,"comment_status":"open","ping_status":"open","sticky":false,"template":"","format":"standard","meta":{"_acf_changed":false,"footnotes":""},"categories":[14],"tags":[56,84],"pyr_topics":[],"class_list":["post-6079","post","type-post","status-publish","format-standard","has-post-thumbnail","hentry","category-program-en","tag-program-en","tag-pyrkon2018-en"],"acf":[],"yoast_head":"<!-- This site is optimized with the Yoast SEO Premium plugin v25.9 (Yoast SEO v25.9) - https:\/\/yoast.com\/wordpress\/plugins\/seo\/ -->\n<title>Magdalena Kozak joins the numerous group of Guests of the Literature Section! &#8902; Pyrkon Fantastyczne Miejsce Spotka\u0144<\/title>\n<meta name=\"description\" content=\"Great news for all fans of Magdalena Kozak! The writer will come to Pozna\u0144 in May as a Guest of the Pyrkon Fantasy Fan Festival on May 18-20! You can\u2019t miss it!\" \/>\n<meta name=\"robots\" content=\"index, follow, max-snippet:-1, max-image-preview:large, max-video-preview:-1\" \/>\n<link rel=\"canonical\" href=\"https:\/\/pyrkon.pl\/en\/program-en\/magdalena-kozak-joins-the-numerous-group-of-guests-of-the-literature-section\/\" \/>\n<meta property=\"og:locale\" content=\"en_US\" \/>\n<meta property=\"og:type\" content=\"article\" \/>\n<meta property=\"og:title\" content=\"Magdalena Kozak joins the numerous group of Guests of the Literature Section!\" \/>\n<meta property=\"og:description\" content=\"Great news for all fans of Magdalena Kozak! The writer will come to Pozna\u0144 in May as a Guest of the Pyrkon Fantasy Fan Festival on May 18-20! You can\u2019t miss it!\" \/>\n<meta property=\"og:url\" content=\"https:\/\/pyrkon.pl\/en\/program-en\/magdalena-kozak-joins-the-numerous-group-of-guests-of-the-literature-section\/\" \/>\n<meta property=\"og:site_name\" content=\"Pyrkon Fantastyczne Miejsce Spotka\u0144\" \/>\n<meta property=\"article:publisher\" content=\"https:\/\/www.facebook.com\/Pyrkon\" \/>\n<meta property=\"article:published_time\" content=\"2018-04-06T20:27:34+00:00\" \/>\n<meta property=\"article:modified_time\" content=\"2018-04-06T20:27:59+00:00\" \/>\n<meta property=\"og:image\" content=\"https:\/\/pyrkon.pl\/wp-content\/uploads\/2018\/04\/Magdalena-Kozak-Pyrkon-2018.png\" \/>\n\t<meta property=\"og:image:width\" content=\"1200\" \/>\n\t<meta property=\"og:image:height\" content=\"630\" \/>\n\t<meta property=\"og:image:type\" content=\"image\/png\" \/>\n<meta name=\"author\" content=\"Joanna Dziedzic\" \/>\n<meta name=\"twitter:card\" content=\"summary_large_image\" \/>\n<meta name=\"twitter:creator\" content=\"@pyrkon\" \/>\n<meta name=\"twitter:site\" content=\"@pyrkon\" \/>\n<meta name=\"twitter:label1\" content=\"Written by\" \/>\n\t<meta name=\"twitter:data1\" content=\"Joanna Dziedzic\" \/>\n\t<meta name=\"twitter:label2\" content=\"Est. reading time\" \/>\n\t<meta name=\"twitter:data2\" content=\"2 minutes\" \/>\n<script type=\"application\/ld+json\" class=\"yoast-schema-graph\">{\"@context\":\"https:\/\/schema.org\",\"@graph\":[{\"@type\":\"Article\",\"@id\":\"https:\/\/pyrkon.pl\/en\/program-en\/magdalena-kozak-joins-the-numerous-group-of-guests-of-the-literature-section\/#article\",\"isPartOf\":{\"@id\":\"https:\/\/pyrkon.pl\/en\/program-en\/magdalena-kozak-joins-the-numerous-group-of-guests-of-the-literature-section\/\"},\"author\":{\"name\":\"Joanna Dziedzic\",\"@id\":\"https:\/\/pyrkon.pl\/#\/schema\/person\/9452e0c3f9f8591ec6d12f4f6e2808e3\"},\"headline\":\"Magdalena Kozak joins the numerous group of Guests of the Literature Section!\",\"datePublished\":\"2018-04-06T20:27:34+00:00\",\"dateModified\":\"2018-04-06T20:27:59+00:00\",\"mainEntityOfPage\":{\"@id\":\"https:\/\/pyrkon.pl\/en\/program-en\/magdalena-kozak-joins-the-numerous-group-of-guests-of-the-literature-section\/\"},\"wordCount\":385,\"commentCount\":0,\"publisher\":{\"@id\":\"https:\/\/pyrkon.pl\/#organization\"},\"image\":{\"@id\":\"https:\/\/pyrkon.pl\/en\/program-en\/magdalena-kozak-joins-the-numerous-group-of-guests-of-the-literature-section\/#primaryimage\"},\"thumbnailUrl\":\"https:\/\/pyrkon.pl\/wp-content\/uploads\/2018\/04\/Magdalena-Kozak-Pyrkon.png\",\"keywords\":[\"program\",\"pyrkon2018\"],\"articleSection\":[\"Program\"],\"inLanguage\":\"en-US\"},{\"@type\":\"WebPage\",\"@id\":\"https:\/\/pyrkon.pl\/en\/program-en\/magdalena-kozak-joins-the-numerous-group-of-guests-of-the-literature-section\/\",\"url\":\"https:\/\/pyrkon.pl\/en\/program-en\/magdalena-kozak-joins-the-numerous-group-of-guests-of-the-literature-section\/\",\"name\":\"Magdalena Kozak joins the numerous group of Guests of the Literature Section! &#8902; Pyrkon Fantastyczne Miejsce Spotka\u0144\",\"isPartOf\":{\"@id\":\"https:\/\/pyrkon.pl\/#website\"},\"primaryImageOfPage\":{\"@id\":\"https:\/\/pyrkon.pl\/en\/program-en\/magdalena-kozak-joins-the-numerous-group-of-guests-of-the-literature-section\/#primaryimage\"},\"image\":{\"@id\":\"https:\/\/pyrkon.pl\/en\/program-en\/magdalena-kozak-joins-the-numerous-group-of-guests-of-the-literature-section\/#primaryimage\"},\"thumbnailUrl\":\"https:\/\/pyrkon.pl\/wp-content\/uploads\/2018\/04\/Magdalena-Kozak-Pyrkon.png\",\"datePublished\":\"2018-04-06T20:27:34+00:00\",\"dateModified\":\"2018-04-06T20:27:59+00:00\",\"description\":\"Great news for all fans of Magdalena Kozak! The writer will come to Pozna\u0144 in May as a Guest of the Pyrkon Fantasy Fan Festival on May 18-20! You can\u2019t miss it!\",\"breadcrumb\":{\"@id\":\"https:\/\/pyrkon.pl\/en\/program-en\/magdalena-kozak-joins-the-numerous-group-of-guests-of-the-literature-section\/#breadcrumb\"},\"inLanguage\":\"en-US\",\"potentialAction\":[{\"@type\":\"ReadAction\",\"target\":[\"https:\/\/pyrkon.pl\/en\/program-en\/magdalena-kozak-joins-the-numerous-group-of-guests-of-the-literature-section\/\"]}]},{\"@type\":\"ImageObject\",\"inLanguage\":\"en-US\",\"@id\":\"https:\/\/pyrkon.pl\/en\/program-en\/magdalena-kozak-joins-the-numerous-group-of-guests-of-the-literature-section\/#primaryimage\",\"url\":\"https:\/\/pyrkon.pl\/wp-content\/uploads\/2018\/04\/Magdalena-Kozak-Pyrkon.png\",\"contentUrl\":\"https:\/\/pyrkon.pl\/wp-content\/uploads\/2018\/04\/Magdalena-Kozak-Pyrkon.png\",\"width\":\"900\",\"height\":\"570\",\"caption\":\"Portret u\u015bmiechni\u0119tej kobiety z jasnymi w\u0142osami i niebieskimi oczami w odcieniach sepii, imituj\u0105cy stare zdj\u0119cie.\"},{\"@type\":\"BreadcrumbList\",\"@id\":\"https:\/\/pyrkon.pl\/en\/program-en\/magdalena-kozak-joins-the-numerous-group-of-guests-of-the-literature-section\/#breadcrumb\",\"itemListElement\":[{\"@type\":\"ListItem\",\"position\":1,\"name\":\"Strona g\u0142\u00f3wna\",\"item\":\"https:\/\/pyrkon.pl\/en\/\"},{\"@type\":\"ListItem\",\"position\":2,\"name\":\"Program\",\"item\":\"https:\/\/pyrkon.pl\/en\/category\/program-en\/\"},{\"@type\":\"ListItem\",\"position\":3,\"name\":\"Magdalena Kozak joins the numerous group of Guests of the Literature Section!\"}]},{\"@type\":\"WebSite\",\"@id\":\"https:\/\/pyrkon.pl\/#website\",\"url\":\"https:\/\/pyrkon.pl\/\",\"name\":\"Pyrkon Fantastyczne Miejsce Spotka\u0144\",\"description\":\"Festiwal Fantastyki\",\"publisher\":{\"@id\":\"https:\/\/pyrkon.pl\/#organization\"},\"potentialAction\":[{\"@type\":\"SearchAction\",\"target\":{\"@type\":\"EntryPoint\",\"urlTemplate\":\"https:\/\/pyrkon.pl\/?s={search_term_string}\"},\"query-input\":{\"@type\":\"PropertyValueSpecification\",\"valueRequired\":true,\"valueName\":\"search_term_string\"}}],\"inLanguage\":\"en-US\"},{\"@type\":\"Organization\",\"@id\":\"https:\/\/pyrkon.pl\/#organization\",\"name\":\"Pyrkon Fantastyczne Miejsce Spotka\u0144\",\"url\":\"https:\/\/pyrkon.pl\/\",\"logo\":{\"@type\":\"ImageObject\",\"inLanguage\":\"en-US\",\"@id\":\"https:\/\/pyrkon.pl\/#\/schema\/logo\/image\/\",\"url\":\"https:\/\/pyrkon.pl\/wp-content\/uploads\/2018\/02\/Festiwal_Fantastyki_Pyrkon_logo_Black_CMYK.jpg\",\"contentUrl\":\"https:\/\/pyrkon.pl\/wp-content\/uploads\/2018\/02\/Festiwal_Fantastyki_Pyrkon_logo_Black_CMYK.jpg\",\"width\":1300,\"height\":401,\"caption\":\"Pyrkon Fantastyczne Miejsce Spotka\u0144\"},\"image\":{\"@id\":\"https:\/\/pyrkon.pl\/#\/schema\/logo\/image\/\"},\"sameAs\":[\"https:\/\/www.facebook.com\/Pyrkon\",\"https:\/\/x.com\/pyrkon\",\"https:\/\/www.instagram.com\/pyrkon\/\",\"https:\/\/www.youtube.com\/user\/FestiwalPyrkon\"]},{\"@type\":\"Person\",\"@id\":\"https:\/\/pyrkon.pl\/#\/schema\/person\/9452e0c3f9f8591ec6d12f4f6e2808e3\",\"name\":\"Joanna Dziedzic\",\"image\":{\"@type\":\"ImageObject\",\"inLanguage\":\"en-US\",\"@id\":\"https:\/\/pyrkon.pl\/#\/schema\/person\/image\/\",\"url\":\"https:\/\/secure.gravatar.com\/avatar\/7325f469a5820f19492d1dcc4964b7f3cf5a62e17888a594f12747ad4c8bd81d?s=96&d=mm&r=g\",\"contentUrl\":\"https:\/\/secure.gravatar.com\/avatar\/7325f469a5820f19492d1dcc4964b7f3cf5a62e17888a594f12747ad4c8bd81d?s=96&d=mm&r=g\",\"caption\":\"Joanna Dziedzic\"},\"description\":\"Jako dziecko zagubi\u0142a si\u0119 w fantasy jak Alicja w Krainie Czar\u00f3w i niczym Obie\u017cy\u015bwiat postanowi\u0142a zwiedzi\u0107 wszystkie fantastyczne krainy. Kolekcjonuje ksi\u0105\u017cki jak Flash mandaty za pr\u0119dko\u015b\u0107. Optymistyczna jak K\u0142apouchy, energiczna jak Garfield z nut\u0105 gramatyki Yody. Nienawidzi zimna jak Anakin piasku, a paj\u0105ki kocha r\u00f3wnie mocno co Ron Wesley. \u017beby przeczyta\u0107 i obejrze\u0107 wszystko co jej si\u0119 marzy, musia\u0142aby \u017cy\u0107 tak d\u0142ugo, jak Legolas. Z tego powodu od wielu lat bezskutecznie pr\u00f3buje zosta\u0107 elfem. foto: Makove Love\",\"url\":\"https:\/\/pyrkon.pl\/en\/author\/joanna\/\"}]}<\/script>\n<!-- \/ Yoast SEO Premium plugin. -->","yoast_head_json":{"title":"Magdalena Kozak joins the numerous group of Guests of the Literature Section! &#8902; Pyrkon Fantastyczne Miejsce Spotka\u0144","description":"Great news for all fans of Magdalena Kozak! The writer will come to Pozna\u0144 in May as a Guest of the Pyrkon Fantasy Fan Festival on May 18-20! You can\u2019t miss it!","robots":{"index":"index","follow":"follow","max-snippet":"max-snippet:-1","max-image-preview":"max-image-preview:large","max-video-preview":"max-video-preview:-1"},"canonical":"https:\/\/pyrkon.pl\/en\/program-en\/magdalena-kozak-joins-the-numerous-group-of-guests-of-the-literature-section\/","og_locale":"en_US","og_type":"article","og_title":"Magdalena Kozak joins the numerous group of Guests of the Literature Section!","og_description":"Great news for all fans of Magdalena Kozak! The writer will come to Pozna\u0144 in May as a Guest of the Pyrkon Fantasy Fan Festival on May 18-20! You can\u2019t miss it!","og_url":"https:\/\/pyrkon.pl\/en\/program-en\/magdalena-kozak-joins-the-numerous-group-of-guests-of-the-literature-section\/","og_site_name":"Pyrkon Fantastyczne Miejsce Spotka\u0144","article_publisher":"https:\/\/www.facebook.com\/Pyrkon","article_published_time":"2018-04-06T20:27:34+00:00","article_modified_time":"2018-04-06T20:27:59+00:00","og_image":[{"width":1200,"height":630,"url":"https:\/\/pyrkon.pl\/wp-content\/uploads\/2018\/04\/Magdalena-Kozak-Pyrkon-2018.png","type":"image\/png"}],"author":"Joanna Dziedzic","twitter_card":"summary_large_image","twitter_creator":"@pyrkon","twitter_site":"@pyrkon","twitter_misc":{"Written by":"Joanna Dziedzic","Est. reading time":"2 minutes"},"schema":{"@context":"https:\/\/schema.org","@graph":[{"@type":"Article","@id":"https:\/\/pyrkon.pl\/en\/program-en\/magdalena-kozak-joins-the-numerous-group-of-guests-of-the-literature-section\/#article","isPartOf":{"@id":"https:\/\/pyrkon.pl\/en\/program-en\/magdalena-kozak-joins-the-numerous-group-of-guests-of-the-literature-section\/"},"author":{"name":"Joanna Dziedzic","@id":"https:\/\/pyrkon.pl\/#\/schema\/person\/9452e0c3f9f8591ec6d12f4f6e2808e3"},"headline":"Magdalena Kozak joins the numerous group of Guests of the Literature Section!","datePublished":"2018-04-06T20:27:34+00:00","dateModified":"2018-04-06T20:27:59+00:00","mainEntityOfPage":{"@id":"https:\/\/pyrkon.pl\/en\/program-en\/magdalena-kozak-joins-the-numerous-group-of-guests-of-the-literature-section\/"},"wordCount":385,"commentCount":0,"publisher":{"@id":"https:\/\/pyrkon.pl\/#organization"},"image":{"@id":"https:\/\/pyrkon.pl\/en\/program-en\/magdalena-kozak-joins-the-numerous-group-of-guests-of-the-literature-section\/#primaryimage"},"thumbnailUrl":"https:\/\/pyrkon.pl\/wp-content\/uploads\/2018\/04\/Magdalena-Kozak-Pyrkon.png","keywords":["program","pyrkon2018"],"articleSection":["Program"],"inLanguage":"en-US"},{"@type":"WebPage","@id":"https:\/\/pyrkon.pl\/en\/program-en\/magdalena-kozak-joins-the-numerous-group-of-guests-of-the-literature-section\/","url":"https:\/\/pyrkon.pl\/en\/program-en\/magdalena-kozak-joins-the-numerous-group-of-guests-of-the-literature-section\/","name":"Magdalena Kozak joins the numerous group of Guests of the Literature Section! &#8902; Pyrkon Fantastyczne Miejsce Spotka\u0144","isPartOf":{"@id":"https:\/\/pyrkon.pl\/#website"},"primaryImageOfPage":{"@id":"https:\/\/pyrkon.pl\/en\/program-en\/magdalena-kozak-joins-the-numerous-group-of-guests-of-the-literature-section\/#primaryimage"},"image":{"@id":"https:\/\/pyrkon.pl\/en\/program-en\/magdalena-kozak-joins-the-numerous-group-of-guests-of-the-literature-section\/#primaryimage"},"thumbnailUrl":"https:\/\/pyrkon.pl\/wp-content\/uploads\/2018\/04\/Magdalena-Kozak-Pyrkon.png","datePublished":"2018-04-06T20:27:34+00:00","dateModified":"2018-04-06T20:27:59+00:00","description":"Great news for all fans of Magdalena Kozak! The writer will come to Pozna\u0144 in May as a Guest of the Pyrkon Fantasy Fan Festival on May 18-20! You can\u2019t miss it!","breadcrumb":{"@id":"https:\/\/pyrkon.pl\/en\/program-en\/magdalena-kozak-joins-the-numerous-group-of-guests-of-the-literature-section\/#breadcrumb"},"inLanguage":"en-US","potentialAction":[{"@type":"ReadAction","target":["https:\/\/pyrkon.pl\/en\/program-en\/magdalena-kozak-joins-the-numerous-group-of-guests-of-the-literature-section\/"]}]},{"@type":"ImageObject","inLanguage":"en-US","@id":"https:\/\/pyrkon.pl\/en\/program-en\/magdalena-kozak-joins-the-numerous-group-of-guests-of-the-literature-section\/#primaryimage","url":"https:\/\/pyrkon.pl\/wp-content\/uploads\/2018\/04\/Magdalena-Kozak-Pyrkon.png","contentUrl":"https:\/\/pyrkon.pl\/wp-content\/uploads\/2018\/04\/Magdalena-Kozak-Pyrkon.png","width":"900","height":"570","caption":"Portret u\u015bmiechni\u0119tej kobiety z jasnymi w\u0142osami i niebieskimi oczami w odcieniach sepii, imituj\u0105cy stare zdj\u0119cie."},{"@type":"BreadcrumbList","@id":"https:\/\/pyrkon.pl\/en\/program-en\/magdalena-kozak-joins-the-numerous-group-of-guests-of-the-literature-section\/#breadcrumb","itemListElement":[{"@type":"ListItem","position":1,"name":"Strona g\u0142\u00f3wna","item":"https:\/\/pyrkon.pl\/en\/"},{"@type":"ListItem","position":2,"name":"Program","item":"https:\/\/pyrkon.pl\/en\/category\/program-en\/"},{"@type":"ListItem","position":3,"name":"Magdalena Kozak joins the numerous group of Guests of the Literature Section!"}]},{"@type":"WebSite","@id":"https:\/\/pyrkon.pl\/#website","url":"https:\/\/pyrkon.pl\/","name":"Pyrkon Fantastyczne Miejsce Spotka\u0144","description":"Festiwal Fantastyki","publisher":{"@id":"https:\/\/pyrkon.pl\/#organization"},"potentialAction":[{"@type":"SearchAction","target":{"@type":"EntryPoint","urlTemplate":"https:\/\/pyrkon.pl\/?s={search_term_string}"},"query-input":{"@type":"PropertyValueSpecification","valueRequired":true,"valueName":"search_term_string"}}],"inLanguage":"en-US"},{"@type":"Organization","@id":"https:\/\/pyrkon.pl\/#organization","name":"Pyrkon Fantastyczne Miejsce Spotka\u0144","url":"https:\/\/pyrkon.pl\/","logo":{"@type":"ImageObject","inLanguage":"en-US","@id":"https:\/\/pyrkon.pl\/#\/schema\/logo\/image\/","url":"https:\/\/pyrkon.pl\/wp-content\/uploads\/2018\/02\/Festiwal_Fantastyki_Pyrkon_logo_Black_CMYK.jpg","contentUrl":"https:\/\/pyrkon.pl\/wp-content\/uploads\/2018\/02\/Festiwal_Fantastyki_Pyrkon_logo_Black_CMYK.jpg","width":1300,"height":401,"caption":"Pyrkon Fantastyczne Miejsce Spotka\u0144"},"image":{"@id":"https:\/\/pyrkon.pl\/#\/schema\/logo\/image\/"},"sameAs":["https:\/\/www.facebook.com\/Pyrkon","https:\/\/x.com\/pyrkon","https:\/\/www.instagram.com\/pyrkon\/","https:\/\/www.youtube.com\/user\/FestiwalPyrkon"]},{"@type":"Person","@id":"https:\/\/pyrkon.pl\/#\/schema\/person\/9452e0c3f9f8591ec6d12f4f6e2808e3","name":"Joanna Dziedzic","image":{"@type":"ImageObject","inLanguage":"en-US","@id":"https:\/\/pyrkon.pl\/#\/schema\/person\/image\/","url":"https:\/\/secure.gravatar.com\/avatar\/7325f469a5820f19492d1dcc4964b7f3cf5a62e17888a594f12747ad4c8bd81d?s=96&d=mm&r=g","contentUrl":"https:\/\/secure.gravatar.com\/avatar\/7325f469a5820f19492d1dcc4964b7f3cf5a62e17888a594f12747ad4c8bd81d?s=96&d=mm&r=g","caption":"Joanna Dziedzic"},"description":"Jako dziecko zagubi\u0142a si\u0119 w fantasy jak Alicja w Krainie Czar\u00f3w i niczym Obie\u017cy\u015bwiat postanowi\u0142a zwiedzi\u0107 wszystkie fantastyczne krainy. Kolekcjonuje ksi\u0105\u017cki jak Flash mandaty za pr\u0119dko\u015b\u0107. Optymistyczna jak K\u0142apouchy, energiczna jak Garfield z nut\u0105 gramatyki Yody. Nienawidzi zimna jak Anakin piasku, a paj\u0105ki kocha r\u00f3wnie mocno co Ron Wesley. \u017beby przeczyta\u0107 i obejrze\u0107 wszystko co jej si\u0119 marzy, musia\u0142aby \u017cy\u0107 tak d\u0142ugo, jak Legolas. Z tego powodu od wielu lat bezskutecznie pr\u00f3buje zosta\u0107 elfem. foto: Makove Love","url":"https:\/\/pyrkon.pl\/en\/author\/joanna\/"}]}},"_links":{"self":[{"href":"https:\/\/pyrkon.pl\/en\/wp-json\/wp\/v2\/posts\/6079","targetHints":{"allow":["GET"]}}],"collection":[{"href":"https:\/\/pyrkon.pl\/en\/wp-json\/wp\/v2\/posts"}],"about":[{"href":"https:\/\/pyrkon.pl\/en\/wp-json\/wp\/v2\/types\/post"}],"author":[{"embeddable":true,"href":"https:\/\/pyrkon.pl\/en\/wp-json\/wp\/v2\/users\/4"}],"replies":[{"embeddable":true,"href":"https:\/\/pyrkon.pl\/en\/wp-json\/wp\/v2\/comments?post=6079"}],"version-history":[{"count":3,"href":"https:\/\/pyrkon.pl\/en\/wp-json\/wp\/v2\/posts\/6079\/revisions"}],"predecessor-version":[{"id":6082,"href":"https:\/\/pyrkon.pl\/en\/wp-json\/wp\/v2\/posts\/6079\/revisions\/6082"}],"wp:featuredmedia":[{"embeddable":true,"href":"https:\/\/pyrkon.pl\/en\/wp-json\/wp\/v2\/media\/6076"}],"wp:attachment":[{"href":"https:\/\/pyrkon.pl\/en\/wp-json\/wp\/v2\/media?parent=6079"}],"wp:term":[{"taxonomy":"category","embeddable":true,"href":"https:\/\/pyrkon.pl\/en\/wp-json\/wp\/v2\/categories?post=6079"},{"taxonomy":"post_tag","embeddable":true,"href":"https:\/\/pyrkon.pl\/en\/wp-json\/wp\/v2\/tags?post=6079"},{"taxonomy":"pyr_topics","embeddable":true,"href":"https:\/\/pyrkon.pl\/en\/wp-json\/wp\/v2\/pyr_topics?post=6079"}],"curies":[{"name":"wp","href":"https:\/\/api.w.org\/{rel}","templated":true}]}}