{"id":8990,"date":"2018-05-08T21:58:08","date_gmt":"2018-05-08T20:58:08","guid":{"rendered":"https:\/\/pyrkon.pl\/?p=8990"},"modified":"2018-05-08T21:58:08","modified_gmt":"2018-05-08T20:58:08","slug":"young-artists-lets-go-or-a-few-words-about-the-upcoming-artists-zone","status":"publish","type":"post","link":"https:\/\/pyrkon.pl\/en\/program-en\/young-artists-lets-go-or-a-few-words-about-the-upcoming-artists-zone\/","title":{"rendered":"Young artists, let\u2019s go! Or a few words about the Upcoming Artists Zone."},"content":{"rendered":"<p>At Pyrkon we appreciate creative ideas and we want to give a chance for all artist to show them. Therefore, we decided to create a zone, where young artists will be able to present themselves.<\/p>\n<p><!--more--><\/p>\n<p>While creating Pyrkon for you, we want to make sure that everyone feels that they have found themselves in a place where their fan energy will find the right place to give a vent. That is why we talk about many fascinating things in various program sections, we reward outstanding cosplayers, we find a place for fantastic encampments and, of course, for artists\u2019 work. You have to admit that promoting fantasy through art is great. And among the fans there are many brilliant artists. You can find their works in Fantasium Creatium, which is our exhibition section.<\/p>\n<h2>What youth is used to, age remembers<\/h2>\n<div id=\"attachment_7979\" style=\"width: 278px\" class=\"wp-caption alignright\"><img loading=\"lazy\" decoding=\"async\" aria-describedby=\"caption-attachment-7979\" class=\"wp-image-7979\" src=\"https:\/\/pyrkon.pl\/wp-content\/uploads\/2018\/04\/Aleksandra-Rostek-Detale-konwentowe-300x224.jpg\" alt=\"\" width=\"268\" height=\"200\" srcset=\"https:\/\/pyrkon.pl\/wp-content\/uploads\/2018\/04\/Aleksandra-Rostek-Detale-konwentowe-300x224.jpg 300w, https:\/\/pyrkon.pl\/wp-content\/uploads\/2018\/04\/Aleksandra-Rostek-Detale-konwentowe-768x574.jpg 768w, https:\/\/pyrkon.pl\/wp-content\/uploads\/2018\/04\/Aleksandra-Rostek-Detale-konwentowe-30x22.jpg 30w, https:\/\/pyrkon.pl\/wp-content\/uploads\/2018\/04\/Aleksandra-Rostek-Detale-konwentowe.jpg 886w\" sizes=\"auto, (max-width: 268px) 100vw, 268px\" \/><p id=\"caption-attachment-7979\" class=\"wp-caption-text\">Aleksandra Rostek<\/p><\/div>\n<p>Wait a moment\u2026 Every genius once made the first steps and created first works, right? We will not leave these novice artists to their fate! Especially for them, a completely new space has been created in the exhibition section! The Upcoming Artists Zone is a very unusual place where we will exhibit works of people who can feel the creativity but have not yet had the opportunity to show their work to a wider audience.<\/p>\n<h2>Set design, pokemons and cosplay, or art has no boundaries<\/h2>\n<div id=\"attachment_7975\" style=\"width: 210px\" class=\"wp-caption alignleft\"><img loading=\"lazy\" decoding=\"async\" aria-describedby=\"caption-attachment-7975\" class=\"wp-image-7975\" src=\"https:\/\/pyrkon.pl\/wp-content\/uploads\/2018\/04\/Kat-Z.Javorsky--242x300.jpg\" alt=\"\" width=\"200\" height=\"248\" srcset=\"https:\/\/pyrkon.pl\/wp-content\/uploads\/2018\/04\/Kat-Z.Javorsky--242x300.jpg 242w, https:\/\/pyrkon.pl\/wp-content\/uploads\/2018\/04\/Kat-Z.Javorsky--24x30.jpg 24w, https:\/\/pyrkon.pl\/wp-content\/uploads\/2018\/04\/Kat-Z.Javorsky-.jpg 720w\" sizes=\"auto, (max-width: 200px) 100vw, 200px\" \/><p id=\"caption-attachment-7975\" class=\"wp-caption-text\">Kat Z. Javorsky<\/p><\/div>\n<p>What can you find in this section? A huge variety of different things! The basic association with the word \u201cart\u201d is, of course painting, so the pictures will certainly present. And what do you say about paintings on wood? Interested? Please see works by Kat Z. Javorsky.<\/p>\n<p>There is only one step from painting to photography, so if you enjoy looking at the world through the lens like Aleksandra Rostek, you will surely find common topics for conversation.<\/p>\n<p>Do you prefer a written word and you think that you will not find anything interesting in the exhibitions? You are wrong! You will surely get some interest in the Eden initiative and their boards with text and graphics. We will not tell anything more, but it is something really great!<\/p>\n<div id=\"attachment_7977\" style=\"width: 210px\" class=\"wp-caption alignright\"><img loading=\"lazy\" decoding=\"async\" aria-describedby=\"caption-attachment-7977\" class=\"wp-image-7977\" src=\"https:\/\/pyrkon.pl\/wp-content\/uploads\/2018\/04\/thea-300x300.jpg\" alt=\"\" width=\"200\" height=\"200\" srcset=\"https:\/\/pyrkon.pl\/wp-content\/uploads\/2018\/04\/thea-300x300.jpg 300w, https:\/\/pyrkon.pl\/wp-content\/uploads\/2018\/04\/thea-150x150.jpg 150w, https:\/\/pyrkon.pl\/wp-content\/uploads\/2018\/04\/thea-768x769.jpg 768w, https:\/\/pyrkon.pl\/wp-content\/uploads\/2018\/04\/thea-30x30.jpg 30w, https:\/\/pyrkon.pl\/wp-content\/uploads\/2018\/04\/thea-50x50.jpg 50w, https:\/\/pyrkon.pl\/wp-content\/uploads\/2018\/04\/thea-75x75.jpg 75w, https:\/\/pyrkon.pl\/wp-content\/uploads\/2018\/04\/thea.jpg 958w\" sizes=\"auto, (max-width: 200px) 100vw, 200px\" \/><p id=\"caption-attachment-7977\" class=\"wp-caption-text\">Theia Cosplay<\/p><\/div>\n<p>Or maybe you prefer something more three-dimensional? You will certainly like paper models of Pok\u00e9mon by Patryk or a\u00a0 hand-made film set by Piotr Karol Grzesiak.<\/p>\n<p>And finally, what would a convention be without cosplay? If you think so, talk to Theia Cosplay. Perhaps you will be able to get to know some of the secrets of the art of cosplay and see for yourself how the elements of the outfit are created.<\/p>\n<p>You can read more about these amazing aspiring artists in the <a href=\"https:\/\/pyrkon.pl\/en\/fantasium-creatium\/\">FantasiumCreatium tab.<\/a><\/p>\n<h2>Conversation is the key to success<\/h2>\n<p>Something aroused your interest? Excellent! Do not forget to add exhibitions to your Pyrkon agenda. And once you reach Upcoming Artists Zone, please remember that all the artists you meet, organize their exhibition for the first time in their lives! They can be a little bit anxious, so if you have a moment between the lecture and buying shirts, go ahead, just to talk and encourage them to create more works. As some old proverb says, be a hero at your own convention and with help of a few warm words, help promote the creativity of the fans.<\/p>\n","protected":false},"excerpt":{"rendered":"<p>At Pyrkon we appreciate creative ideas and we want to give a chance for all artist to show them. Therefore, we decided to create a zone, where young artists will be able to present themselves.<\/p>\n","protected":false},"author":4,"featured_media":8984,"comment_status":"open","ping_status":"open","sticky":false,"template":"","format":"standard","meta":{"_acf_changed":false,"footnotes":""},"categories":[14],"tags":[56,84],"pyr_topics":[],"class_list":["post-8990","post","type-post","status-publish","format-standard","has-post-thumbnail","hentry","category-program-en","tag-program-en","tag-pyrkon2018-en"],"acf":[],"yoast_head":"<!-- This site is optimized with the Yoast SEO Premium plugin v25.9 (Yoast SEO v25.9) - https:\/\/yoast.com\/wordpress\/plugins\/seo\/ -->\n<title>Young artists, let\u2019s go! Or a few words about the Upcoming Artists Zone. &#8902; Pyrkon Fantastyczne Miejsce Spotka\u0144<\/title>\n<meta name=\"description\" content=\"At Pyrkon we appreciate creative ideas and we want to give a chance for all artist to show them. Therefore, we decided to create a zone, where young artists will be able to present themselves.\" \/>\n<meta name=\"robots\" content=\"index, follow, max-snippet:-1, max-image-preview:large, max-video-preview:-1\" \/>\n<link rel=\"canonical\" href=\"https:\/\/pyrkon.pl\/en\/program-en\/young-artists-lets-go-or-a-few-words-about-the-upcoming-artists-zone\/\" \/>\n<meta property=\"og:locale\" content=\"en_US\" \/>\n<meta property=\"og:type\" content=\"article\" \/>\n<meta property=\"og:title\" content=\"Young artists, let\u2019s go! Or a few words about the Upcoming Artists Zone.\" \/>\n<meta property=\"og:description\" content=\"At Pyrkon we appreciate creative ideas and we want to give a chance for all artist to show them. Therefore, we decided to create a zone, where young artists will be able to present themselves.\" \/>\n<meta property=\"og:url\" content=\"https:\/\/pyrkon.pl\/en\/program-en\/young-artists-lets-go-or-a-few-words-about-the-upcoming-artists-zone\/\" \/>\n<meta property=\"og:site_name\" content=\"Pyrkon Fantastyczne Miejsce Spotka\u0144\" \/>\n<meta property=\"article:publisher\" content=\"https:\/\/www.facebook.com\/Pyrkon\" \/>\n<meta property=\"article:published_time\" content=\"2018-05-08T20:58:08+00:00\" \/>\n<meta property=\"og:image\" content=\"https:\/\/pyrkon.pl\/wp-content\/uploads\/2018\/05\/p2018_kolaz_yoast.jpg\" \/>\n\t<meta property=\"og:image:width\" content=\"1200\" \/>\n\t<meta property=\"og:image:height\" content=\"630\" \/>\n\t<meta property=\"og:image:type\" content=\"image\/jpeg\" \/>\n<meta name=\"author\" content=\"Joanna Dziedzic\" \/>\n<meta name=\"twitter:card\" content=\"summary_large_image\" \/>\n<meta name=\"twitter:creator\" content=\"@pyrkon\" \/>\n<meta name=\"twitter:site\" content=\"@pyrkon\" \/>\n<meta name=\"twitter:label1\" content=\"Written by\" \/>\n\t<meta name=\"twitter:data1\" content=\"Joanna Dziedzic\" \/>\n\t<meta name=\"twitter:label2\" content=\"Est. reading time\" \/>\n\t<meta name=\"twitter:data2\" content=\"3 minutes\" \/>\n<script type=\"application\/ld+json\" class=\"yoast-schema-graph\">{\"@context\":\"https:\/\/schema.org\",\"@graph\":[{\"@type\":\"Article\",\"@id\":\"https:\/\/pyrkon.pl\/en\/program-en\/young-artists-lets-go-or-a-few-words-about-the-upcoming-artists-zone\/#article\",\"isPartOf\":{\"@id\":\"https:\/\/pyrkon.pl\/en\/program-en\/young-artists-lets-go-or-a-few-words-about-the-upcoming-artists-zone\/\"},\"author\":{\"name\":\"Joanna Dziedzic\",\"@id\":\"https:\/\/pyrkon.pl\/#\/schema\/person\/9452e0c3f9f8591ec6d12f4f6e2808e3\"},\"headline\":\"Young artists, let\u2019s go! Or a few words about the Upcoming Artists Zone.\",\"datePublished\":\"2018-05-08T20:58:08+00:00\",\"mainEntityOfPage\":{\"@id\":\"https:\/\/pyrkon.pl\/en\/program-en\/young-artists-lets-go-or-a-few-words-about-the-upcoming-artists-zone\/\"},\"wordCount\":586,\"commentCount\":0,\"publisher\":{\"@id\":\"https:\/\/pyrkon.pl\/#organization\"},\"image\":{\"@id\":\"https:\/\/pyrkon.pl\/en\/program-en\/young-artists-lets-go-or-a-few-words-about-the-upcoming-artists-zone\/#primaryimage\"},\"thumbnailUrl\":\"https:\/\/pyrkon.pl\/wp-content\/uploads\/2018\/05\/p2018_kolaz_www_1920x1080.jpg\",\"keywords\":[\"program\",\"pyrkon2018\"],\"articleSection\":[\"Program\"],\"inLanguage\":\"en-US\"},{\"@type\":\"WebPage\",\"@id\":\"https:\/\/pyrkon.pl\/en\/program-en\/young-artists-lets-go-or-a-few-words-about-the-upcoming-artists-zone\/\",\"url\":\"https:\/\/pyrkon.pl\/en\/program-en\/young-artists-lets-go-or-a-few-words-about-the-upcoming-artists-zone\/\",\"name\":\"Young artists, let\u2019s go! Or a few words about the Upcoming Artists Zone. &#8902; Pyrkon Fantastyczne Miejsce Spotka\u0144\",\"isPartOf\":{\"@id\":\"https:\/\/pyrkon.pl\/#website\"},\"primaryImageOfPage\":{\"@id\":\"https:\/\/pyrkon.pl\/en\/program-en\/young-artists-lets-go-or-a-few-words-about-the-upcoming-artists-zone\/#primaryimage\"},\"image\":{\"@id\":\"https:\/\/pyrkon.pl\/en\/program-en\/young-artists-lets-go-or-a-few-words-about-the-upcoming-artists-zone\/#primaryimage\"},\"thumbnailUrl\":\"https:\/\/pyrkon.pl\/wp-content\/uploads\/2018\/05\/p2018_kolaz_www_1920x1080.jpg\",\"datePublished\":\"2018-05-08T20:58:08+00:00\",\"description\":\"At Pyrkon we appreciate creative ideas and we want to give a chance for all artist to show them. Therefore, we decided to create a zone, where young artists will be able to present themselves.\",\"breadcrumb\":{\"@id\":\"https:\/\/pyrkon.pl\/en\/program-en\/young-artists-lets-go-or-a-few-words-about-the-upcoming-artists-zone\/#breadcrumb\"},\"inLanguage\":\"en-US\",\"potentialAction\":[{\"@type\":\"ReadAction\",\"target\":[\"https:\/\/pyrkon.pl\/en\/program-en\/young-artists-lets-go-or-a-few-words-about-the-upcoming-artists-zone\/\"]}]},{\"@type\":\"ImageObject\",\"inLanguage\":\"en-US\",\"@id\":\"https:\/\/pyrkon.pl\/en\/program-en\/young-artists-lets-go-or-a-few-words-about-the-upcoming-artists-zone\/#primaryimage\",\"url\":\"https:\/\/pyrkon.pl\/wp-content\/uploads\/2018\/05\/p2018_kolaz_www_1920x1080.jpg\",\"contentUrl\":\"https:\/\/pyrkon.pl\/wp-content\/uploads\/2018\/05\/p2018_kolaz_www_1920x1080.jpg\",\"width\":1300,\"height\":731,\"caption\":\"Kolorowy kola\u017c: portret kobiety w czerni i bieli, fotografia starej skrzyni z portretem, stos zabawek, osoba w kostiumie z lisiimi uszami fotografowana telefonem podczas pokazu na ulicy.\"},{\"@type\":\"BreadcrumbList\",\"@id\":\"https:\/\/pyrkon.pl\/en\/program-en\/young-artists-lets-go-or-a-few-words-about-the-upcoming-artists-zone\/#breadcrumb\",\"itemListElement\":[{\"@type\":\"ListItem\",\"position\":1,\"name\":\"Strona g\u0142\u00f3wna\",\"item\":\"https:\/\/pyrkon.pl\/en\/\"},{\"@type\":\"ListItem\",\"position\":2,\"name\":\"Program\",\"item\":\"https:\/\/pyrkon.pl\/en\/category\/program-en\/\"},{\"@type\":\"ListItem\",\"position\":3,\"name\":\"Young artists, let\u2019s go! Or a few words about the Upcoming Artists Zone.\"}]},{\"@type\":\"WebSite\",\"@id\":\"https:\/\/pyrkon.pl\/#website\",\"url\":\"https:\/\/pyrkon.pl\/\",\"name\":\"Pyrkon Fantastyczne Miejsce Spotka\u0144\",\"description\":\"Festiwal Fantastyki\",\"publisher\":{\"@id\":\"https:\/\/pyrkon.pl\/#organization\"},\"potentialAction\":[{\"@type\":\"SearchAction\",\"target\":{\"@type\":\"EntryPoint\",\"urlTemplate\":\"https:\/\/pyrkon.pl\/?s={search_term_string}\"},\"query-input\":{\"@type\":\"PropertyValueSpecification\",\"valueRequired\":true,\"valueName\":\"search_term_string\"}}],\"inLanguage\":\"en-US\"},{\"@type\":\"Organization\",\"@id\":\"https:\/\/pyrkon.pl\/#organization\",\"name\":\"Pyrkon Fantastyczne Miejsce Spotka\u0144\",\"url\":\"https:\/\/pyrkon.pl\/\",\"logo\":{\"@type\":\"ImageObject\",\"inLanguage\":\"en-US\",\"@id\":\"https:\/\/pyrkon.pl\/#\/schema\/logo\/image\/\",\"url\":\"https:\/\/pyrkon.pl\/wp-content\/uploads\/2018\/02\/Festiwal_Fantastyki_Pyrkon_logo_Black_CMYK.jpg\",\"contentUrl\":\"https:\/\/pyrkon.pl\/wp-content\/uploads\/2018\/02\/Festiwal_Fantastyki_Pyrkon_logo_Black_CMYK.jpg\",\"width\":1300,\"height\":401,\"caption\":\"Pyrkon Fantastyczne Miejsce Spotka\u0144\"},\"image\":{\"@id\":\"https:\/\/pyrkon.pl\/#\/schema\/logo\/image\/\"},\"sameAs\":[\"https:\/\/www.facebook.com\/Pyrkon\",\"https:\/\/x.com\/pyrkon\",\"https:\/\/www.instagram.com\/pyrkon\/\",\"https:\/\/www.youtube.com\/user\/FestiwalPyrkon\"]},{\"@type\":\"Person\",\"@id\":\"https:\/\/pyrkon.pl\/#\/schema\/person\/9452e0c3f9f8591ec6d12f4f6e2808e3\",\"name\":\"Joanna Dziedzic\",\"image\":{\"@type\":\"ImageObject\",\"inLanguage\":\"en-US\",\"@id\":\"https:\/\/pyrkon.pl\/#\/schema\/person\/image\/\",\"url\":\"https:\/\/secure.gravatar.com\/avatar\/7325f469a5820f19492d1dcc4964b7f3cf5a62e17888a594f12747ad4c8bd81d?s=96&d=mm&r=g\",\"contentUrl\":\"https:\/\/secure.gravatar.com\/avatar\/7325f469a5820f19492d1dcc4964b7f3cf5a62e17888a594f12747ad4c8bd81d?s=96&d=mm&r=g\",\"caption\":\"Joanna Dziedzic\"},\"description\":\"Jako dziecko zagubi\u0142a si\u0119 w fantasy jak Alicja w Krainie Czar\u00f3w i niczym Obie\u017cy\u015bwiat postanowi\u0142a zwiedzi\u0107 wszystkie fantastyczne krainy. Kolekcjonuje ksi\u0105\u017cki jak Flash mandaty za pr\u0119dko\u015b\u0107. Optymistyczna jak K\u0142apouchy, energiczna jak Garfield z nut\u0105 gramatyki Yody. Nienawidzi zimna jak Anakin piasku, a paj\u0105ki kocha r\u00f3wnie mocno co Ron Wesley. \u017beby przeczyta\u0107 i obejrze\u0107 wszystko co jej si\u0119 marzy, musia\u0142aby \u017cy\u0107 tak d\u0142ugo, jak Legolas. Z tego powodu od wielu lat bezskutecznie pr\u00f3buje zosta\u0107 elfem. foto: Makove Love\",\"url\":\"https:\/\/pyrkon.pl\/en\/author\/joanna\/\"}]}<\/script>\n<!-- \/ Yoast SEO Premium plugin. -->","yoast_head_json":{"title":"Young artists, let\u2019s go! Or a few words about the Upcoming Artists Zone. &#8902; Pyrkon Fantastyczne Miejsce Spotka\u0144","description":"At Pyrkon we appreciate creative ideas and we want to give a chance for all artist to show them. Therefore, we decided to create a zone, where young artists will be able to present themselves.","robots":{"index":"index","follow":"follow","max-snippet":"max-snippet:-1","max-image-preview":"max-image-preview:large","max-video-preview":"max-video-preview:-1"},"canonical":"https:\/\/pyrkon.pl\/en\/program-en\/young-artists-lets-go-or-a-few-words-about-the-upcoming-artists-zone\/","og_locale":"en_US","og_type":"article","og_title":"Young artists, let\u2019s go! Or a few words about the Upcoming Artists Zone.","og_description":"At Pyrkon we appreciate creative ideas and we want to give a chance for all artist to show them. Therefore, we decided to create a zone, where young artists will be able to present themselves.","og_url":"https:\/\/pyrkon.pl\/en\/program-en\/young-artists-lets-go-or-a-few-words-about-the-upcoming-artists-zone\/","og_site_name":"Pyrkon Fantastyczne Miejsce Spotka\u0144","article_publisher":"https:\/\/www.facebook.com\/Pyrkon","article_published_time":"2018-05-08T20:58:08+00:00","og_image":[{"width":1200,"height":630,"url":"https:\/\/pyrkon.pl\/wp-content\/uploads\/2018\/05\/p2018_kolaz_yoast.jpg","type":"image\/jpeg"}],"author":"Joanna Dziedzic","twitter_card":"summary_large_image","twitter_creator":"@pyrkon","twitter_site":"@pyrkon","twitter_misc":{"Written by":"Joanna Dziedzic","Est. reading time":"3 minutes"},"schema":{"@context":"https:\/\/schema.org","@graph":[{"@type":"Article","@id":"https:\/\/pyrkon.pl\/en\/program-en\/young-artists-lets-go-or-a-few-words-about-the-upcoming-artists-zone\/#article","isPartOf":{"@id":"https:\/\/pyrkon.pl\/en\/program-en\/young-artists-lets-go-or-a-few-words-about-the-upcoming-artists-zone\/"},"author":{"name":"Joanna Dziedzic","@id":"https:\/\/pyrkon.pl\/#\/schema\/person\/9452e0c3f9f8591ec6d12f4f6e2808e3"},"headline":"Young artists, let\u2019s go! Or a few words about the Upcoming Artists Zone.","datePublished":"2018-05-08T20:58:08+00:00","mainEntityOfPage":{"@id":"https:\/\/pyrkon.pl\/en\/program-en\/young-artists-lets-go-or-a-few-words-about-the-upcoming-artists-zone\/"},"wordCount":586,"commentCount":0,"publisher":{"@id":"https:\/\/pyrkon.pl\/#organization"},"image":{"@id":"https:\/\/pyrkon.pl\/en\/program-en\/young-artists-lets-go-or-a-few-words-about-the-upcoming-artists-zone\/#primaryimage"},"thumbnailUrl":"https:\/\/pyrkon.pl\/wp-content\/uploads\/2018\/05\/p2018_kolaz_www_1920x1080.jpg","keywords":["program","pyrkon2018"],"articleSection":["Program"],"inLanguage":"en-US"},{"@type":"WebPage","@id":"https:\/\/pyrkon.pl\/en\/program-en\/young-artists-lets-go-or-a-few-words-about-the-upcoming-artists-zone\/","url":"https:\/\/pyrkon.pl\/en\/program-en\/young-artists-lets-go-or-a-few-words-about-the-upcoming-artists-zone\/","name":"Young artists, let\u2019s go! Or a few words about the Upcoming Artists Zone. &#8902; Pyrkon Fantastyczne Miejsce Spotka\u0144","isPartOf":{"@id":"https:\/\/pyrkon.pl\/#website"},"primaryImageOfPage":{"@id":"https:\/\/pyrkon.pl\/en\/program-en\/young-artists-lets-go-or-a-few-words-about-the-upcoming-artists-zone\/#primaryimage"},"image":{"@id":"https:\/\/pyrkon.pl\/en\/program-en\/young-artists-lets-go-or-a-few-words-about-the-upcoming-artists-zone\/#primaryimage"},"thumbnailUrl":"https:\/\/pyrkon.pl\/wp-content\/uploads\/2018\/05\/p2018_kolaz_www_1920x1080.jpg","datePublished":"2018-05-08T20:58:08+00:00","description":"At Pyrkon we appreciate creative ideas and we want to give a chance for all artist to show them. Therefore, we decided to create a zone, where young artists will be able to present themselves.","breadcrumb":{"@id":"https:\/\/pyrkon.pl\/en\/program-en\/young-artists-lets-go-or-a-few-words-about-the-upcoming-artists-zone\/#breadcrumb"},"inLanguage":"en-US","potentialAction":[{"@type":"ReadAction","target":["https:\/\/pyrkon.pl\/en\/program-en\/young-artists-lets-go-or-a-few-words-about-the-upcoming-artists-zone\/"]}]},{"@type":"ImageObject","inLanguage":"en-US","@id":"https:\/\/pyrkon.pl\/en\/program-en\/young-artists-lets-go-or-a-few-words-about-the-upcoming-artists-zone\/#primaryimage","url":"https:\/\/pyrkon.pl\/wp-content\/uploads\/2018\/05\/p2018_kolaz_www_1920x1080.jpg","contentUrl":"https:\/\/pyrkon.pl\/wp-content\/uploads\/2018\/05\/p2018_kolaz_www_1920x1080.jpg","width":1300,"height":731,"caption":"Kolorowy kola\u017c: portret kobiety w czerni i bieli, fotografia starej skrzyni z portretem, stos zabawek, osoba w kostiumie z lisiimi uszami fotografowana telefonem podczas pokazu na ulicy."},{"@type":"BreadcrumbList","@id":"https:\/\/pyrkon.pl\/en\/program-en\/young-artists-lets-go-or-a-few-words-about-the-upcoming-artists-zone\/#breadcrumb","itemListElement":[{"@type":"ListItem","position":1,"name":"Strona g\u0142\u00f3wna","item":"https:\/\/pyrkon.pl\/en\/"},{"@type":"ListItem","position":2,"name":"Program","item":"https:\/\/pyrkon.pl\/en\/category\/program-en\/"},{"@type":"ListItem","position":3,"name":"Young artists, let\u2019s go! Or a few words about the Upcoming Artists Zone."}]},{"@type":"WebSite","@id":"https:\/\/pyrkon.pl\/#website","url":"https:\/\/pyrkon.pl\/","name":"Pyrkon Fantastyczne Miejsce Spotka\u0144","description":"Festiwal Fantastyki","publisher":{"@id":"https:\/\/pyrkon.pl\/#organization"},"potentialAction":[{"@type":"SearchAction","target":{"@type":"EntryPoint","urlTemplate":"https:\/\/pyrkon.pl\/?s={search_term_string}"},"query-input":{"@type":"PropertyValueSpecification","valueRequired":true,"valueName":"search_term_string"}}],"inLanguage":"en-US"},{"@type":"Organization","@id":"https:\/\/pyrkon.pl\/#organization","name":"Pyrkon Fantastyczne Miejsce Spotka\u0144","url":"https:\/\/pyrkon.pl\/","logo":{"@type":"ImageObject","inLanguage":"en-US","@id":"https:\/\/pyrkon.pl\/#\/schema\/logo\/image\/","url":"https:\/\/pyrkon.pl\/wp-content\/uploads\/2018\/02\/Festiwal_Fantastyki_Pyrkon_logo_Black_CMYK.jpg","contentUrl":"https:\/\/pyrkon.pl\/wp-content\/uploads\/2018\/02\/Festiwal_Fantastyki_Pyrkon_logo_Black_CMYK.jpg","width":1300,"height":401,"caption":"Pyrkon Fantastyczne Miejsce Spotka\u0144"},"image":{"@id":"https:\/\/pyrkon.pl\/#\/schema\/logo\/image\/"},"sameAs":["https:\/\/www.facebook.com\/Pyrkon","https:\/\/x.com\/pyrkon","https:\/\/www.instagram.com\/pyrkon\/","https:\/\/www.youtube.com\/user\/FestiwalPyrkon"]},{"@type":"Person","@id":"https:\/\/pyrkon.pl\/#\/schema\/person\/9452e0c3f9f8591ec6d12f4f6e2808e3","name":"Joanna Dziedzic","image":{"@type":"ImageObject","inLanguage":"en-US","@id":"https:\/\/pyrkon.pl\/#\/schema\/person\/image\/","url":"https:\/\/secure.gravatar.com\/avatar\/7325f469a5820f19492d1dcc4964b7f3cf5a62e17888a594f12747ad4c8bd81d?s=96&d=mm&r=g","contentUrl":"https:\/\/secure.gravatar.com\/avatar\/7325f469a5820f19492d1dcc4964b7f3cf5a62e17888a594f12747ad4c8bd81d?s=96&d=mm&r=g","caption":"Joanna Dziedzic"},"description":"Jako dziecko zagubi\u0142a si\u0119 w fantasy jak Alicja w Krainie Czar\u00f3w i niczym Obie\u017cy\u015bwiat postanowi\u0142a zwiedzi\u0107 wszystkie fantastyczne krainy. Kolekcjonuje ksi\u0105\u017cki jak Flash mandaty za pr\u0119dko\u015b\u0107. Optymistyczna jak K\u0142apouchy, energiczna jak Garfield z nut\u0105 gramatyki Yody. Nienawidzi zimna jak Anakin piasku, a paj\u0105ki kocha r\u00f3wnie mocno co Ron Wesley. \u017beby przeczyta\u0107 i obejrze\u0107 wszystko co jej si\u0119 marzy, musia\u0142aby \u017cy\u0107 tak d\u0142ugo, jak Legolas. Z tego powodu od wielu lat bezskutecznie pr\u00f3buje zosta\u0107 elfem. foto: Makove Love","url":"https:\/\/pyrkon.pl\/en\/author\/joanna\/"}]}},"_links":{"self":[{"href":"https:\/\/pyrkon.pl\/en\/wp-json\/wp\/v2\/posts\/8990","targetHints":{"allow":["GET"]}}],"collection":[{"href":"https:\/\/pyrkon.pl\/en\/wp-json\/wp\/v2\/posts"}],"about":[{"href":"https:\/\/pyrkon.pl\/en\/wp-json\/wp\/v2\/types\/post"}],"author":[{"embeddable":true,"href":"https:\/\/pyrkon.pl\/en\/wp-json\/wp\/v2\/users\/4"}],"replies":[{"embeddable":true,"href":"https:\/\/pyrkon.pl\/en\/wp-json\/wp\/v2\/comments?post=8990"}],"version-history":[{"count":2,"href":"https:\/\/pyrkon.pl\/en\/wp-json\/wp\/v2\/posts\/8990\/revisions"}],"predecessor-version":[{"id":8992,"href":"https:\/\/pyrkon.pl\/en\/wp-json\/wp\/v2\/posts\/8990\/revisions\/8992"}],"wp:featuredmedia":[{"embeddable":true,"href":"https:\/\/pyrkon.pl\/en\/wp-json\/wp\/v2\/media\/8984"}],"wp:attachment":[{"href":"https:\/\/pyrkon.pl\/en\/wp-json\/wp\/v2\/media?parent=8990"}],"wp:term":[{"taxonomy":"category","embeddable":true,"href":"https:\/\/pyrkon.pl\/en\/wp-json\/wp\/v2\/categories?post=8990"},{"taxonomy":"post_tag","embeddable":true,"href":"https:\/\/pyrkon.pl\/en\/wp-json\/wp\/v2\/tags?post=8990"},{"taxonomy":"pyr_topics","embeddable":true,"href":"https:\/\/pyrkon.pl\/en\/wp-json\/wp\/v2\/pyr_topics?post=8990"}],"curies":[{"name":"wp","href":"https:\/\/api.w.org\/{rel}","templated":true}]}}